{"id":181821,"date":"2026-01-01T14:26:07","date_gmt":"2026-01-01T14:26:07","guid":{"rendered":"https:\/\/www.europesays.com\/pl\/181821\/"},"modified":"2026-01-01T14:26:07","modified_gmt":"2026-01-01T14:26:07","slug":"pozar-mieszkania-w-krakowie-trwaja-dzialania-sluzb-lovekrakow-pl","status":"publish","type":"post","link":"https:\/\/www.europesays.com\/pl\/181821\/","title":{"rendered":"Po\u017car mieszkania w Krakowie. Trwaj\u0105 dzia\u0142ania s\u0142u\u017cb &#8211; LoveKrak\u00f3w.pl"},"content":{"rendered":"<ol>\n<li><a href=\"https:\/\/news.google.com\/rss\/articles\/CBMifEFVX3lxTE9sNW9aMTZvZjd2V1RpbFpVbnZUQTNpSXFlZnFyVkVqSTNaMy1uckJGbkZUcEJISTRKZnNfVDkzUzYxMndIYzJTbzZ1UEhqaE12bUhVVDRDZ0tROC1qellVSS1WRGVRQXVieHZaQ21JY25peE51bE9JcU9iM1A?oc=5\" target=\"_blank\" rel=\"nofollow noopener\">Po\u017car mieszkania w Krakowie. Trwaj\u0105 dzia\u0142ania s\u0142u\u017cb<\/a>&nbsp;&nbsp;LoveKrak\u00f3w.pl<\/li>\n<li><a href=\"https:\/\/news.google.com\/rss\/articles\/CBMihwJBVV95cUxQRUMxcEZVb2VGdmRNSHdJNlljS2xTcXJWMDdkcDhiZVJZOF9LdHZ0UHQwZ19SeXJMWlRsN1pTbUpaYWpLV3dxVTliUkZWVGZuYXYzckc4SUJDQmJtSGJDeEJuS3BLMEhGTGVVQTRxRzhJN3FPdG95cEJ4YXM0WkZvMlZmcWxHeDNGRHdvdWNIZ0VNSjRibzRZR29Bb1RpRkhTYXlGSFZYRG5XZmotNkI4UVZvNk5NM1FQcWg0VGhQYVdET05HSzNrSno2bXZUZUltX3YzZDB5dmlLQXVQYTg1TTIzd1B5cDlwMm9aUWxfV29LZG5iaTRRMkJfVUVBb3pWVFVoVVpwaw?oc=5\" target=\"_blank\" rel=\"nofollow noopener\">Po\u017car na osiedlu w Krakowie. Stra\u017cacy walczyli, by ogie\u0144 nie przeni\u00f3s\u0142 si\u0119 na inne mieszkania. Ucierpia\u0142a jedna osoba. Zgin\u0119\u0142y dwa koty<\/a>&nbsp;&nbsp;Dziennik Polski<\/li>\n<li><a href=\"https:\/\/news.google.com\/rss\/articles\/CBMiyAFBVV95cUxNWUNhMFd6RFg0ellmcGVjWnk3aWNGdDJGWnhaTGdiUFBSMlZKX1BWYU4yOFN0Rm85aVRORW0tUElUb1pXWnhVd2trbFdGdk1TdDNWWUU3SHBPUFd2ZXBjN1JqY0ZlUEFMdXh6VDg1QXZwOVRGSU5nTk1hSmVtYld6ZGYtbU53Z0pfREdDcjZCQ0JtT3ZDWDh1X1E5QndvSjlyeDRTTVVXVEU3M3ZyNGpIbk9zVlRYVzlGaXVDWmdhWkRCQnpKLWlIOQ?oc=5\" target=\"_blank\" rel=\"nofollow noopener\">Jedna osoba jest ranna, zgin\u0119\u0142y zwierz\u0119ta. Po\u017car w Nowy Rok w Krakowie<\/a>&nbsp;&nbsp;Onet<\/li>\n<li><a href=\"https:\/\/news.google.com\/rss\/articles\/CBMilAFBVV95cUxOTV9WZ2phVG11Qy1QMkxTYm1DQ3VBdU5HV2x6Q2ZvSWtSX2tBQXlTVUlnMzNEb2gxdG43cm9MVF96MGVwS3RrVUVKS25mdmI0aHdTWTFaTDBEa2FreUhJcXgxbVoydUVBMW9KbnE1N0NpSXEwa0RGLXR6WTl5bWQzQzlwTlA4OTdMQ09zOVFmN1c3S2x3?oc=5\" target=\"_blank\" rel=\"nofollow noopener\">Po\u017car w bloku na p\u00f3\u0142nocy Krakowa. Na miejscu dzia\u0142aj\u0105 s\u0142u\u017cby<\/a>&nbsp;&nbsp;Co w Krakowie<\/li>\n<li><a href=\"https:\/\/news.google.com\/rss\/articles\/CBMiiwFBVV95cUxOMEdxdXkwNmJJU1N2ZV9ZTUxfelotSXdmemhpSVpyeTFZemJ2RkU0ZEZMQ216akthM3VQTWhtbWpQbzI2eG1iSEVsVEpBUW9IOTdwa3ptNWg4OUxHUmN5M3RhVEdkNEJiZG92T3EwVU0xdWxoWDc0MXhhbXVPWVZDckVXbWhaRXZGS1NR?oc=5\" target=\"_blank\" rel=\"nofollow noopener\">Zgin\u0119\u0142y zwierz\u0119ta, jedna osoba ranna. Po\u017car przy ul. Opolskiej<\/a>&nbsp;&nbsp;Puls Krakowa<\/li>\n<\/ol>\n","protected":false},"excerpt":{"rendered":"Po\u017car mieszkania w Krakowie. Trwaj\u0105 dzia\u0142ania s\u0142u\u017cb&nbsp;&nbsp;LoveKrak\u00f3w.pl Po\u017car na osiedlu w Krakowie. Stra\u017cacy walczyli, by ogie\u0144 nie przeni\u00f3s\u0142&hellip;\n","protected":false},"author":2,"featured_media":181822,"comment_status":"","ping_status":"","sticky":false,"template":"","format":"standard","meta":{"footnotes":""},"categories":[12],"tags":[32,33,36,37,27,34,35,28,31,25,42,38,40,39,41,29,30,26],"class_list":{"0":"post-181821","1":"post","2":"type-post","3":"status-publish","4":"format-standard","5":"has-post-thumbnail","7":"category-polska","8":"tag-breaking-news","9":"tag-breakingnews","10":"tag-featured-news","11":"tag-featurednews","12":"tag-headlines","13":"tag-latest-news","14":"tag-latestnews","15":"tag-naglowki","16":"tag-najwazniejsze-artykuly","17":"tag-news","18":"tag-pl","19":"tag-poland","20":"tag-polish","21":"tag-polska","22":"tag-polski","23":"tag-top-stories","24":"tag-topstories","25":"tag-wiadomosci"},"share_on_mastodon":{"url":"https:\/\/pubeurope.com\/@pl\/115820310228764322","error":""},"_links":{"self":[{"href":"https:\/\/www.europesays.com\/pl\/wp-json\/wp\/v2\/posts\/181821","targetHints":{"allow":["GET"]}}],"collection":[{"href":"https:\/\/www.europesays.com\/pl\/wp-json\/wp\/v2\/posts"}],"about":[{"href":"https:\/\/www.europesays.com\/pl\/wp-json\/wp\/v2\/types\/post"}],"author":[{"embeddable":true,"href":"https:\/\/www.europesays.com\/pl\/wp-json\/wp\/v2\/users\/2"}],"replies":[{"embeddable":true,"href":"https:\/\/www.europesays.com\/pl\/wp-json\/wp\/v2\/comments?post=181821"}],"version-history":[{"count":0,"href":"https:\/\/www.europesays.com\/pl\/wp-json\/wp\/v2\/posts\/181821\/revisions"}],"wp:featuredmedia":[{"embeddable":true,"href":"https:\/\/www.europesays.com\/pl\/wp-json\/wp\/v2\/media\/181822"}],"wp:attachment":[{"href":"https:\/\/www.europesays.com\/pl\/wp-json\/wp\/v2\/media?parent=181821"}],"wp:term":[{"taxonomy":"category","embeddable":true,"href":"https:\/\/www.europesays.com\/pl\/wp-json\/wp\/v2\/categories?post=181821"},{"taxonomy":"post_tag","embeddable":true,"href":"https:\/\/www.europesays.com\/pl\/wp-json\/wp\/v2\/tags?post=181821"}],"curies":[{"name":"wp","href":"https:\/\/api.w.org\/{rel}","templated":true}]}}