{"id":181831,"date":"2026-01-01T14:33:08","date_gmt":"2026-01-01T14:33:08","guid":{"rendered":"https:\/\/www.europesays.com\/pl\/181831\/"},"modified":"2026-01-01T14:33:08","modified_gmt":"2026-01-01T14:33:08","slug":"mlody-mezczyzna-zatrzymany-na-okeciu-mial-zagluszarke-fal-radiowych","status":"publish","type":"post","link":"https:\/\/www.europesays.com\/pl\/181831\/","title":{"rendered":"M\u0142ody m\u0119\u017cczyzna zatrzymany na Ok\u0119ciu. Mia\u0142 zag\u0142uszark\u0119 fal radiowych"},"content":{"rendered":"<p class=\"ods-c-paragraph \">M\u0142ody Ukrainiec godzinami przesiadywa\u0142 w kawiarni na Ok\u0119ciu z roz\u0142o\u017conym laptopem, czym wzbudzi\u0142 podejrzenia ochrony lotniska. Jak si\u0119 okaza\u0142o po zatrzymaniu, 23-latek mia\u0142 ze sob\u0105 zag\u0142uszark\u0119 fal radiowych. &#8222;Rzeczpospolita&#8221; pisze, \u017ce urz\u0105dzenie dzia\u0142a\u0142o &#8222;w pasmach cz\u0119stotliwo\u015bci zarezerwowanych dla \u0142\u0105czno\u015bci i nawigacji lotniczej&#8221;.<\/p>\n<p>Dalszy ci\u0105g artyku\u0142u pod materia\u0142em wideo<\/p>\n<p> Dlaczego Illia S. zosta\u0142 zatrzymany? <\/p>\n<p> Co mia\u0142 przy sobie zatrzymany m\u0119\u017cczyzna? <\/p>\n<p> Jakie zarzuty postawiono Ukrainiecowi? <\/p>\n<p> Gdzie mieszka\u0142 Illia S.? <\/p>\n<p>  M\u0142ody m\u0119\u017cczyzna zatrzymany na Ok\u0119ciu. Mia\u0142 zag\u0142uszark\u0119 fal radiowych<\/p>\n<p class=\"ods-c-paragraph \">Illia S. zosta\u0142 zatrzymany w drugi dzie\u0144 \u015awi\u0105t Bo\u017cego Narodzenia. \u015aledztwo w sprawie 23-latka wszcz\u0119\u0142a Prokuratura Rejonowa Warszawa-Ochota. Ukrainiec us\u0142ysza\u0142 zarzut dotycz\u0105cy dzia\u0142a\u0144 zagra\u017caj\u0105cych bezpiecze\u0144stwu ruchu lotniczego. Teraz specjali\u015bci sprawdz\u0105, jak zaawansowana by\u0142a zag\u0142uszarka, kt\u00f3r\u0105 dysponowa\u0142.<\/p>\n<p class=\"ods-c-paragraph \">Nast\u0119pnego dnia s\u0105d zdecydowa\u0142 o tymczasowym aresztowaniu m\u0119\u017cczyzny.<\/p>\n<p class=\"ods-c-paragraph \">Dziennik wskazuje, \u017ce Ukrainiec nie potrafi\u0142 wyt\u0142umaczy\u0107 swojego zachowania po zatrzymaniu. Twierdzi\u0142, \u017ce mieszka w Kanadzie, nie poda\u0142 jednak, dlaczego znalaz\u0142 si\u0119 w Polsce. Raz m\u00f3wi\u0142, \u017ce jest \u017co\u0142nierzem, innym razem, \u017ce biznesmenem \u2014 relacjonuje &#8222;Rz&#8221;.<\/p>\n","protected":false},"excerpt":{"rendered":"M\u0142ody Ukrainiec godzinami przesiadywa\u0142 w kawiarni na Ok\u0119ciu z roz\u0142o\u017conym laptopem, czym wzbudzi\u0142 podejrzenia ochrony lotniska. Jak si\u0119&hellip;\n","protected":false},"author":2,"featured_media":155715,"comment_status":"","ping_status":"","sticky":false,"template":"","format":"standard","meta":{"footnotes":""},"categories":[12],"tags":[32,33,36,37,27,49,34,35,14857,28,31,48,25,46,42,38,40,39,41,1627,2683,47,842,29,30,415,26],"class_list":{"0":"post-181831","1":"post","2":"type-post","3":"status-publish","4":"format-standard","5":"has-post-thumbnail","7":"category-polska","8":"tag-breaking-news","9":"tag-breakingnews","10":"tag-featured-news","11":"tag-featurednews","12":"tag-headlines","13":"tag-kraj","14":"tag-latest-news","15":"tag-latestnews","16":"tag-lotnisko_okecie","17":"tag-naglowki","18":"tag-najwazniejsze-artykuly","19":"tag-nat_styl","20":"tag-news","21":"tag-omp","22":"tag-pl","23":"tag-poland","24":"tag-polish","25":"tag-polska","26":"tag-polski","27":"tag-prokuratura","28":"tag-samoloty_lotnictwo_ruch_lotniczy","29":"tag-screening_general","30":"tag-szpiedzy_sluzby_wywiadowcze","31":"tag-top-stories","32":"tag-topstories","33":"tag-ukraina","34":"tag-wiadomosci"},"share_on_mastodon":{"url":"https:\/\/pubeurope.com\/@pl\/115820337739068049","error":""},"_links":{"self":[{"href":"https:\/\/www.europesays.com\/pl\/wp-json\/wp\/v2\/posts\/181831","targetHints":{"allow":["GET"]}}],"collection":[{"href":"https:\/\/www.europesays.com\/pl\/wp-json\/wp\/v2\/posts"}],"about":[{"href":"https:\/\/www.europesays.com\/pl\/wp-json\/wp\/v2\/types\/post"}],"author":[{"embeddable":true,"href":"https:\/\/www.europesays.com\/pl\/wp-json\/wp\/v2\/users\/2"}],"replies":[{"embeddable":true,"href":"https:\/\/www.europesays.com\/pl\/wp-json\/wp\/v2\/comments?post=181831"}],"version-history":[{"count":0,"href":"https:\/\/www.europesays.com\/pl\/wp-json\/wp\/v2\/posts\/181831\/revisions"}],"wp:featuredmedia":[{"embeddable":true,"href":"https:\/\/www.europesays.com\/pl\/wp-json\/wp\/v2\/media\/155715"}],"wp:attachment":[{"href":"https:\/\/www.europesays.com\/pl\/wp-json\/wp\/v2\/media?parent=181831"}],"wp:term":[{"taxonomy":"category","embeddable":true,"href":"https:\/\/www.europesays.com\/pl\/wp-json\/wp\/v2\/categories?post=181831"},{"taxonomy":"post_tag","embeddable":true,"href":"https:\/\/www.europesays.com\/pl\/wp-json\/wp\/v2\/tags?post=181831"}],"curies":[{"name":"wp","href":"https:\/\/api.w.org\/{rel}","templated":true}]}}