{"id":181873,"date":"2026-01-01T15:22:08","date_gmt":"2026-01-01T15:22:08","guid":{"rendered":"https:\/\/www.europesays.com\/pl\/181873\/"},"modified":"2026-01-01T15:22:08","modified_gmt":"2026-01-01T15:22:08","slug":"mlody-mezczyzna-zatrzymany-na-okeciu-mial-zagluszarke-fal-radiowych-onet","status":"publish","type":"post","link":"https:\/\/www.europesays.com\/pl\/181873\/","title":{"rendered":"M\u0142ody m\u0119\u017cczyzna zatrzymany na Ok\u0119ciu. Mia\u0142 zag\u0142uszark\u0119 fal radiowych &#8211; Onet"},"content":{"rendered":"<ol>\n<li><a href=\"https:\/\/news.google.com\/rss\/articles\/CBMiygFBVV95cUxOS0NyYkg1OTB1TTRFVFVtTG0ySnBPRDYxNmdOVGYzQldPdmxaWTdRcElLb1J5Y2x2MHpFWlFteGJYMHR2Tk1yRURJV0czUWVGbHY2aFZmTjN0clJEWkJwVGpiRUdsd3F1eE9IYlhYRlBWSnUxLVU5TDR4dzNMQzk0UHRWb1lIOU9KUEl2X3JDX3B0emtPLWZxOHNRZkU2Tk94NGNUYUQyLWlJWkR4QXBwN1R2VWhzVHhxbzV0bkdfX0VYQVdIa3lBb2N3?oc=5\" target=\"_blank\" rel=\"nofollow noopener\">M\u0142ody m\u0119\u017cczyzna zatrzymany na Ok\u0119ciu. Mia\u0142 zag\u0142uszark\u0119 fal radiowych<\/a>&nbsp;&nbsp;Onet<\/li>\n<li><a href=\"https:\/\/news.google.com\/rss\/articles\/CBMi2wFBVV95cUxNaG9DeE9XdkRpREdPekRWUGFUNDE2OUtUSWtlX3ZrYllldFlETXJJaXFpLTVaQXNCVW11RmxadENmSGM0V0VYZFhFYnpnYU92M3RZS0l1Nk83Wm9yTjJIWVR5dmtCMkhDTjkxSWktTGJVT3NpbHI3MFpBLXc2N09FVTJLbjFjU0t5MUJqV3VvR2RpSEtwcm5IVDlZSXlnMk5FTVB1cXVHSlZRX0d6bHFvZHBPV1dRYklIMGJGX0lFenk2bkFPd0V5MERsZE5ickkxZkQwTE5lTmxSR0k?oc=5\" target=\"_blank\" rel=\"nofollow noopener\">Po co m\u0142ody Ukrainiec przesiadywa\u0142 w hali lotniska Ok\u0119cie ze sprz\u0119tem zag\u0142uszaj\u0105cym?<\/a>&nbsp;&nbsp;Rzeczpospolita<\/li>\n<li><a href=\"https:\/\/news.google.com\/rss\/articles\/CBMiwAFBVV95cUxOVU5MNF8yVktINGo2MXpQd0g3bFRoeU5Nb1BfOEdDSGQzZ3FrR3I1TWd1SFY2djNlX2hZSW50blZBS3hDX19JNzl3ZFhKZ1FiNUx2alVRUXpSWGVDTk85aFdEcGlKN0ZiQXFNWXI4QUZISXRzNDJCWjQ4ZE1sODNVZ2xGa0h6d3BkVHQxbGpHZHpXMnlXdDd4VjlOa3lQRzBYWW0ya21BVDVVZ2xVTjJjVTNfRWxZSWw3Zi0yRGFIVkE?oc=5\" target=\"_blank\" rel=\"nofollow noopener\">&#8222;Rz&#8221;: Ukrainiec zatrzymany na Ok\u0119ciu. Mia\u0142 zag\u0142uszark\u0119 fal radiowych<\/a>&nbsp;&nbsp;Gazeta<\/li>\n<li><a href=\"https:\/\/news.google.com\/rss\/articles\/CBMikAFBVV95cUxNaEpDbWVqYzQxUWwwTWxyQk93eDhOV0dGOEs1VGlHV2Y5VUZ5bnpjaG5nV2M2R090V0ZvN21oQUJEOEh2RzY5S2RVcUU1U1Y4VEdlSEdJUDltbVZGN1k5emFTZnc1cl8zbkl5a19UWm9yNk1pOEt3UTM3dU9PWWh1YmNVOW5rUk1WTTJ3cDBRbkI?oc=5\" target=\"_blank\" rel=\"nofollow noopener\">Zatrzymanie na Ok\u0119ciu. 23-letni Ukrainiec z zag\u0142uszark\u0105<\/a>&nbsp;&nbsp;wPolityce.pl<\/li>\n<li><a href=\"https:\/\/news.google.com\/rss\/articles\/CBMivAFBVV95cUxPYmlSRktWVkVNWlNaMjJFLW9manpOSHlCZTdpRENBQXkzWnByMjJ5SDdJTDEyYjVsQWV5SkdQYU9mWmI4S0lZWTNZZG8zU0d3Q2RFdWt1RUxHYW9sMlFQZW9pdUJnUHhESkc0YWhTdG16UTlld2pIXzRKUUFFRTJhSEJTRG8wMmJyYnlUbVVzT3M5ejBwd0pRQzRwUVhMRWFBWnZpVk1pcU1DWXNRSGVwXzMwX2VVcVhpYUNNVg?oc=5\" target=\"_blank\" rel=\"nofollow noopener\">Ukrainiec zatrzymany na Ok\u0119ciu. S\u0142u\u017cby zwr\u00f3ci\u0142y uwag\u0119 na to, co mia\u0142 przy sobie<\/a>&nbsp;&nbsp;WP Wiadomo\u015bci<\/li>\n<\/ol>\n","protected":false},"excerpt":{"rendered":"M\u0142ody m\u0119\u017cczyzna zatrzymany na Ok\u0119ciu. Mia\u0142 zag\u0142uszark\u0119 fal radiowych&nbsp;&nbsp;Onet Po co m\u0142ody Ukrainiec przesiadywa\u0142 w hali lotniska Ok\u0119cie&hellip;\n","protected":false},"author":2,"featured_media":181874,"comment_status":"","ping_status":"","sticky":false,"template":"","format":"standard","meta":{"footnotes":""},"categories":[12],"tags":[32,33,36,37,27,67,34,35,2466,28,31,53,25,7387,52,68,51,55,42,38,40,39,41,349,47,714,29,30,390,65,50,26],"class_list":{"0":"post-181873","1":"post","2":"type-post","3":"status-publish","4":"format-standard","5":"has-post-thumbnail","7":"category-polska","8":"tag-breaking-news","9":"tag-breakingnews","10":"tag-featured-news","11":"tag-featurednews","12":"tag-headlines","13":"tag-intextvideo_splayer","14":"tag-latest-news","15":"tag-latestnews","16":"tag-lotnictwo_samoloty_samolot_przemysl_lotniczy_linie_lotnicze_lotnictwo_wojskowe_ruch_lotniczy","17":"tag-naglowki","18":"tag-najwazniejsze-artykuly","19":"tag-new_header","20":"tag-news","21":"tag-okecie_lotnisko_im_chopina_w_warszawie","22":"tag-onet3","23":"tag-onet3d","24":"tag-onet3d_2i","25":"tag-phx","26":"tag-pl","27":"tag-poland","28":"tag-polish","29":"tag-polska","30":"tag-polski","31":"tag-prokuratura_prokurator_prokuratorzy","32":"tag-screening_general","33":"tag-szpiegostwo_szpieg_szpiedzy_wywiad","34":"tag-top-stories","35":"tag-topstories","36":"tag-ukraina_ukrainiec_ukrainka_ukraincy_ukrainki","37":"tag-update_me","38":"tag-v2021","39":"tag-wiadomosci"},"share_on_mastodon":{"url":"","error":"Validation failed: Text character limit of 500 exceeded"},"_links":{"self":[{"href":"https:\/\/www.europesays.com\/pl\/wp-json\/wp\/v2\/posts\/181873","targetHints":{"allow":["GET"]}}],"collection":[{"href":"https:\/\/www.europesays.com\/pl\/wp-json\/wp\/v2\/posts"}],"about":[{"href":"https:\/\/www.europesays.com\/pl\/wp-json\/wp\/v2\/types\/post"}],"author":[{"embeddable":true,"href":"https:\/\/www.europesays.com\/pl\/wp-json\/wp\/v2\/users\/2"}],"replies":[{"embeddable":true,"href":"https:\/\/www.europesays.com\/pl\/wp-json\/wp\/v2\/comments?post=181873"}],"version-history":[{"count":0,"href":"https:\/\/www.europesays.com\/pl\/wp-json\/wp\/v2\/posts\/181873\/revisions"}],"wp:featuredmedia":[{"embeddable":true,"href":"https:\/\/www.europesays.com\/pl\/wp-json\/wp\/v2\/media\/181874"}],"wp:attachment":[{"href":"https:\/\/www.europesays.com\/pl\/wp-json\/wp\/v2\/media?parent=181873"}],"wp:term":[{"taxonomy":"category","embeddable":true,"href":"https:\/\/www.europesays.com\/pl\/wp-json\/wp\/v2\/categories?post=181873"},{"taxonomy":"post_tag","embeddable":true,"href":"https:\/\/www.europesays.com\/pl\/wp-json\/wp\/v2\/tags?post=181873"}],"curies":[{"name":"wp","href":"https:\/\/api.w.org\/{rel}","templated":true}]}}