{"id":181921,"date":"2026-01-01T15:57:07","date_gmt":"2026-01-01T15:57:07","guid":{"rendered":"https:\/\/www.europesays.com\/pl\/181921\/"},"modified":"2026-01-01T15:57:07","modified_gmt":"2026-01-01T15:57:07","slug":"mielismy-11-latka-mial-35-promila-medycy-o-skutkach-sylwestra","status":"publish","type":"post","link":"https:\/\/www.europesays.com\/pl\/181921\/","title":{"rendered":"&#8222;Mieli\u015bmy 11-latka, mia\u0142 3,5 promila&#8221;. Medycy o skutkach sylwestra"},"content":{"rendered":"<p>Sylwester to dla wielu os\u00f3b czas zabawy i\u00a0odpr\u0119\u017cenia. Wielu Polak\u00f3w imprezuje w\u00a0lokalach, na dom\u00f3wkach, podczas spotka\u0144 rodzinnych lub imprez masowych. Niestety, niekt\u00f3rzy przesadz\u0105 z\u00a0alkoholem &#8211;\u00a0konsekwencje tego mog\u0105 by\u0107 op\u0142akane. Jeszcze przed ostatni\u0105 noc\u0105 sylwestrow\u0105 lekarze i\u00a0ratownicy medyczni opowiedzieli w\u00a0rozmowie z\u00a0TVP Katowice, z\u00a0czym zmagaj\u0105 si\u0119 po sylwestrze i\u00a0w\u00a0Nowy Rok. Na Izby Przyj\u0119\u0107 i\u00a0SOR-y trafia w\u00f3wczas zdecydowanie wi\u0119cej pacjent\u00f3w ni\u017c w\u00a0inne dni.<\/p>\n<p>Sylwester w\u00a0Che\u0142mie. Tak wygl\u0105da scena. Kosztowa\u0142a podatnik\u00f3w 2\u00a0mln <\/p>\n<p>Bardzo cz\u0119sto dochodzi r\u00f3wnie\u017c do obra\u017ce\u0144 powsta\u0142ych w\u00a0wyniku wybuchu petard. Medycy przytoczyli histori\u0119 19-latki, kt\u00f3rej amputowano dwie ko\u0144czyny g\u00f3rne. &#8211; Co dalej, jak tu \u017cy\u0107 &#8211;\u00a0m\u00f3wi\u0105 o\u00a0tym zdarzeniu medycy, cytowani przez katowickie TVP. Zdarzaj\u0105 si\u0119 r\u00f3wnie\u017c urazy oczu czy twarzy. Do szpitali trafiaj\u0105 tak\u017ce nieletni pod wp\u0142ywem alkoholu.<\/p>\n<p>\u015al\u0105ska policja podsumowa\u0142a sylwestrow\u0105 noc jako spokojn\u0105. Nie dosz\u0142o do \u015bmiertelnych wypadk\u00f3w, cho\u0107 na drogach zatrzymano 9\u00a0pijanych kierowc\u00f3w. Osiem os\u00f3b zosta\u0142o rannych w\u00a0zdarzeniach drogowych. Powa\u017cniejszych zg\u0142osze\u0144 nie odnotowa\u0142a r\u00f3wnie\u017c stra\u017c po\u017carna. Jednak ka\u017cde historia przytaczana przez medyk\u00f3w powinna by\u0107 pora\u017caj\u0105cych przyk\u0142adem tego, jakie mog\u0105 by\u0107 skutki nieodpowiedzialnej zabawy po alkoholu &#8211;\u00a0nie tylko w\u00a0sylwestrow\u0105 noc. <\/p>\n","protected":false},"excerpt":{"rendered":"Sylwester to dla wielu os\u00f3b czas zabawy i\u00a0odpr\u0119\u017cenia. Wielu Polak\u00f3w imprezuje w\u00a0lokalach, na dom\u00f3wkach, podczas spotka\u0144 rodzinnych lub&hellip;\n","protected":false},"author":2,"featured_media":181922,"comment_status":"","ping_status":"","sticky":false,"template":"","format":"standard","meta":{"footnotes":""},"categories":[12],"tags":[32,33,36,37,27,34,35,28,31,25,42,38,40,39,41,29,30,26],"class_list":{"0":"post-181921","1":"post","2":"type-post","3":"status-publish","4":"format-standard","5":"has-post-thumbnail","7":"category-polska","8":"tag-breaking-news","9":"tag-breakingnews","10":"tag-featured-news","11":"tag-featurednews","12":"tag-headlines","13":"tag-latest-news","14":"tag-latestnews","15":"tag-naglowki","16":"tag-najwazniejsze-artykuly","17":"tag-news","18":"tag-pl","19":"tag-poland","20":"tag-polish","21":"tag-polska","22":"tag-polski","23":"tag-top-stories","24":"tag-topstories","25":"tag-wiadomosci"},"share_on_mastodon":{"url":"https:\/\/pubeurope.com\/@pl\/115820668072722960","error":""},"_links":{"self":[{"href":"https:\/\/www.europesays.com\/pl\/wp-json\/wp\/v2\/posts\/181921","targetHints":{"allow":["GET"]}}],"collection":[{"href":"https:\/\/www.europesays.com\/pl\/wp-json\/wp\/v2\/posts"}],"about":[{"href":"https:\/\/www.europesays.com\/pl\/wp-json\/wp\/v2\/types\/post"}],"author":[{"embeddable":true,"href":"https:\/\/www.europesays.com\/pl\/wp-json\/wp\/v2\/users\/2"}],"replies":[{"embeddable":true,"href":"https:\/\/www.europesays.com\/pl\/wp-json\/wp\/v2\/comments?post=181921"}],"version-history":[{"count":0,"href":"https:\/\/www.europesays.com\/pl\/wp-json\/wp\/v2\/posts\/181921\/revisions"}],"wp:featuredmedia":[{"embeddable":true,"href":"https:\/\/www.europesays.com\/pl\/wp-json\/wp\/v2\/media\/181922"}],"wp:attachment":[{"href":"https:\/\/www.europesays.com\/pl\/wp-json\/wp\/v2\/media?parent=181921"}],"wp:term":[{"taxonomy":"category","embeddable":true,"href":"https:\/\/www.europesays.com\/pl\/wp-json\/wp\/v2\/categories?post=181921"},{"taxonomy":"post_tag","embeddable":true,"href":"https:\/\/www.europesays.com\/pl\/wp-json\/wp\/v2\/tags?post=181921"}],"curies":[{"name":"wp","href":"https:\/\/api.w.org\/{rel}","templated":true}]}}