{"id":181991,"date":"2026-01-01T16:41:09","date_gmt":"2026-01-01T16:41:09","guid":{"rendered":"https:\/\/www.europesays.com\/pl\/181991\/"},"modified":"2026-01-01T16:41:09","modified_gmt":"2026-01-01T16:41:09","slug":"pijany-kierowca-potracil-37-latke-w-sylwestra-kobieta-nie-zyje-onet","status":"publish","type":"post","link":"https:\/\/www.europesays.com\/pl\/181991\/","title":{"rendered":"Pijany kierowca potr\u0105ci\u0142 37-latk\u0119 w sylwestra. Kobieta nie \u017cyje &#8211; Onet"},"content":{"rendered":"<ol>\n<li><a href=\"https:\/\/news.google.com\/rss\/articles\/CBMivgFBVV95cUxQT2lTam9UeVRSZjB0NEVMWTl4aElhR1ZWdDFDclNDZ25BQWI3ajcwNWVTTVh3d1kyZzM0RFlMdERtYmY0YWZ4LWxxOHQ5a0tINk1rVlhpZUtULWljNzNxMmxaRkxnWWYzcUtsSFh6bkJDLXhyYWpoSlJtNHh6WDc4UWg5aElFV3cwWWl2UXliampGY09nS25TYUZ1SWJFUUVZVjBieUVTaE9INFJqN09wcU5NQURZc1dSQWZIWk5B?oc=5\" target=\"_blank\" rel=\"nofollow noopener\">Pijany kierowca potr\u0105ci\u0142 37-latk\u0119 w sylwestra. Kobieta nie \u017cyje<\/a>&nbsp;&nbsp;Onet<\/li>\n<li><a href=\"https:\/\/news.google.com\/rss\/articles\/CBMirwFBVV95cUxNc2tlbXZzVE1TRGFiTmp2VWRZODYwdXNoTWxMRlVzZEN5ai05UlRjQU5tRVFEU1JpeTVnY0R4N0FyX3pDM3BvRVZ4U0ViSHVXdzJUUVlhOXhsNmtXWFRab0VmN2h1QUVTR1NmMmlnRTlIbG9Ga3AtRnlZTUdlcjc4YmRrYkI5WHh1SUM2Vi1Va3g0Z1NyOU9lRG9NcGlDc1ZlQUJMSkU0SE5QS1RSbXFn?oc=5\" target=\"_blank\" rel=\"nofollow noopener\">Nie \u017cyje kobieta potr\u0105cona przez auto na chodniku. Dwie osoby zatrzymane<\/a>&nbsp;&nbsp;TVN24<\/li>\n<li><a href=\"https:\/\/news.google.com\/rss\/articles\/CBMiugFBVV95cUxON1pYNWpEOWtMRWR5TzktQTJXOW9KMFZhOHZQS0RiTWJ5LV9zcE1wa3JwZlpNWTJtV2xlcHNrVlRreDZrUldHQzV0aF9KZmswRmJFdVdRcjZ1aHZuRWlMSkQxZzlCWVcxVWROclhIcGlsZUZrSGw5b1ptclVwd3R4eUVveGtJTnhDT2laOTlYUmg4ZmdHZDdjc2dFLVJYY1FHbi1FMlVkTnRsRy1RNnRIcjIzVk9iNDd0Qmc?oc=5\" target=\"_blank\" rel=\"nofollow noopener\">Tragiczna sylwestrowa noc w Ostrowie Wielkopolskim. Nie \u017cyje 37-latka<\/a>&nbsp;&nbsp;Gazeta<\/li>\n<li><a href=\"https:\/\/news.google.com\/rss\/articles\/CBMi6gFBVV95cUxQNE41TjdLY2lMcDFkMF9BUXJFU281a0Q5cThGdFlOWWdpcG9mSjYxbjBFLWV5UFo3a3dFRTgtUlNLaFhEbGs0ZHpSczc5cWVkbE5KeUZYZXVKa2xlZURLZnh1WHlHSmhjZDl3YjZZcUE3blNKcFdWVFhmVkhJcjl1djQwMXlERUNMWU5CNUR5SWhEREk1WWV1dHJqQWpTNFBWRnBHYll6WklzdjBMcWtHNzVsdGRoeklQU0EtVHYwUmU5SkZZSzNMekk1cVFrZHQ3RnJHRnpiem81cmo4Q1FGOGtHYXF2bVN4VFE?oc=5\" target=\"_blank\" rel=\"nofollow noopener\">Tragedia na drodze w regionie. Kieruj\u0105cy BMW potr\u0105ci\u0142 kobiet\u0119 i uciek\u0142 z miejsca zdarzenia, gubi\u0105c tablic\u0119 rejestracyjn\u0105<\/a>&nbsp;&nbsp;ePoznan<\/li>\n<li><a href=\"https:\/\/news.google.com\/rss\/articles\/CBMiswFBVV95cUxNSm9jWWZrQ3BhX212ZDBkMGYwdElZTGczdnFkRldLWjQ1SmdpS2dWTmJqNlIxazBIaElwUXJQOElHaEVyQUtrMUppV2xab0V1Zm9NM2JuQmVUdGJ4UlFUSzlnWkVZM2gzMFNiNVMwMy1KQmdUU1Z1cE9VOFFTSGRETERVeGEtWVNmYTQtUjNqUmx5M1lyYXUxU3hFTGwtLUdOajRFcHJwVERjLUJCNlhXWDUtdw?oc=5\" target=\"_blank\" rel=\"nofollow noopener\">Ostr\u00f3w Wielkopolski: Pijany kierowca potr\u0105ci\u0142 kobiet\u0119 na chodniku. 37-latka nie \u017cyje<\/a>&nbsp;&nbsp;RMF24<\/li>\n<\/ol>\n","protected":false},"excerpt":{"rendered":"Pijany kierowca potr\u0105ci\u0142 37-latk\u0119 w sylwestra. Kobieta nie \u017cyje&nbsp;&nbsp;Onet Nie \u017cyje kobieta potr\u0105cona przez auto na chodniku. Dwie&hellip;\n","protected":false},"author":2,"featured_media":181992,"comment_status":"","ping_status":"","sticky":false,"template":"","format":"standard","meta":{"footnotes":""},"categories":[5],"tags":[32,33,36,37,27,34,35,28,31,53,25,52,68,51,16075,55,42,38,251,40,39,41,47,29,30,65,50,26,4122],"class_list":{"0":"post-181991","1":"post","2":"type-post","3":"status-publish","4":"format-standard","5":"has-post-thumbnail","7":"category-naglowki","8":"tag-breaking-news","9":"tag-breakingnews","10":"tag-featured-news","11":"tag-featurednews","12":"tag-headlines","13":"tag-latest-news","14":"tag-latestnews","15":"tag-naglowki","16":"tag-najwazniejsze-artykuly","17":"tag-new_header","18":"tag-news","19":"tag-onet3","20":"tag-onet3d","21":"tag-onet3d_2i","22":"tag-ostrow_wielkopolski","23":"tag-phx","24":"tag-pl","25":"tag-poland","26":"tag-policja_policjanci_policjant_policjantka_policjantki","27":"tag-polish","28":"tag-polska","29":"tag-polski","30":"tag-screening_general","31":"tag-top-stories","32":"tag-topstories","33":"tag-update_me","34":"tag-v2021","35":"tag-wiadomosci","36":"tag-wypadki"},"share_on_mastodon":{"url":"https:\/\/pubeurope.com\/@pl\/115820841261933958","error":""},"_links":{"self":[{"href":"https:\/\/www.europesays.com\/pl\/wp-json\/wp\/v2\/posts\/181991","targetHints":{"allow":["GET"]}}],"collection":[{"href":"https:\/\/www.europesays.com\/pl\/wp-json\/wp\/v2\/posts"}],"about":[{"href":"https:\/\/www.europesays.com\/pl\/wp-json\/wp\/v2\/types\/post"}],"author":[{"embeddable":true,"href":"https:\/\/www.europesays.com\/pl\/wp-json\/wp\/v2\/users\/2"}],"replies":[{"embeddable":true,"href":"https:\/\/www.europesays.com\/pl\/wp-json\/wp\/v2\/comments?post=181991"}],"version-history":[{"count":0,"href":"https:\/\/www.europesays.com\/pl\/wp-json\/wp\/v2\/posts\/181991\/revisions"}],"wp:featuredmedia":[{"embeddable":true,"href":"https:\/\/www.europesays.com\/pl\/wp-json\/wp\/v2\/media\/181992"}],"wp:attachment":[{"href":"https:\/\/www.europesays.com\/pl\/wp-json\/wp\/v2\/media?parent=181991"}],"wp:term":[{"taxonomy":"category","embeddable":true,"href":"https:\/\/www.europesays.com\/pl\/wp-json\/wp\/v2\/categories?post=181991"},{"taxonomy":"post_tag","embeddable":true,"href":"https:\/\/www.europesays.com\/pl\/wp-json\/wp\/v2\/tags?post=181991"}],"curies":[{"name":"wp","href":"https:\/\/api.w.org\/{rel}","templated":true}]}}