{"id":181999,"date":"2026-01-01T16:46:11","date_gmt":"2026-01-01T16:46:11","guid":{"rendered":"https:\/\/www.europesays.com\/pl\/181999\/"},"modified":"2026-01-01T16:46:11","modified_gmt":"2026-01-01T16:46:11","slug":"nowy-rok-przychodzi-tu-najpozniej-to-oni-swietuja-ostatni","status":"publish","type":"post","link":"https:\/\/www.europesays.com\/pl\/181999\/","title":{"rendered":"Nowy Rok przychodzi tu najp\u00f3\u017aniej. To oni \u015bwi\u0119tuj\u0105 ostatni"},"content":{"rendered":"<p>Fala przywita\u0144 2026 roku trwa\u0142a&#8230; 26 godzin. Mo\u017ce to dziwi\u0107, bo doba trwa 24 godziny. Wyja\u015bnienie jest jednak dosy\u0107 proste. Wyspiarskie pa\u0144stwo Kiribati le\u017c\u0105ce na linii zmiany daty zdecydowa\u0142o o przesuni\u0119ciu tej\u017ce linii, co sprawi\u0142o, \u017ce i na wschodzie, i na zachodzie kraju jest taki sam dzie\u0144. Ten ruch urz\u0119dnik\u00f3w stworzy\u0142 stref\u0119 UTC+14:00.\u00a0<\/p>\n<p>U nich ju\u017c 2026, w Europie jeszcze czekali<\/p>\n<p>To w\u0142a\u015bnie tam nowa data pojawia si\u0119 jako pierwsza. A wi\u0119c to dok\u0142adnie w Kiribati na atolu Kiritimati (Wyspie Bo\u017cego Narodzenia) mieszka\u0144cy najszybciej sk\u0142adaj\u0105 sobie noworoczne \u017cyczenia. \u015awi\u0119towali i tym razem, gdy w Polsce jeszcze niekt\u00f3rzy jedli p\u00f3\u017ane sylwestrowe \u015bniadanie, bo o godzinie 11:00. Ok. 60 minut p\u00f3\u017aniej 2026 rok nasta\u0142 na wi\u0119kszo\u015bci teren\u00f3w Nowej Zelandii, a tak\u017ce m.in. na Samoa.<\/p>\n<p>\u00a0<\/p>\n<p>ZOBACZ: <a href=\"https:\/\/www.polsatnews.pl\/ciekawostki\/2025-12-18\/w-pewnej-wiosce-co-roku-spadaja-z-nieba-ryby-mieszkancy-mowia-to-cud\/\" rel=\"nofollow noopener\" target=\"_blank\">W pewnej wiosce co roku spadaj\u0105 z nieba ryby. Mieszka\u0144cy m\u00f3wi\u0105 o cudzie<\/a><\/p>\n<p>\u00a0<\/p>\n<p>O 14. polskiego czasu kartk\u0119 kalendarza na 1 stycznia zmienili m.in. w australijskich metropoliach Melbourne i Sydney. Po dw\u00f3ch godzinach celebrowali Japo\u0144czycy i Korea\u0144czycy. Gdy Polacy na zegarkach widzieli 17:00, fajerwerki roz\u015bwietli\u0142y niebo w Chinach. Krok po kroku, przez Indie, Turcj\u0119 czy Grecj\u0119 1 stycznia 2026 r. dotar\u0142 do wi\u0119kszej cz\u0119\u015bci Europy.\u00a0<\/p>\n<p>\u00a0<\/p>\n<p>W tym samym czasie balowano w Polsce, Niemczech, W\u0142oszech czy Francji. Te szeroko\u015bci geograficzne s\u0105 mniej wi\u0119cej w \u015brodku sztafety. Nast\u0119pnie do \u015bwi\u0119towania do\u0142\u0105czyli Brytyjczycy i Portugalczycy. To jedni z ostatnich mieszka\u0144c\u00f3w Starego Kontynentu witaj\u0105cych nast\u0119pny rozdzia\u0142 w dziejach.<\/p>\n<p>Dwa Sylwestry w jeden dzie\u0144. To jest mo\u017cliwe<\/p>\n<p>Z minuty na minut\u0119 fala zmierza\u0142a coraz dalej na zach\u00f3d, a\u017c dotar\u0142a za Atlantyk. Nowy Rok w Nowym Jorku zaczyna si\u0119 sze\u015b\u0107 godzin po polskim, a w Los Angeles &#8211; dziewi\u0119\u0107. Powoli data powr\u00f3ci\u0142a na Ocean Spokojny. Tam pozostali ostatni oczekuj\u0105cy.\u00a0<\/p>\n<p>\u00a0<\/p>\n<p>ZOBACZ: <a href=\"https:\/\/www.polsatnews.pl\/ciekawostki\/2025-12-11\/jaki-byl-najglosniejszy-dzwiek-na-ziemi-jego-skutki-odczul-caly-swiat-kilkukrotnie\/\" rel=\"nofollow noopener\" target=\"_blank\">Jaki by\u0142 najg\u0142o\u015bniejszy d\u017awi\u0119k na ziemi? Jego skutki odczu\u0142 ca\u0142y \u015bwiat, kilkukrotnie<\/a><\/p>\n<p>\u00a0<\/p>\n<p>Gdy w Polsce jest ju\u017c 1 stycznia godz. 12:00, imprezy zaczynaj\u0105 si\u0119 na terytoriach Samoa Ameryka\u0144skiego, Niue czy atolu Midway. Wy\u015bcig ko\u0144czy si\u0119 na wyspach Baker i Howland, jednak tam o imprezowicz\u00f3w trudno. Nie s\u0105 one zamieszkane.<\/p>\n<p>\u00a0<\/p>\n<p>Co ciekawe, mo\u017cna \u015bwi\u0119towa\u0107 sylwestra dwa razy. Wynika to z faktu, \u017ce tak nieodleg\u0142e s\u0105 od siebie terytoria Samoa i Samoa Ameryka\u0144skiego, kt\u00f3re teoretycznie dzieli pe\u0142na doba. Po wybiciu p\u00f3\u0142nocy w tym pierwszym miejscu mo\u017cna wsi\u0105\u015b\u0107 w samolot i po kilkudziesi\u0119ciu minutach &#8222;wr\u00f3ci\u0107&#8221; do 31 grudnia.<\/p>\n<p>&#13;<br \/>\n<img loading=\"lazy\" decoding=\"async\" src=\"https:\/\/www.europesays.com\/pl\/wp-content\/uploads\/2026\/01\/qc6ysi1tcx7sa2qwqf3q3cfy7cp9rkw8.png\" alt=\"\" width=\"900\" height=\"675\"\/>&#13;<\/p>\n<p>\u00a0<\/p>\n<p>\u00a0<\/p>\n<p>Widzia\u0142e\u015b co\u015b wa\u017cnego? Przy\u015blij zdj\u0119cie, film lub napisz, co si\u0119 sta\u0142o. Skorzystaj z naszej <a href=\"https:\/\/www.polsatnews.pl\/platforma-widzow\/\" target=\"_blank\" rel=\"noopener noreferrer nofollow\">Wrzutni<\/a><\/p>\n<p>&#13;<br \/>\n                    \t\t\t\t\t\t\t\t\t\t\t\t\tred.&#13;<br \/>\n\t\t\t\t\/\t\t\t\t\t\tpolsatnews.pl&#13;<br \/>\n\t\t\t\t\t&#13;\n                \t<\/p>\n<p>                <a class=\"news__read-more-button\" href=\"https:\/\/www.polsatnews.pl\/\" rel=\"nofollow noopener\" target=\"_blank\">Czytaj wi\u0119cej<\/a><\/p>\n","protected":false},"excerpt":{"rendered":"Fala przywita\u0144 2026 roku trwa\u0142a&#8230; 26 godzin. Mo\u017ce to dziwi\u0107, bo doba trwa 24 godziny. Wyja\u015bnienie jest jednak&hellip;\n","protected":false},"author":2,"featured_media":182000,"comment_status":"","ping_status":"","sticky":false,"template":"","format":"standard","meta":{"footnotes":""},"categories":[14],"tags":[32,33,27,34,35,28,31,25,40,41,80,29,30,26,82,83,84],"class_list":{"0":"post-181999","1":"post","2":"type-post","3":"status-publish","4":"format-standard","5":"has-post-thumbnail","7":"category-swiat","8":"tag-breaking-news","9":"tag-breakingnews","10":"tag-headlines","11":"tag-latest-news","12":"tag-latestnews","13":"tag-naglowki","14":"tag-najwazniejsze-artykuly","15":"tag-news","16":"tag-polish","17":"tag-polski","18":"tag-swiat","19":"tag-top-stories","20":"tag-topstories","21":"tag-wiadomosci","22":"tag-world","23":"tag-world-news","24":"tag-worldnews"},"share_on_mastodon":{"url":"https:\/\/pubeurope.com\/@pl\/115820860737613315","error":""},"_links":{"self":[{"href":"https:\/\/www.europesays.com\/pl\/wp-json\/wp\/v2\/posts\/181999","targetHints":{"allow":["GET"]}}],"collection":[{"href":"https:\/\/www.europesays.com\/pl\/wp-json\/wp\/v2\/posts"}],"about":[{"href":"https:\/\/www.europesays.com\/pl\/wp-json\/wp\/v2\/types\/post"}],"author":[{"embeddable":true,"href":"https:\/\/www.europesays.com\/pl\/wp-json\/wp\/v2\/users\/2"}],"replies":[{"embeddable":true,"href":"https:\/\/www.europesays.com\/pl\/wp-json\/wp\/v2\/comments?post=181999"}],"version-history":[{"count":0,"href":"https:\/\/www.europesays.com\/pl\/wp-json\/wp\/v2\/posts\/181999\/revisions"}],"wp:featuredmedia":[{"embeddable":true,"href":"https:\/\/www.europesays.com\/pl\/wp-json\/wp\/v2\/media\/182000"}],"wp:attachment":[{"href":"https:\/\/www.europesays.com\/pl\/wp-json\/wp\/v2\/media?parent=181999"}],"wp:term":[{"taxonomy":"category","embeddable":true,"href":"https:\/\/www.europesays.com\/pl\/wp-json\/wp\/v2\/categories?post=181999"},{"taxonomy":"post_tag","embeddable":true,"href":"https:\/\/www.europesays.com\/pl\/wp-json\/wp\/v2\/tags?post=181999"}],"curies":[{"name":"wp","href":"https:\/\/api.w.org\/{rel}","templated":true}]}}