{"id":182025,"date":"2026-01-01T17:01:21","date_gmt":"2026-01-01T17:01:21","guid":{"rendered":"https:\/\/www.europesays.com\/pl\/182025\/"},"modified":"2026-01-01T17:01:21","modified_gmt":"2026-01-01T17:01:21","slug":"przylecial-do-krakowa-ale-straz-graniczna-zawrocila-go-z-lotniska","status":"publish","type":"post","link":"https:\/\/www.europesays.com\/pl\/182025\/","title":{"rendered":"Przylecia\u0142 do Krakowa, ale Stra\u017c Graniczna zawr\u00f3ci\u0142a go z lotniska"},"content":{"rendered":"<p class=\"Paragraph_desktopParagraph__U31Gm\">37-letni obywatel Indii nie zosta\u0142 wpuszczony na terytorium Polski po przylocie do Krakowa-Balic. M\u0119\u017cczyzna przylecia\u0142 do Ma\u0142opolski z Sharjah w Zjednoczonych Emiratach Arabskich, jednak jego podr\u00f3\u017c zako\u0144czy\u0142a si\u0119 ju\u017c na etapie kontroli granicznej.<\/p>\n<p class=\"Paragraph_desktopParagraph__U31Gm\">Podczas odprawy cudzoziemiec okaza\u0142 polsk\u0105 kart\u0119 pobytu. Jak ustalili funkcjonariusze Stra\u017cy Granicznej, dokument figurowa\u0142 w systemach jako podlegaj\u0105cy zatrzymaniu i nie uprawnia\u0142 do przekroczenia granicy. 37-latek nie posiada\u0142 \u017cadnych innych dokument\u00f3w, kt\u00f3re umo\u017cliwia\u0142yby mu legalny wjazd na terytorium Rzeczypospolitej Polskiej.<\/p>\n<ul class=\"OchatFollowUps_wrapper__1ry7X\">\n<li class=\"OchatFollowUps_item__Dhyly OchatFollowUps_itemDesktop__R6aBv\">Dlaczego obywatel Indii nie zosta\u0142 wpuszczony do Polski?<\/li>\n<li class=\"OchatFollowUps_item__Dhyly OchatFollowUps_itemDesktop__R6aBv\">Jakie dokumenty mia\u0142 przy sobie m\u0119\u017cczyzna?<\/li>\n<li class=\"OchatFollowUps_item__Dhyly OchatFollowUps_itemDesktop__R6aBv\">Co zrobiono z obywatelem Indii po odmowie wjazdu?<\/li>\n<li class=\"OchatFollowUps_item__Dhyly OchatFollowUps_itemDesktop__R6aBv\">Ile decyzji o odmowie wjazdu wydano w 2025 roku?<\/li>\n<\/ul>\n<p class=\"Paragraph_desktopParagraph__U31Gm\">W zwi\u0105zku z niespe\u0142nieniem obowi\u0105zuj\u0105cych wymog\u00f3w wjazdowych komendant Plac\u00f3wki Stra\u017cy Granicznej w Krakowie-Balicach wyda\u0142 decyzj\u0119 o odmowie wjazdu do kraju. Jednocze\u015bnie zdecydowano o zobowi\u0105zaniu cudzoziemca do przebywania w specjalnie wyznaczonych pomieszczeniach dla os\u00f3b, kt\u00f3rym odm\u00f3wiono wjazdu, do czasu realizacji lotu powrotnego.<\/p>\n<p class=\"Paragraph_desktopParagraph__U31Gm\">Stra\u017c Graniczna przypomina, \u017ce ka\u017cdy cudzoziemiec przekraczaj\u0105cy granic\u0119 pa\u0144stwow\u0105 musi posiada\u0107 wa\u017cne i aktualne dokumenty uprawniaj\u0105ce do wjazdu i pobytu. Brak spe\u0142nienia tych warunk\u00f3w skutkuje odmow\u0105 wjazdu, niezale\u017cnie od kierunku przylotu czy wcze\u015bniejszego statusu pobytowego.<\/p>\n<p class=\"Paragraph_desktopParagraph__U31Gm\">Jak wynika z danych Karpackiego Oddzia\u0142u Stra\u017cy Granicznej, tylko w 2025 r. funkcjonariusze wydali ponad 120 decyzji o odmowie wjazdu wobec cudzoziemc\u00f3w niespe\u0142niaj\u0105cych wymog\u00f3w formalnych. Dzia\u0142ania te maj\u0105 na celu zapewnienie bezpiecze\u0144stwa oraz egzekwowanie przepis\u00f3w prawa obowi\u0105zuj\u0105cych na granicy pa\u0144stwowej.<\/p>\n","protected":false},"excerpt":{"rendered":"37-letni obywatel Indii nie zosta\u0142 wpuszczony na terytorium Polski po przylocie do Krakowa-Balic. M\u0119\u017cczyzna przylecia\u0142 do Ma\u0142opolski z&hellip;\n","protected":false},"author":2,"featured_media":182026,"comment_status":"","ping_status":"","sticky":false,"template":"","format":"standard","meta":{"footnotes":""},"categories":[12],"tags":[32,33,36,37,27,368,34,35,28,31,53,25,52,68,51,55,42,38,40,39,41,47,29,30,50,26],"class_list":{"0":"post-182025","1":"post","2":"type-post","3":"status-publish","4":"format-standard","5":"has-post-thumbnail","7":"category-polska","8":"tag-breaking-news","9":"tag-breakingnews","10":"tag-featured-news","11":"tag-featurednews","12":"tag-headlines","13":"tag-krakowdlawas","14":"tag-latest-news","15":"tag-latestnews","16":"tag-naglowki","17":"tag-najwazniejsze-artykuly","18":"tag-new_header","19":"tag-news","20":"tag-onet3","21":"tag-onet3d","22":"tag-onet3d_2i","23":"tag-phx","24":"tag-pl","25":"tag-poland","26":"tag-polish","27":"tag-polska","28":"tag-polski","29":"tag-screening_general","30":"tag-top-stories","31":"tag-topstories","32":"tag-v2021","33":"tag-wiadomosci"},"share_on_mastodon":{"url":"https:\/\/pubeurope.com\/@pl\/115820919753342414","error":""},"_links":{"self":[{"href":"https:\/\/www.europesays.com\/pl\/wp-json\/wp\/v2\/posts\/182025","targetHints":{"allow":["GET"]}}],"collection":[{"href":"https:\/\/www.europesays.com\/pl\/wp-json\/wp\/v2\/posts"}],"about":[{"href":"https:\/\/www.europesays.com\/pl\/wp-json\/wp\/v2\/types\/post"}],"author":[{"embeddable":true,"href":"https:\/\/www.europesays.com\/pl\/wp-json\/wp\/v2\/users\/2"}],"replies":[{"embeddable":true,"href":"https:\/\/www.europesays.com\/pl\/wp-json\/wp\/v2\/comments?post=182025"}],"version-history":[{"count":0,"href":"https:\/\/www.europesays.com\/pl\/wp-json\/wp\/v2\/posts\/182025\/revisions"}],"wp:featuredmedia":[{"embeddable":true,"href":"https:\/\/www.europesays.com\/pl\/wp-json\/wp\/v2\/media\/182026"}],"wp:attachment":[{"href":"https:\/\/www.europesays.com\/pl\/wp-json\/wp\/v2\/media?parent=182025"}],"wp:term":[{"taxonomy":"category","embeddable":true,"href":"https:\/\/www.europesays.com\/pl\/wp-json\/wp\/v2\/categories?post=182025"},{"taxonomy":"post_tag","embeddable":true,"href":"https:\/\/www.europesays.com\/pl\/wp-json\/wp\/v2\/tags?post=182025"}],"curies":[{"name":"wp","href":"https:\/\/api.w.org\/{rel}","templated":true}]}}