{"id":182027,"date":"2026-01-01T17:02:17","date_gmt":"2026-01-01T17:02:17","guid":{"rendered":"https:\/\/www.europesays.com\/pl\/182027\/"},"modified":"2026-01-01T17:02:17","modified_gmt":"2026-01-01T17:02:17","slug":"leon-xiv-dziekujemy-bogu-za-dar-jubileuszu","status":"publish","type":"post","link":"https:\/\/www.europesays.com\/pl\/182027\/","title":{"rendered":"Leon XIV: dzi\u0119kujemy Bogu za dar Jubileuszu"},"content":{"rendered":"<p>Papie\u017c Leon XIV przewodniczy\u0142 w Bazylice \u015bw. Piotra pierwszym nieszporom uroczysto\u015bci \u015awi\u0119tej Bo\u017cej Rodzicielki. Zach\u0119ci\u0142 do wdzi\u0119czno\u015bci za dar Roku \u015awi\u0119tego, kt\u00f3ry by\u0142 znakiem Bo\u017cego planu nadziei dla cz\u0142owieka i dla \u015bwiata. <\/p>\n<p>Artur Hanula<\/p>\n<p>Ojciec \u015awi\u0119ty wskaza\u0142 na wyj\u0105tkowe bogactwo pierwszych nieszpor\u00f3w uroczysto\u015bci \u015awi\u0119tej Bo\u017cej Rodzicielki, kt\u00f3re odnosi si\u0119 do Bo\u017cego macierzy\u0144stwa Maryi. Papie\u017c przypomnia\u0142, \u017ce ta uroczysto\u015b\u0107 ko\u0144czy oktaw\u0119 Bo\u017cego Narodzenia i stanowi przej\u015bcie z jednego do drugiego roku. Doda\u0142, \u017ce tegoroczna uroczysto\u015b\u0107 przypada w szczeg\u00f3lnym czasie ko\u0144cz\u0105cego si\u0119 Roku Jubileuszowego.<\/p>\n<p>Bo\u017cy plan dla ludzko\u015bci<\/p>\n<p>Papie\u017c nawi\u0105za\u0142 te\u017c do s\u0142\u00f3w \u015bw. Paw\u0142a, kt\u00f3ry napisa\u0142: \u201eGdy jednak nadesz\u0142a pe\u0142nia czasu, zes\u0142a\u0142 B\u00f3g Syna swego, zrodzonego z Niewiasty, zrodzonego pod Prawem, aby wykupi\u0142 tych, kt\u00f3rzy podlegali Prawu, by\u015bmy mogli otrzyma\u0107 przybrane synostwo\u201d (Ga 4, 4-5). Ojciec \u015awi\u0119ty podkre\u015bli\u0142, \u017ce ten spos\u00f3b przedstawienia misterium Chrystusa przywodzi na my\u015bl wielki plan dotycz\u0105cy historii ludzko\u015bci. Jest to plan tajemniczy, ale z jasnym centrum, jak wysoka g\u00f3ra o\u015bwietlona s\u0142o\u0144cem po\u015brodku g\u0119stego lasu: tym centrum jest \u201epe\u0142nia czasu\u201d.<\/p>\n<p>Plan Boga i plan cz\u0142owieka<\/p>\n<p>Leon XIV podkre\u015bli\u0142, \u017ce w naszych czasach odczuwamy potrzeb\u0119 m\u0105drego, \u017cyczliwego i mi\u0142osiernego planu &#8211; projektu wolnego i wyzwalaj\u0105cego, pokojowego i wiernego. Wsp\u00f3\u0142czesny \u015bwiat, jak zaznaczy\u0142 Papie\u017c, ma r\u00f3\u017cne strategie maj\u0105ce na celu podb\u00f3j rynk\u00f3w, terytori\u00f3w i stref wp\u0142yw\u00f3w. S\u0105 to strategie zbrojne, ukryte pod pe\u0142nymi hipokryzji przemowami, ideologicznymi zapowiedziami i fa\u0142szywymi motywami religijnymi. Tymczasem Matka Bo\u017ca, najmniejsza i najwy\u017csza spo\u015br\u00f3d stworze\u0144, patrzy na wszystko oczami Boga, kt\u00f3ry rozprasza plany pysznych, a wywy\u017csza pokornych.<\/p>\n<p>    <img decoding=\"async\" src=\"data:image\/gif;base64,R0lGODlhAQABAIAAAAAAAP\/\/\/yH5BAEAAAAALAAAAAABAAEAAAIBRAA7\" data-original=\"https:\/\/www.vaticannews.va\/content\/dam\/vaticannews\/agenzie\/images\/srv\/2025\/12\/31\/2025-12-31-primi-vespri-e-te-deum\/1767198721580.JPG\/_jcr_content\/renditions\/cq5dam.thumbnail.cropped.750.422.jpeg\" alt=\"Leon XIV podkre\u015bli\u0142, \u017ce w naszych czasach odczuwamy potrzeb\u0119 m\u0105drego, \u017cyczliwego i mi\u0142osiernego planu \" title=\"Leon XIV podkre\u015bli\u0142, \u017ce w naszych czasach odczuwamy potrzeb\u0119 m\u0105drego, \u017cyczliwego i mi\u0142osiernego planu \"\/><\/p>\n<p>\n   Leon XIV podkre\u015bli\u0142, \u017ce w naszych czasach odczuwamy potrzeb\u0119 m\u0105drego, \u017cyczliwego i mi\u0142osiernego planu \u00a0 (@VATICAN MEDIA)\n  <\/p>\n<p>Mali wielcy dla Boga<\/p>\n<p>Papie\u017c zaznaczy\u0142, \u017ce B\u00f3g mi\u0142uje nadziej\u0119 w sercach maluczkich i czyni to, anga\u017cuj\u0105c ich w sw\u00f3j plan zbawienia. Leon XIV wskaza\u0142, \u017ce im pi\u0119kniejszy jest ten plan, tym wi\u0119ksza jest nadzieja. \u015awiat idzie naprz\u00f3d wiedziony nadziej\u0105 wielu ludzi prostych, nieznanych, ale znanych Bogu, wierz\u0105cych w lepsze jutro. Jednym z nich by\u0142 \u015bw. Piotr, rybak z Galilei.<\/p>\n<p>Jubileusz znakiem nowego \u015bwiata<\/p>\n<p>Leon XIV przypomnia\u0142, \u017ce Jubileusz jest wielkim znakiem nowego \u015bwiata &#8211; odnowionego i pojednanego, zgodnie z Bo\u017cym planem. Doda\u0142, \u017ce w tym planie Opatrzno\u015b\u0107 zarezerwowa\u0142a szczeg\u00f3lne miejsce dla miasta Rzymu, nie ze wzgl\u0119du na jego \u015bwietno\u015b\u0107, nie ze wzgl\u0119du na jego pot\u0119g\u0119, ale dlatego, \u017ce tutaj Piotr i Pawe\u0142 oraz wielu innych m\u0119czennik\u00f3w przela\u0142o sw\u0105 krew za Chrystusa. Papie\u017c nazwa\u0142 Rzym miastem Jubileuszu.<\/p>\n<p>Papie\u017c z\u0142o\u017cy\u0142 \u017cyczenia Rzymowi, aby by\u0142 na wysoko\u015bci zadania wobec mieszkaj\u0105cych tu maluczkich, zw\u0142aszcza wobec dzieci, samotnych i s\u0142abych, wobec rodzin, kt\u00f3re z trudem usi\u0142uj\u0105 przetrwa\u0107, wobec m\u0119\u017cczyzn i kobiet, kt\u00f3rzy przybyli z daleka, maj\u0105c nadziej\u0119 na godne \u017cycie.<\/p>\n<p>    <img decoding=\"async\" src=\"data:image\/gif;base64,R0lGODlhAQABAIAAAAAAAP\/\/\/yH5BAEAAAAALAAAAAABAAEAAAIBRAA7\" data-original=\"https:\/\/www.vaticannews.va\/content\/dam\/vaticannews\/agenzie\/images\/srv\/2025\/12\/31\/2025-12-31-primi-vespri-e-te-deum\/1767198708995.JPG\/_jcr_content\/renditions\/cq5dam.thumbnail.cropped.750.422.jpeg\" alt=\"Papie\u017c z\u0142o\u017cy\u0142 \u017cyczenia Rzymowi, aby by\u0142 na wysoko\u015bci zadania wobec mieszkaj\u0105cych tu maluczkich\" title=\"Papie\u017c z\u0142o\u017cy\u0142 \u017cyczenia Rzymowi, aby by\u0142 na wysoko\u015bci zadania wobec mieszkaj\u0105cych tu maluczkich\"\/><\/p>\n<p>\n   Papie\u017c z\u0142o\u017cy\u0142 \u017cyczenia Rzymowi, aby by\u0142 na wysoko\u015bci zadania wobec mieszkaj\u0105cych tu maluczkich \u00a0 (@VATICAN MEDIA)\n  <\/p>\n<p>Wdzi\u0119czno\u015b\u0107 za dar Jubileuszu<\/p>\n<p>Na zako\u0144czenie swojego ostatniego przem\u00f3wienia w obecnym roku Papie\u017c zach\u0119ci\u0142 do wdzi\u0119czno\u015bci Bogu za dar Jubileuszu, b\u0119d\u0105cego wielkim znakiem Jego planu nadziei dla cz\u0142owieka i dla \u015bwiata. Papie\u017c podzi\u0119kowa\u0142 wszystkim, kt\u00f3rzy podczas Jubileuszu pracowali w s\u0142u\u017cbie pielgrzymom i nad tym, aby Rzym sta\u0142 si\u0119 bardziej go\u015bcinny. Tego w\u0142a\u015bnie pragn\u0105\u0142 papie\u017c Franciszek, og\u0142aszaj\u0105c Jubileusz. Leon XIV zach\u0119ci\u0142 do kontynuacji, aby Rzym nadal by\u0142 miastem o\u017cywionym chrze\u015bcija\u0144sk\u0105 nadziej\u0105, aby pozosta\u0142 w s\u0142u\u017cbie Bo\u017cego planu mi\u0142o\u015bci wobec rodziny ludzkiej.<\/p>\n<p>      <a href=\"https:\/\/www.vaticannews.va\/pl\/kosciol\/news\/2025-12\/kard-grzegorz-rys-ekumenizm-i-dialog-w-dna-lodzi-idealne-mie.html\" title=\"Kard. Ry\u015b: Ekumenizm i dialog w DNA \u0141odzi \u2013 idealne miejsce dla Taiz\u00e9\" rel=\"nofollow noopener\" target=\"_blank\"><\/p>\n<p>         <img decoding=\"async\" src=\"data:image\/gif;base64,R0lGODlhAQABAIAAAAAAAP\/\/\/yH5BAEAAAAALAAAAAABAAEAAAIBRAA7\" data-original=\"https:\/\/www.vaticannews.va\/content\/dam\/vaticannews\/multimedia\/2025\/dicembre\/31\/we.jpg\/_jcr_content\/renditions\/cq5dam.thumbnail.cropped.500.281.jpeg\" alt=\"Kard. Ry\u015b: Ekumenizm i dialog w DNA \u0141odzi \u2013 idealne miejsce dla Taiz\u00e9\"\/><\/p>\n<p>       <\/a><\/p>\n<p>\n       \u0141\u00f3d\u017a b\u0119dzie gospodarzem kolejnego, 49. Europejskiego Spotkania M\u0142odych, organizowanego przez Wsp\u00f3lnot\u0119 z Taiz\u00e9. Og\u0142osi\u0142 to w Pary\u017cu brat Matthew, przeor wsp\u00f3lnoty, podczas &#8230;\n      <\/p>\n<p> <\/p>\n","protected":false},"excerpt":{"rendered":"Papie\u017c Leon XIV przewodniczy\u0142 w Bazylice \u015bw. Piotra pierwszym nieszporom uroczysto\u015bci \u015awi\u0119tej Bo\u017cej Rodzicielki. Zach\u0119ci\u0142 do wdzi\u0119czno\u015bci za&hellip;\n","protected":false},"author":2,"featured_media":182028,"comment_status":"","ping_status":"","sticky":false,"template":"","format":"standard","meta":{"footnotes":""},"categories":[5],"tags":[32,33,36,37,27,34,35,28,31,25,2200,42,38,40,39,41,29,30,26],"class_list":{"0":"post-182027","1":"post","2":"type-post","3":"status-publish","4":"format-standard","5":"has-post-thumbnail","7":"category-naglowki","8":"tag-breaking-news","9":"tag-breakingnews","10":"tag-featured-news","11":"tag-featurednews","12":"tag-headlines","13":"tag-latest-news","14":"tag-latestnews","15":"tag-naglowki","16":"tag-najwazniejsze-artykuly","17":"tag-news","18":"tag-papiez-leon-xiv","19":"tag-pl","20":"tag-poland","21":"tag-polish","22":"tag-polska","23":"tag-polski","24":"tag-top-stories","25":"tag-topstories","26":"tag-wiadomosci"},"share_on_mastodon":{"url":"https:\/\/pubeurope.com\/@pl\/115820923663946125","error":""},"_links":{"self":[{"href":"https:\/\/www.europesays.com\/pl\/wp-json\/wp\/v2\/posts\/182027","targetHints":{"allow":["GET"]}}],"collection":[{"href":"https:\/\/www.europesays.com\/pl\/wp-json\/wp\/v2\/posts"}],"about":[{"href":"https:\/\/www.europesays.com\/pl\/wp-json\/wp\/v2\/types\/post"}],"author":[{"embeddable":true,"href":"https:\/\/www.europesays.com\/pl\/wp-json\/wp\/v2\/users\/2"}],"replies":[{"embeddable":true,"href":"https:\/\/www.europesays.com\/pl\/wp-json\/wp\/v2\/comments?post=182027"}],"version-history":[{"count":0,"href":"https:\/\/www.europesays.com\/pl\/wp-json\/wp\/v2\/posts\/182027\/revisions"}],"wp:featuredmedia":[{"embeddable":true,"href":"https:\/\/www.europesays.com\/pl\/wp-json\/wp\/v2\/media\/182028"}],"wp:attachment":[{"href":"https:\/\/www.europesays.com\/pl\/wp-json\/wp\/v2\/media?parent=182027"}],"wp:term":[{"taxonomy":"category","embeddable":true,"href":"https:\/\/www.europesays.com\/pl\/wp-json\/wp\/v2\/categories?post=182027"},{"taxonomy":"post_tag","embeddable":true,"href":"https:\/\/www.europesays.com\/pl\/wp-json\/wp\/v2\/tags?post=182027"}],"curies":[{"name":"wp","href":"https:\/\/api.w.org\/{rel}","templated":true}]}}