{"id":182063,"date":"2026-01-01T17:23:08","date_gmt":"2026-01-01T17:23:08","guid":{"rendered":"https:\/\/www.europesays.com\/pl\/182063\/"},"modified":"2026-01-01T17:23:08","modified_gmt":"2026-01-01T17:23:08","slug":"ukrainiec-zatrzymany-na-okeciu-sluzby-zwrocily-uwage-na-to-co-mial-przy-sobie","status":"publish","type":"post","link":"https:\/\/www.europesays.com\/pl\/182063\/","title":{"rendered":"Ukrainiec zatrzymany na Ok\u0119ciu. S\u0142u\u017cby zwr\u00f3ci\u0142y uwag\u0119 na to, co mia\u0142 przy sobie"},"content":{"rendered":"<p>W drugi dzie\u0144 \u015bwi\u0105t Bo\u017cego Narodzenia na Lotnisku Chopina w\u00a0Warszawie dosz\u0142o do incydentu, kt\u00f3ry zwr\u00f3ci\u0142 uwag\u0119 s\u0142u\u017cb. Jak informuje &#8222;Rzeczpospolita&#8221;, 23-letni Ilia S., obywatel Ukrainy, sp\u0119dzi\u0142 wiele godzin w\u00a0jednej z\u00a0lotniskowych kawiarni, co wywo\u0142a\u0142o podejrzenia ochrony. <\/p>\n<p>Wideo ze\u00a0Stegny. Ludzie uciekali w\u00a0pop\u0142ochu <\/p>\n<p>Po interwencji s\u0142u\u017cb ujawniono, \u017ce mia\u0142 przy sobie urz\u0105dzenie do zag\u0142uszania fal radiowych, kt\u00f3re dzia\u0142a\u0142o w\u00a0pasmach zarezerwowanych dla \u0142\u0105czno\u015bci i\u00a0nawigacji lotniczej.<\/p>\n<p>M\u0119\u017cczyzna zosta\u0142 oskar\u017cony o\u00a0dzia\u0142ania zagra\u017caj\u0105ce bezpiecze\u0144stwu <a href=\"https:\/\/wiadomosci.wp.pl\/usa-powodzie-i-zamiecie-sniezne-paralizuja-kraj-7236860818676224a\" rel=\"noopener noreferrer nofollow\" target=\"_blank\">ruchu lotniczego<\/a>. Nie przyzna\u0142 si\u0119 do winy i\u00a0z\u0142o\u017cy\u0142 wyja\u015bnienia, kt\u00f3re nie znajduj\u0105 potwierdzenia w\u00a0zgromadzonym materiale dowodowym. Dodatkowo, Ilia S. cz\u0119sto zmienia\u0142 wersje dotycz\u0105ce swojego pobytu na lotnisku oraz tego, czym zajmuje si\u0119 zawodowo. <\/p>\n<p>W zwi\u0105zku z\u00a0brakiem jednoznacznych wyja\u015bnie\u0144 i\u00a0gro\u017ab\u0105 ucieczki, prokuratura wprowadzi\u0142a wniosek o\u00a0tymczasowe aresztowanie obywatela Ukrainy, kt\u00f3ry zosta\u0142 przyj\u0119ty przez s\u0105d. Ilia S. pozostanie w\u00a0areszcie przez miesi\u0105c, co pozwoli na dalsze prowadzenie \u015bledztwa.<\/p>\n<p>\u0179r\u00f3d\u0142o: Rzeczpospolita<\/p>\n","protected":false},"excerpt":{"rendered":"W drugi dzie\u0144 \u015bwi\u0105t Bo\u017cego Narodzenia na Lotnisku Chopina w\u00a0Warszawie dosz\u0142o do incydentu, kt\u00f3ry zwr\u00f3ci\u0142 uwag\u0119 s\u0142u\u017cb. Jak&hellip;\n","protected":false},"author":2,"featured_media":182064,"comment_status":"","ping_status":"","sticky":false,"template":"","format":"standard","meta":{"footnotes":""},"categories":[5],"tags":[32,33,36,37,27,34,35,28,31,25,42,38,40,39,41,29,30,26],"class_list":{"0":"post-182063","1":"post","2":"type-post","3":"status-publish","4":"format-standard","5":"has-post-thumbnail","7":"category-naglowki","8":"tag-breaking-news","9":"tag-breakingnews","10":"tag-featured-news","11":"tag-featurednews","12":"tag-headlines","13":"tag-latest-news","14":"tag-latestnews","15":"tag-naglowki","16":"tag-najwazniejsze-artykuly","17":"tag-news","18":"tag-pl","19":"tag-poland","20":"tag-polish","21":"tag-polska","22":"tag-polski","23":"tag-top-stories","24":"tag-topstories","25":"tag-wiadomosci"},"share_on_mastodon":{"url":"https:\/\/pubeurope.com\/@pl\/115821006293938641","error":""},"_links":{"self":[{"href":"https:\/\/www.europesays.com\/pl\/wp-json\/wp\/v2\/posts\/182063","targetHints":{"allow":["GET"]}}],"collection":[{"href":"https:\/\/www.europesays.com\/pl\/wp-json\/wp\/v2\/posts"}],"about":[{"href":"https:\/\/www.europesays.com\/pl\/wp-json\/wp\/v2\/types\/post"}],"author":[{"embeddable":true,"href":"https:\/\/www.europesays.com\/pl\/wp-json\/wp\/v2\/users\/2"}],"replies":[{"embeddable":true,"href":"https:\/\/www.europesays.com\/pl\/wp-json\/wp\/v2\/comments?post=182063"}],"version-history":[{"count":0,"href":"https:\/\/www.europesays.com\/pl\/wp-json\/wp\/v2\/posts\/182063\/revisions"}],"wp:featuredmedia":[{"embeddable":true,"href":"https:\/\/www.europesays.com\/pl\/wp-json\/wp\/v2\/media\/182064"}],"wp:attachment":[{"href":"https:\/\/www.europesays.com\/pl\/wp-json\/wp\/v2\/media?parent=182063"}],"wp:term":[{"taxonomy":"category","embeddable":true,"href":"https:\/\/www.europesays.com\/pl\/wp-json\/wp\/v2\/categories?post=182063"},{"taxonomy":"post_tag","embeddable":true,"href":"https:\/\/www.europesays.com\/pl\/wp-json\/wp\/v2\/tags?post=182063"}],"curies":[{"name":"wp","href":"https:\/\/api.w.org\/{rel}","templated":true}]}}