{"id":182100,"date":"2026-01-01T17:43:07","date_gmt":"2026-01-01T17:43:07","guid":{"rendered":"https:\/\/www.europesays.com\/pl\/182100\/"},"modified":"2026-01-01T17:43:07","modified_gmt":"2026-01-01T17:43:07","slug":"tragiczny-final-zabawy-na-sankach-na-dolnym-slasku-nie-zyje-26-latek","status":"publish","type":"post","link":"https:\/\/www.europesays.com\/pl\/182100\/","title":{"rendered":"Tragiczny fina\u0142 zabawy na sankach na Dolnym \u015al\u0105sku. Nie \u017cyje 26-latek"},"content":{"rendered":"<p class=\"ods-c-paragraph \">Do zdarzenia dosz\u0142o 1 stycznia. 26-latek razem z 5-letni\u0105 dziewczynk\u0105 wyszli na jedn\u0105 z g\u00f3rek, aby pobawi\u0107 si\u0119 na sankach. W pewnym momencie m\u0119\u017cczyzna jednak zas\u0142ab\u0142.<\/p>\n<p> Gdzie dosz\u0142o do tragicznego zdarzenia na sankach? <\/p>\n<p> Kiedy wydarzy\u0142o si\u0119 to zdarzenie? <\/p>\n<p> Jak 5-letnia dziewczynka pomog\u0142a w sytuacji? <\/p>\n<p> Co m\u00f3wi\u0142a policja o przyczynie \u015bmierci m\u0119\u017cczyzny? <\/p>\n<p class=\"ods-c-paragraph \">\u2014 Zg\u0142oszenie m\u00f3wi\u0142o, \u017ce 26-letni m\u0119\u017cczyzna, z terenu powiatu kamiennog\u00f3rskiego uderzy\u0142 w drzewo, jednak najbardziej prawdopodobna jest wersja, \u017ce co\u015b wydarzy\u0142o si\u0119 w ciele m\u0119\u017cczyzny, w wyniku czego on zmar\u0142, wi\u0119c mog\u0142o nie doj\u015b\u0107 do \u017cadnego wypadku \u2014 powiedzia\u0142a m\u0142odsza aspirant Katarzyna Trzepak z policji w Kamiennej G\u00f3rze w rozmowie z &#8222;Gazet\u0105 Wroc\u0142awsk\u0105&#8221;.<\/p>\n<p class=\"ods-c-paragraph \">Po tym, jak 26-latek zas\u0142ab\u0142, pomoc wezwa\u0142a towarzysz\u0105ca mu 5-latka, kt\u00f3ra naciska\u0142a klakson samochodu, co zwr\u00f3ci\u0142o uwag\u0119 przechodz\u0105cego niedaleko policjanta. Na miejsce wezwano s\u0142u\u017cby, jednak \u017cycia m\u0119\u017cczyzny nie uda\u0142o si\u0119 uratowa\u0107.<\/p>\n","protected":false},"excerpt":{"rendered":"Do zdarzenia dosz\u0142o 1 stycznia. 26-latek razem z 5-letni\u0105 dziewczynk\u0105 wyszli na jedn\u0105 z g\u00f3rek, aby pobawi\u0107 si\u0119&hellip;\n","protected":false},"author":2,"featured_media":182101,"comment_status":"","ping_status":"","sticky":false,"template":"","format":"standard","meta":{"footnotes":""},"categories":[12],"tags":[32,33,36,37,27,34,35,28,31,48,25,46,42,38,414,40,39,41,47,29,30,26,1853],"class_list":{"0":"post-182100","1":"post","2":"type-post","3":"status-publish","4":"format-standard","5":"has-post-thumbnail","7":"category-polska","8":"tag-breaking-news","9":"tag-breakingnews","10":"tag-featured-news","11":"tag-featurednews","12":"tag-headlines","13":"tag-latest-news","14":"tag-latestnews","15":"tag-naglowki","16":"tag-najwazniejsze-artykuly","17":"tag-nat_styl","18":"tag-news","19":"tag-omp","20":"tag-pl","21":"tag-poland","22":"tag-policja","23":"tag-polish","24":"tag-polska","25":"tag-polski","26":"tag-screening_general","27":"tag-top-stories","28":"tag-topstories","29":"tag-wiadomosci","30":"tag-wroclaw"},"share_on_mastodon":{"url":"https:\/\/pubeurope.com\/@pl\/115821085117408691","error":""},"_links":{"self":[{"href":"https:\/\/www.europesays.com\/pl\/wp-json\/wp\/v2\/posts\/182100","targetHints":{"allow":["GET"]}}],"collection":[{"href":"https:\/\/www.europesays.com\/pl\/wp-json\/wp\/v2\/posts"}],"about":[{"href":"https:\/\/www.europesays.com\/pl\/wp-json\/wp\/v2\/types\/post"}],"author":[{"embeddable":true,"href":"https:\/\/www.europesays.com\/pl\/wp-json\/wp\/v2\/users\/2"}],"replies":[{"embeddable":true,"href":"https:\/\/www.europesays.com\/pl\/wp-json\/wp\/v2\/comments?post=182100"}],"version-history":[{"count":0,"href":"https:\/\/www.europesays.com\/pl\/wp-json\/wp\/v2\/posts\/182100\/revisions"}],"wp:featuredmedia":[{"embeddable":true,"href":"https:\/\/www.europesays.com\/pl\/wp-json\/wp\/v2\/media\/182101"}],"wp:attachment":[{"href":"https:\/\/www.europesays.com\/pl\/wp-json\/wp\/v2\/media?parent=182100"}],"wp:term":[{"taxonomy":"category","embeddable":true,"href":"https:\/\/www.europesays.com\/pl\/wp-json\/wp\/v2\/categories?post=182100"},{"taxonomy":"post_tag","embeddable":true,"href":"https:\/\/www.europesays.com\/pl\/wp-json\/wp\/v2\/tags?post=182100"}],"curies":[{"name":"wp","href":"https:\/\/api.w.org\/{rel}","templated":true}]}}