{"id":182112,"date":"2026-01-01T17:49:12","date_gmt":"2026-01-01T17:49:12","guid":{"rendered":"https:\/\/www.europesays.com\/pl\/182112\/"},"modified":"2026-01-01T17:49:12","modified_gmt":"2026-01-01T17:49:12","slug":"nieuniknione-xi-wprost-o-zjednoczeniu-z-tajwanem-wp-wiadomosci","status":"publish","type":"post","link":"https:\/\/www.europesays.com\/pl\/182112\/","title":{"rendered":"&quot;Nieuniknione&quot;. Xi wprost o &quot;zjednoczeniu z Tajwanem&quot; &#8211; WP Wiadomo\u015bci"},"content":{"rendered":"<ol>\n<li><a href=\"https:\/\/news.google.com\/rss\/articles\/CBMilgFBVV95cUxQeUlDNmJRZW51aFRSRzk4SXFnZlUtSkE4MXZSbnJZN0YyX0U2ZUF3cXpXOUQ4YkkwVkt3OUM5S1pEOVo2VnFnbHdkd1ZsanVEZU1FY3lER1M5Zi1tRVpPOWtFR1ByMmladWdVVWJ3U00yM05IOWgtSEx2ZU9aNjdyWDUxT1V3RW1iQ1MyUjZheDRMMzljRHc?oc=5\" target=\"_blank\" rel=\"nofollow noopener\">&#8222;Nieuniknione&#8221;. Xi wprost o &#8222;zjednoczeniu z Tajwanem&#8221;<\/a>&nbsp;&nbsp;WP Wiadomo\u015bci<\/li>\n<li><a href=\"https:\/\/news.google.com\/rss\/articles\/CBMinAFBVV95cUxNcEE2WXJsRVI5UTJ2dGh5Q0c4cEwtLWQ1WTRNak41ZlFHMm5IbkU0NTV3dnhKTElkZTNKb0YyRXhzS0Q2Qy0xSS0xSzNScHEtMUVBNkhDb3VNXzE0T012WUkyU0ZIZHdGeEtfMTZ2bzZIMUlIVjFjTjFTSWdtQXkwdDNXdHktanBTMjZqN1BUVWwtUDlJU0tSTHB2SjE?oc=5\" target=\"_blank\" rel=\"nofollow noopener\">Zdecydowane s\u0142owa z Tajwanu. &#8222;Szykowa\u0107 si\u0119 na najgorsze&#8221;<\/a>&nbsp;&nbsp;WP Wiadomo\u015bci<\/li>\n<li><a href=\"https:\/\/news.google.com\/rss\/articles\/CBMipAFBVV95cUxOclh4Z2ZfMW9PZmpkTXBnTG5ObnYyZzMwSmtMN0xOajl2MWhJanE1TUF6VVNFTFpfeU1TZ1I2akRPZ05GV0dIOFhpR3hHdWlmOFNRM2U0LW1GWnBpU2lvT2Z4ckNCdXQzb0RHdkpoRERCc2Z5M2REb29lQkNCeTdudC1weVJMd0VpbUY4SVRqTloxcjhxVzlVb3Z3MUtNMEVZQVl5cA?oc=5\" target=\"_blank\" rel=\"nofollow noopener\">Xi Jinping grozi w Nowy Rok Tajwanowi: &#8222;Zjednoczenie Chin jest nieuniknione&#8221;<\/a>&nbsp;&nbsp;Wyborcza.pl<\/li>\n<li><a href=\"https:\/\/news.google.com\/rss\/articles\/CBMiowFBVV95cUxPeGxvZldFOFItUWlOYnc1XzhmQTl5MUFJVWFkb2FIUEw0RTBJZklNVm5fZnBzclJSNjNzMkhBbUlOekktZUVIOEFJdHVOVXZGakJqYjZfSnFaYVd4TjRnb1VsbF9xczJjeEkyUk54ck9CVXdGSUgweElDNWQtMmhtQ0xLODl4c2gyMlhLRGItNFhfMC16V0dLVW9BYXN1NEJTMVdn?oc=5\" target=\"_blank\" rel=\"nofollow noopener\">Chiny wycofuj\u0105 si\u0119 z okolic Tajwanu. \u201eSytuacja uspokoi\u0142a si\u0119\u201d<\/a>&nbsp;&nbsp;Polska Agencja Prasowa SA<\/li>\n<li><a href=\"https:\/\/news.google.com\/rss\/articles\/CBMiugFBVV95cUxNbm1oV2dSY1RMVkFFZXQtMHhYZndDTlVJaXMxRGtnUVlXX2pNNng1MUVUV3Axa0w1VmhBZUFPc0MyQ2FLYXIyUTYxT2l2UUU4MkNLQ2g5M1RUU21MdG1taTZCSkNVdXB2azI1NndNT1M0bllxOGlLdmFfZDBSN05DenoyTXB3eGl6VG90RXE2VzZKb0NkRHVncjFYUU1iTzdqVUotRDVROUhkZlZ6RjFtcnA5aXcyWjdRdlE?oc=5\" target=\"_blank\" rel=\"nofollow noopener\">Ruchy chi\u0144skich jednostek wok\u00f3\u0142 Tajwanu. Tajpej podkre\u015bla potrzeb\u0119 zachowania &#8222;czujno\u015bci&#8221;<\/a>&nbsp;&nbsp;Wydarzenia w INTERIA.PL<\/li>\n<\/ol>\n","protected":false},"excerpt":{"rendered":"&#8222;Nieuniknione&#8221;. Xi wprost o &#8222;zjednoczeniu z Tajwanem&#8221;&nbsp;&nbsp;WP Wiadomo\u015bci Zdecydowane s\u0142owa z Tajwanu. &#8222;Szykowa\u0107 si\u0119 na najgorsze&#8221;&nbsp;&nbsp;WP Wiadomo\u015bci Xi&hellip;\n","protected":false},"author":2,"featured_media":182113,"comment_status":"","ping_status":"","sticky":false,"template":"","format":"standard","meta":{"footnotes":""},"categories":[14],"tags":[32,33,27,34,35,28,31,25,40,41,80,29,30,26,82,83,84],"class_list":{"0":"post-182112","1":"post","2":"type-post","3":"status-publish","4":"format-standard","5":"has-post-thumbnail","7":"category-swiat","8":"tag-breaking-news","9":"tag-breakingnews","10":"tag-headlines","11":"tag-latest-news","12":"tag-latestnews","13":"tag-naglowki","14":"tag-najwazniejsze-artykuly","15":"tag-news","16":"tag-polish","17":"tag-polski","18":"tag-swiat","19":"tag-top-stories","20":"tag-topstories","21":"tag-wiadomosci","22":"tag-world","23":"tag-world-news","24":"tag-worldnews"},"share_on_mastodon":{"url":"","error":""},"_links":{"self":[{"href":"https:\/\/www.europesays.com\/pl\/wp-json\/wp\/v2\/posts\/182112","targetHints":{"allow":["GET"]}}],"collection":[{"href":"https:\/\/www.europesays.com\/pl\/wp-json\/wp\/v2\/posts"}],"about":[{"href":"https:\/\/www.europesays.com\/pl\/wp-json\/wp\/v2\/types\/post"}],"author":[{"embeddable":true,"href":"https:\/\/www.europesays.com\/pl\/wp-json\/wp\/v2\/users\/2"}],"replies":[{"embeddable":true,"href":"https:\/\/www.europesays.com\/pl\/wp-json\/wp\/v2\/comments?post=182112"}],"version-history":[{"count":0,"href":"https:\/\/www.europesays.com\/pl\/wp-json\/wp\/v2\/posts\/182112\/revisions"}],"wp:featuredmedia":[{"embeddable":true,"href":"https:\/\/www.europesays.com\/pl\/wp-json\/wp\/v2\/media\/182113"}],"wp:attachment":[{"href":"https:\/\/www.europesays.com\/pl\/wp-json\/wp\/v2\/media?parent=182112"}],"wp:term":[{"taxonomy":"category","embeddable":true,"href":"https:\/\/www.europesays.com\/pl\/wp-json\/wp\/v2\/categories?post=182112"},{"taxonomy":"post_tag","embeddable":true,"href":"https:\/\/www.europesays.com\/pl\/wp-json\/wp\/v2\/tags?post=182112"}],"curies":[{"name":"wp","href":"https:\/\/api.w.org\/{rel}","templated":true}]}}