{"id":182296,"date":"2026-01-01T20:12:08","date_gmt":"2026-01-01T20:12:08","guid":{"rendered":"https:\/\/www.europesays.com\/pl\/182296\/"},"modified":"2026-01-01T20:12:08","modified_gmt":"2026-01-01T20:12:08","slug":"postawa-sprzeczna-z-wartosciami-watson-wystawil-beniaminka","status":"publish","type":"post","link":"https:\/\/www.europesays.com\/pl\/182296\/","title":{"rendered":"&#8222;Postawa sprzeczna z warto\u015bciami&#8221;. Watson wystawi\u0142 beniaminka"},"content":{"rendered":"\n<p class=\"contentpart contentpart--default contentpart--text\" data-position=\"0\">&#8222;Maurice Watson nie jest ju\u017c zawodnikiem Miasta Szk\u0142a Krosno.   Kontrakt zosta\u0142 rozwi\u0105zany na wniosek gracza w trakcie sezonu, mimo   wymagaj\u0105cej sytuacji zespo\u0142u&#8221; &#8211; poinformowali przedstawiciele\u00a0<a href=\"https:\/\/sportowefakty.wp.pl\/koszykowka\/miasto-szkla-krosno\" rel=\"nofollow noopener\" target=\"_blank\">Miasto Szk\u0142a Krosno<\/a>\u00a0w komunikacie.<\/p>\n<p class=\"contentpart contentpart--default contentpart--text\" data-position=\"1\">To du\u017cy szok, bo\u00a0<a href=\"https:\/\/sportowefakty.wp.pl\/koszykowka\/maurice-watson\" rel=\"nofollow noopener\" target=\"_blank\">Maurice Watson<\/a>\u00a0do\u0142\u0105czy\u0142 do beniaminka\u00a0<a href=\"https:\/\/sportowefakty.wp.pl\/koszykowka\/plk\" rel=\"nofollow noopener\" target=\"_blank\">Orlen Basket Ligi<\/a>\u00a0ju\u017c w trakcie sezonu, a w Kro\u015bnie wi\u0105zano z tym ruchem ogromne nadzieje. Wszyscy pami\u0119taj\u0105 bowiem popisy tego zawodnika z sezonu 2021\/2022, kiedy to reprezentowa\u0142 barwy toru\u0144skich Twardych Piernik\u00f3w.<\/p>\n<p> <img role=\"presentation\" src=\"https:\/\/std.wpcdn.pl\/images\/adv\/placeholder_wp.svg\" loading=\"lazy\" alt=\"\" decoding=\"async\"\/>  <\/p>\n<p class=\"contentpart contentpart--default contentpart--text\" data-position=\"2\">ZOBACZ WIDEO: Boruc szczerze o \u017cyciu po karierze. &#8222;Problematyczny pocz\u0105tek&#8221;<\/p>\n<p class=\"contentpart contentpart--default contentpart--text\" data-position=\"4\">Watson mia\u0142 pouk\u0142ada\u0107 gr\u0119 &#8222;Szklanego Teamu&#8221; i pom\u00f3c w realizacji celu, jakim jest utrzymanie w Orlen Basket Lidze, tymczasem ten uciek\u0142.<\/p>\n<p class=\"contentpart contentpart--default contentpart--text\" data-position=\"5\">Co ciekawe \u015bmia\u0142o mo\u017cna napisa\u0107, \u017ce 32-latek w Kro\u015bnie gra\u0142 poni\u017cej oczekiwa\u0144. Mia\u0142 nawet mecze, w kt\u00f3rych notowa\u0142 9 czy 11 strat. W jedenastu wyst\u0119pach notowa\u0142 \u015brednio 13,0 punkt\u00f3w, 7,5 asysty, 3,9 zbi\u00f3rki, 1,5 przechwytu, ale te\u017c 4,2 straty. Trafia\u0142 niespe\u0142na 45 procent rzut\u00f3w z gry.<\/p>\n<p class=\"contentpart contentpart--default contentpart--text\" data-position=\"6\">Pomimo tego wiara w zawodnika nie mala\u0142a. Nadal pok\u0142adano w nim ogromne nadzieje. Problem w tym, \u017ce ten zdecydowa\u0142 si\u0119 opu\u015bci\u0107 okr\u0119t. Przedstawiciele klubu z Krosna dosadnie skomentowali takie zachowanie.<\/p>\n<p> <img role=\"presentation\" src=\"https:\/\/std.wpcdn.pl\/images\/adv\/placeholder_wp.svg\" loading=\"lazy\" alt=\"\" decoding=\"async\"\/>  <\/p>\n<p class=\"contentpart contentpart--default contentpart--text\" data-position=\"7\">&#8222;Taka postawa pozostaje sprzeczna z warto\u015bciami, kt\u00f3re klub  reprezentuje, opartymi na odpowiedzialno\u015bci, pe\u0142nym zaanga\u017cowaniu oraz  lojalno\u015bci wobec dru\u017cyny i kibic\u00f3w&#8221; &#8211; mo\u017cna przeczyta\u0107 w komunikacie.<\/p>\n<p>Wzmocnienia nieuniknione<\/p>\n<p class=\"contentpart contentpart--default contentpart--text\" data-position=\"9\">Odej\u015bcie Watsona komplikuje i tak ju\u017c trudn\u0105 sytuacj\u0119 beniaminka je\u017celi chodzi o walk\u0119 o utrzymanie. Dodatkowo z gry wypad\u0142 Przemys\u0142aw Wrona. &#8222;Musi podda\u0107 si\u0119 zabiegowi medycznemu  i w tym sezonie najprawdopodobniej nie zobaczymy go na parkietach Orlen Basket Ligi&#8221; &#8211; poinformowali przedstawiciele klubu.<\/p>\n<p class=\"contentpart contentpart--default contentpart--text\" data-position=\"10\">Co\u015b pozytywnego? W ostatnim czasie na testach w Kro\u015bnie pojawi\u0142 si\u0119 Jairus Hamilton. To 25-letni skrzyd\u0142owy, kt\u00f3ry w przesz\u0142o\u015bci wyst\u0119powa\u0142 w s\u0142owe\u0144skiej Krce Novo Mesto czy bu\u0142garskim BC Balkan Botevgrad. Sztab ma podj\u0105\u0107 decyzj\u0119 w jego sprawie.<\/p>\n<p> <img role=\"presentation\" src=\"https:\/\/std.wpcdn.pl\/images\/adv\/placeholder_wp.svg\" loading=\"lazy\" alt=\"\" decoding=\"async\"\/>  <\/p>\n<p class=\"contentpart contentpart--default contentpart--text\" data-position=\"11\">Trener\u00a0<a href=\"https:\/\/sportowefakty.wp.pl\/koszykowka\/maros-kovacik\" rel=\"nofollow noopener\" target=\"_blank\">Maros Kovacik<\/a>\u00a0i dyrektor sportowy Micha\u0142 Baran na pewno musz\u0105 te\u017c poszuka\u0107 nowego rozgrywaj\u0105cego. Przypomnijmy, \u017ce po przyj\u015bciu Watsona Miasto Szk\u0142a rozsta\u0142o si\u0119 z innym playmakerem, Javonte Hopkinsem.<\/p>\n<p class=\"contentpart contentpart--default contentpart--text\" data-position=\"12\">Miasto Szk\u0142a Krosno z bilansem 2-11 zajmuje ostatnie, 16. miejsce w  tabeli Orlen Basket Ligi. Kolejny mecz rozegra 3 stycznia (sobota,  godz. 12:30). Wtedy we w\u0142asnej hali zmierzy si\u0119 z Kingiem Szczecin, a s\u0142owacki szkoleniowiec na &#8222;jedynce&#8221; b\u0119dzie mia\u0142 do dyspozycji\u00a0<a href=\"https:\/\/sportowefakty.wp.pl\/koszykowka\/charles-jackson\" rel=\"nofollow noopener\" target=\"_blank\">Charlesa Jacksona<\/a>\u00a0i\u00a0<a href=\"https:\/\/sportowefakty.wp.pl\/koszykowka\/hubert-lalak\" rel=\"nofollow noopener\" target=\"_blank\">Huberta \u0141a\u0142aka<\/a>.<\/p>\n","protected":false},"excerpt":{"rendered":"&#8222;Maurice Watson nie jest ju\u017c zawodnikiem Miasta Szk\u0142a Krosno. Kontrakt zosta\u0142 rozwi\u0105zany na wniosek gracza w trakcie sezonu,&hellip;\n","protected":false},"author":2,"featured_media":182297,"comment_status":"","ping_status":"","sticky":false,"template":"","format":"standard","meta":{"footnotes":"","_share_on_mastodon":"0"},"categories":[24],"tags":[2449,2969,35787,30321,9488,42,38,40,39,41,127,126],"class_list":["post-182296","post","type-post","status-publish","format-standard","has-post-thumbnail","category-sport","tag-koszykowka","tag-krosno","tag-maurice-watson","tag-miasto-szkla-krosno","tag-orlen-basket-liga","tag-pl","tag-poland","tag-polish","tag-polska","tag-polski","tag-sport","tag-sports"],"share_on_mastodon":{"url":"https:\/\/pubeurope.com\/@pl\/115821670815807439","error":""},"_links":{"self":[{"href":"https:\/\/www.europesays.com\/pl\/wp-json\/wp\/v2\/posts\/182296","targetHints":{"allow":["GET"]}}],"collection":[{"href":"https:\/\/www.europesays.com\/pl\/wp-json\/wp\/v2\/posts"}],"about":[{"href":"https:\/\/www.europesays.com\/pl\/wp-json\/wp\/v2\/types\/post"}],"author":[{"embeddable":true,"href":"https:\/\/www.europesays.com\/pl\/wp-json\/wp\/v2\/users\/2"}],"replies":[{"embeddable":true,"href":"https:\/\/www.europesays.com\/pl\/wp-json\/wp\/v2\/comments?post=182296"}],"version-history":[{"count":0,"href":"https:\/\/www.europesays.com\/pl\/wp-json\/wp\/v2\/posts\/182296\/revisions"}],"wp:featuredmedia":[{"embeddable":true,"href":"https:\/\/www.europesays.com\/pl\/wp-json\/wp\/v2\/media\/182297"}],"wp:attachment":[{"href":"https:\/\/www.europesays.com\/pl\/wp-json\/wp\/v2\/media?parent=182296"}],"wp:term":[{"taxonomy":"category","embeddable":true,"href":"https:\/\/www.europesays.com\/pl\/wp-json\/wp\/v2\/categories?post=182296"},{"taxonomy":"post_tag","embeddable":true,"href":"https:\/\/www.europesays.com\/pl\/wp-json\/wp\/v2\/tags?post=182296"}],"curies":[{"name":"wp","href":"https:\/\/api.w.org\/{rel}","templated":true}]}}