{"id":182310,"date":"2026-01-01T20:25:11","date_gmt":"2026-01-01T20:25:11","guid":{"rendered":"https:\/\/www.europesays.com\/pl\/182310\/"},"modified":"2026-01-01T20:25:11","modified_gmt":"2026-01-01T20:25:11","slug":"cos-pieknego-18-letni-polak-zachwycil-w-tcs","status":"publish","type":"post","link":"https:\/\/www.europesays.com\/pl\/182310\/","title":{"rendered":"Co\u015b pi\u0119knego. 18-letni Polak zachwyci\u0142 w TCS"},"content":{"rendered":"\n<p class=\"contentpart contentpart--default contentpart--text\" data-position=\"0\">Standardowo ju\u017c 1 stycznia zaplanowano konkurs w ramach 74. <a href=\"https:\/\/sportowefakty.wp.pl\/skoki-narciarskie\/turniej-czterech-skoczni\" rel=\"nofollow noopener\" target=\"_blank\">Turnieju Czterech Skoczni<\/a>. Po tym, jak zawodnicy rywalizowali w Oberstdorfie, tym razem przenie\u015bli si\u0119 do innego niemieckiego miasta &#8211; <a href=\"https:\/\/sportowefakty.wp.pl\/niemcy\/garmisch-partenkirchen\" rel=\"nofollow noopener\" target=\"_blank\">Garmisch-Partenkirchen<\/a>.<\/p>\n<p class=\"contentpart contentpart--default contentpart--text\" data-position=\"1\">Czterech z pi\u0119ciu polskich skoczk\u00f3w wywalczy\u0142o awans do drugiego konkursu TCS. W kwalifikacjach przepad\u0142 jedynie Piotr \u017by\u0142a, po czym zosta\u0142 odes\u0142any do domu i w austriackiej cz\u0119\u015bci wyst\u0105pi Dawid Kubacki.<\/p>\n<p> <img role=\"presentation\" src=\"https:\/\/std.wpcdn.pl\/images\/adv\/placeholder_wp.svg\" loading=\"lazy\" alt=\"\" decoding=\"async\"\/>  <\/p>\n<p class=\"contentpart contentpart--default contentpart--text\" data-position=\"2\">ZOBACZ WIDEO: Oto jakie zdanie o trenerze polskich skoczk\u00f3w maj\u0105 kibice<\/p>\n<p class=\"contentpart contentpart--default contentpart--text\" data-position=\"4\">W pierwszej serii czwartkowych zawod\u00f3w z dobrej strony zaprezentowali si\u0119 Bia\u0142o-Czerwoni, a zw\u0142aszcza <a href=\"https:\/\/sportowefakty.wp.pl\/skoki-narciarskie\/kacper-tomasiak\" rel=\"nofollow noopener\" target=\"_blank\">Kacper Tomasiak<\/a>. Po tym, jak w pierwszej serii uzyska\u0142 130,5 metra, pewnie pokona\u0142 Simona Ammanna w rywalizacji w systemie KO i na p\u00f3\u0142metku by\u0142 7.<\/p>\n<p class=\"contentpart contentpart--default contentpart--text\" data-position=\"5\">Z kolei na 18. lokacie sklasyfikowano <a href=\"https:\/\/sportowefakty.wp.pl\/skoki-narciarskie\/kamil-stoch\" rel=\"nofollow noopener\" target=\"_blank\">Kamila Stocha<\/a>, kt\u00f3ry osi\u0105gn\u0105\u0142 129 metr\u00f3w. Za jego plecami uplasowa\u0142 si\u0119 natomiast Anze Lanizek, rozdzielaj\u0105c Polak\u00f3w, poniewa\u017c 20. by\u0142 <a href=\"https:\/\/sportowefakty.wp.pl\/skoki-narciarskie\/maciej-kot\" rel=\"nofollow noopener\" target=\"_blank\">Maciej Kot<\/a>\u00a0po skoku na odleg\u0142o\u015b\u0107 127 m i pokonaniu Mariusa Lindvika.<\/p>\n<p class=\"contentpart contentpart--default contentpart--text\" data-position=\"6\">Przepad\u0142 jedynie <a href=\"https:\/\/sportowefakty.wp.pl\/skoki-narciarskie\/pawel-wasek\" rel=\"nofollow noopener\" target=\"_blank\">Pawe\u0142 W\u0105sek<\/a>, ko\u0144cz\u0105c zmagania na 35. pozycji, a jego los podzielili m.in. Karl Geiger czy Andreas Wellinger. Z kolei Timi Zajc ponownie zosta\u0142 zdyskwalifikowany i otrzyma\u0142 czerwon\u0105 kartk\u0119, przez co zako\u0144czy\u0142 udzia\u0142 w TCS.<\/p>\n<p> <img role=\"presentation\" src=\"https:\/\/std.wpcdn.pl\/images\/adv\/placeholder_wp.svg\" loading=\"lazy\" alt=\"\" decoding=\"async\"\/>  <\/p>\n<p class=\"contentpart contentpart--default contentpart--text\" data-position=\"7\">W drugiej serii zar\u00f3wno Stoch, jak i Kot nie byli w stanie utrzyma\u0107 swoich miejsc i zanotowali spadki. Bia\u0142o-Czerwoni zako\u0144czyli rywalizacj\u0119 w Ga-Pa kolejno na 20. i 23. pozycji.<\/p>\n<p class=\"contentpart contentpart--default contentpart--text\" data-position=\"8\">Tomasiak natomiast mia\u0142 przed sob\u0105 trudne zadanie. Nie do\u015b\u0107, \u017ce warunki atmosferyczne by\u0142y dalekie od idea\u0142u, to musia\u0142 odda\u0107 naprawd\u0119 daleki skok, by wyprzedzi\u0107 Ryoyu Kobayashiego, kt\u00f3ry tym razem uzyska\u0142 141 metr\u00f3w. Polak uzyska\u0142 129,5 m i przegra\u0142 z Japo\u0144czykiem, przez co ostatecznie by\u0142 8.<\/p>\n<p class=\"contentpart contentpart--default contentpart--text\" data-position=\"9\">Tym samym 18-latek zanotowa\u0142 sw\u00f3j najlepszy wyst\u0119p w karierze, je\u017celi chodzi o Turniej Czterech Skoczni. W Oberstdorfie, gdzie zadebiutowa\u0142 w tym cyklu, uplasowa\u0142 si\u0119 na 14. pozycji.<\/p>\n<p class=\"contentpart contentpart--default contentpart--text\" data-position=\"10\">W Ga-Pa tak samo, jak w Oberstdorfie nieuchwytny by\u0142 <a href=\"https:\/\/sportowefakty.wp.pl\/skoki-narciarskie\/domen-prevc\" rel=\"nofollow noopener\" target=\"_blank\">Domen Prevc<\/a>. S\u0142oweniec potwierdzi\u0142, \u017ce znajduje si\u0119 w kapitalnej serii i zn\u00f3w pewnie zwyci\u0119\u017cy\u0142. Podium uzupe\u0142nili Austriacy &#8211; Jan Hoerl i Stephan Embacher.<\/p>\n<p> <img role=\"presentation\" src=\"https:\/\/std.wpcdn.pl\/images\/adv\/placeholder_wp.svg\" loading=\"lazy\" alt=\"\" decoding=\"async\"\/>  <\/p>\n<p class=\"contentpart contentpart--default contentpart--text\" data-position=\"11\">Prevc jest zdecydowanym liderem klasyfikacji 74. Turnieju Czterech Skoczni i zmierza po Z\u0142otego Or\u0142a. Teraz przed nim i reszt\u0105 skoczk\u00f3w rywalizacja w austriackiej cz\u0119\u015bci cyklu.<\/p>\n<tr> MiejsceZawodnikKrajOdleg\u0142o\u015b\u0107Punkty <\/tr>\n<tr>\n<td> 1. <\/td>\n<td> Domen Prevc <\/td>\n<td> S\u0142owenia <\/td>\n<td> 143.0\/141.0 <\/td>\n<td> 303.1 <\/td>\n<\/tr>\n<tr>\n<td> 2. <\/td>\n<td> Jan Hoerl <\/td>\n<td> Austria <\/td>\n<td> 141.0\/131.5 <\/td>\n<td> 287.7 <\/td>\n<\/tr>\n<tr>\n<td> 3. <\/td>\n<td> Stephan Embacher <\/td>\n<td> Austria <\/td>\n<td> 134.0\/141.5 <\/td>\n<td> 287.1 <\/td>\n<\/tr>\n<tr>\n<td> 4. <\/td>\n<td> Ren Nikaido <\/td>\n<td> Japonia <\/td>\n<td> 137.5\/138.0 <\/td>\n<td> 284.1 <\/td>\n<\/tr>\n<tr>\n<td> 5. <\/td>\n<td> Ryoyu Kobayashi <\/td>\n<td> Japonia <\/td>\n<td> 130.5\/141.0 <\/td>\n<td> 277.8 <\/td>\n<\/tr>\n<tr>\n<td> 6. <\/td>\n<td> Felix Hoffmann <\/td>\n<td> Niemcy <\/td>\n<td> 134.0\/136.0 <\/td>\n<td> 275.9 <\/td>\n<\/tr>\n<tr>\n<td> 7. <\/td>\n<td> Philipp Raimund <\/td>\n<td> Niemcy <\/td>\n<td> 134.0\/135.0 <\/td>\n<td> 271 <\/td>\n<\/tr>\n<tr>\n<td> 8. <\/td>\n<td> Kacper Tomasiak <\/td>\n<td> Polska <\/td>\n<td> 130.5\/129.5 <\/td>\n<td> 260.8 <\/td>\n<\/tr>\n<tr>\n<td> 9. <\/td>\n<td> Daniel Tschofenig <\/td>\n<td> Austria <\/td>\n<td> 132.5\/129.0 <\/td>\n<td> 257.4 <\/td>\n<\/tr>\n<tr>\n<td> 10. <\/td>\n<td> Maximilian Ortner <\/td>\n<td> Austria <\/td>\n<td> 130.5\/133.0 <\/td>\n<td> 255.1 <\/td>\n<\/tr>\n<tr>\n<td> 20. <\/td>\n<td> Kamil Stoch <\/td>\n<td> Polska <\/td>\n<td> 129.0\/129.0 <\/td>\n<td> 242.1 <\/td>\n<\/tr>\n<tr>\n<td> 23. <\/td>\n<td> Maciej Kot <\/td>\n<td> Polska <\/td>\n<td> 127.0\/128.0 <\/td>\n<td> 239.2 <\/td>\n<\/tr>\n<tr>\n<td> 35. <\/td>\n<td> Pawe\u0142 W\u0105sek <\/td>\n<td> Polska <\/td>\n<td> 124.5\/ <\/td>\n<td> 107.4 <\/td>\n<\/tr>\n","protected":false},"excerpt":{"rendered":"Standardowo ju\u017c 1 stycznia zaplanowano konkurs w ramach 74. Turnieju Czterech Skoczni. Po tym, jak zawodnicy rywalizowali w&hellip;\n","protected":false},"author":2,"featured_media":182311,"comment_status":"","ping_status":"","sticky":false,"template":"","format":"standard","meta":{"footnotes":""},"categories":[5],"tags":[294,32,33,25770,36,37,34999,27,35517,6799,2741,34,35,17241,28,31,25,295,17242,42,38,40,39,41,1538,570,447,25771,29,30,29423,26],"class_list":{"0":"post-182310","1":"post","2":"type-post","3":"status-publish","4":"format-standard","5":"has-post-thumbnail","7":"category-naglowki","8":"tag-austria","9":"tag-breaking-news","10":"tag-breakingnews","11":"tag-domen-prevc","12":"tag-featured-news","13":"tag-featurednews","14":"tag-garmisch-partenkirchen","15":"tag-headlines","16":"tag-jan-hoerl","17":"tag-kacper-tomasiak","18":"tag-kamil-stoch","19":"tag-latest-news","20":"tag-latestnews","21":"tag-maciej-kot","22":"tag-naglowki","23":"tag-najwazniejsze-artykuly","24":"tag-news","25":"tag-niemcy","26":"tag-pawel-wasek","27":"tag-pl","28":"tag-poland","29":"tag-polish","30":"tag-polska","31":"tag-polski","32":"tag-skoki-narciarskie","33":"tag-slowenia","34":"tag-sporty-zimowe","35":"tag-stephan-embacher","36":"tag-top-stories","37":"tag-topstories","38":"tag-turniej-czterech-skoczni","39":"tag-wiadomosci"},"share_on_mastodon":{"url":"https:\/\/pubeurope.com\/@pl\/115821721988779623","error":""},"_links":{"self":[{"href":"https:\/\/www.europesays.com\/pl\/wp-json\/wp\/v2\/posts\/182310","targetHints":{"allow":["GET"]}}],"collection":[{"href":"https:\/\/www.europesays.com\/pl\/wp-json\/wp\/v2\/posts"}],"about":[{"href":"https:\/\/www.europesays.com\/pl\/wp-json\/wp\/v2\/types\/post"}],"author":[{"embeddable":true,"href":"https:\/\/www.europesays.com\/pl\/wp-json\/wp\/v2\/users\/2"}],"replies":[{"embeddable":true,"href":"https:\/\/www.europesays.com\/pl\/wp-json\/wp\/v2\/comments?post=182310"}],"version-history":[{"count":0,"href":"https:\/\/www.europesays.com\/pl\/wp-json\/wp\/v2\/posts\/182310\/revisions"}],"wp:featuredmedia":[{"embeddable":true,"href":"https:\/\/www.europesays.com\/pl\/wp-json\/wp\/v2\/media\/182311"}],"wp:attachment":[{"href":"https:\/\/www.europesays.com\/pl\/wp-json\/wp\/v2\/media?parent=182310"}],"wp:term":[{"taxonomy":"category","embeddable":true,"href":"https:\/\/www.europesays.com\/pl\/wp-json\/wp\/v2\/categories?post=182310"},{"taxonomy":"post_tag","embeddable":true,"href":"https:\/\/www.europesays.com\/pl\/wp-json\/wp\/v2\/tags?post=182310"}],"curies":[{"name":"wp","href":"https:\/\/api.w.org\/{rel}","templated":true}]}}