{"id":182395,"date":"2026-01-01T21:26:15","date_gmt":"2026-01-01T21:26:15","guid":{"rendered":"https:\/\/www.europesays.com\/pl\/182395\/"},"modified":"2026-01-01T21:26:15","modified_gmt":"2026-01-01T21:26:15","slug":"od-1-stycznia-nowy-kraj-w-strefie-euro-polska-pojdzie-w-jego-slady","status":"publish","type":"post","link":"https:\/\/www.europesays.com\/pl\/182395\/","title":{"rendered":"Od 1 stycznia nowy kraj w strefie euro. Polska p\u00f3jdzie w jego \u015blady?"},"content":{"rendered":"<p>\t<a href=\"https:\/\/www.trends.eecpoland.eu\/pl\/\" target=\"_blank\" class=\"eec-promo-banner\" slot=\"banner-0\" rel=\"nofollow noopener\"><\/p>\n<p>\t                Wielow\u0105tkowa, intensywna debata o polskiej gospodarce w gronie przedstawicieli \u015bwiata biznesu, polityki oraz nauki i \u015brodowiska eksperckiego odb\u0119dzie si\u0119 9 lutego 2026 r. w Warszawie. Zapraszamy na EEC Trends. Rejestracja dost\u0119pna na stronie wydarzenia.<\/p>\n<p>\t<\/a><\/p>\n<ul>&#13;<\/p>\n<li>1 stycznia 2026 r. Bu\u0142garia stanie si\u0119 21 pa\u0144stwem, kt\u00f3re zrezygnuje z narodowej waluty i przyjmie euro.<\/li>\n<p>&#13;<\/p>\n<li>Wst\u0105pienie Bu\u0142garii do strefy euro ma znaczenie przede wszystkim to\u017csamo\u015bciowe. Bu\u0142garski lew by\u0142 \u015bci\u015ble zwi\u0105zany z europejsk\u0105 walut\u0105.<\/li>\n<p>&#13;<\/p>\n<li>Jak pokazuj\u0105 sonda\u017ce, Polacy nie chc\u0105 wej\u015b\u0107 do strefy euro, a politycy nie podnosz\u0105 tego tematu na agend\u0119.\u00a0<\/li>\n<p>&#13;\n<\/ul>\n<p>Bu\u0142garia\u00a0ju\u017c 1 stycznia 2026 r. oficjalnie przyjmie europejsk\u0105 walut\u0119, rezygnuj\u0105c z lewa. Ostatnimi laty ten kraj pojawia\u0142 si\u0119 w europejskiej prasie g\u0142\u00f3wnie na skutek permanentnego kryzysu gospodarczego, kt\u00f3ry nie omin\u0105\u0142 r\u00f3wnie\u017c rz\u0105du Rosena \u017belazkowa, podczas kt\u00f3rego kadencji Bu\u0142garia po raz pierwszy spe\u0142ni\u0142a wszystkie kryteria gospodarcze zwi\u0105zane z przyst\u0105pieniem do strefy euro.<\/p>\n<p>11 grudnia 2025 r. jego rz\u0105d poda\u0142 si\u0119 do dymisji na skutek masowych protest\u00f3w. Na razie nie wiadomo, kto b\u0119dzie wprowadza\u0142 Bu\u0142gari\u0119 do strefy euro. Po konsultacjach prezydenta Rumena Radewa z przyw\u00f3dcami partii konkluzja jest taka, \u017ce nie ma szans na stworzenie nowego rz\u0105du. To, kto stanie na jego czele, zdecyduje si\u0119 w trakcie nowych, \u00f3smych w ci\u0105gu pi\u0119ciu lat, wybor\u00f3w do parlamentu.<\/p>\n<p>Nawet je\u015bli ponad po\u0142owa Bu\u0142gar\u00f3w obawia si\u0119 przyj\u0119cia euro, sprawa ta nie by\u0142a cz\u0119sto podnoszona podczas antyrz\u0105dowych demonstracji, kt\u00f3re zacz\u0119\u0142y si\u0119 pod koniec listopada. Ich bezpo\u015bredni\u0105 przyczyn\u0105 by\u0142 projekt bud\u017cetu na przysz\u0142y rok, kt\u00f3ry przewidywa\u0142 podniesienie sk\u0142adek spo\u0142ecznych i emerytalnych, a zyskane w ten spos\u00f3b \u015brodki mia\u0142y pos\u0142u\u017cy\u0107 do sfinansowania podwy\u017cek dla administracji rz\u0105dowej.<\/p>\n<p>Przyj\u0119cie euro niewiele zmieni w Bu\u0142garii. Proces integracji z euro dokona\u0142 si\u0119 ju\u017c wcze\u015bniej<\/p>\n<p>Jak pisali\u015bmy w WNP ju\u017c wcze\u015bniej, nawet je\u017celi przyjmiemy, \u017ce waluta narodowa jest w pewnym sensie elementem charakteryzuj\u0105cym pa\u0144stwo, wskazuj\u0105cym na jego niezale\u017cno\u015b\u0107, na mo\u017cliwo\u015b\u0107 drukowania w\u0142asnego pieni\u0105dza i prowadzenia niezale\u017cnej polityki monetarnej,<a href=\"https:\/\/www.wnp.pl\/rynki\/dla-polski-przyjecie-euro-to-cos-innego-tam-jest-elementem-rywalizacji-ideologicznej,969326.html\" target=\"_blank\" rel=\"nofollow noopener\"> to w przypadku Bu\u0142garii tak nie by\u0142o od 1997 r<\/a>. Przypomnijmy, \u017ce bu\u0142garski lew by\u0142 sztywnie przywi\u0105zany najpierw do niemieckiej marki, a p\u00f3\u017aniej do euro. Co w swojej istocie oznacza\u0142o, i\u017c bu\u0142garska waluta de facto utraci\u0142a swoj\u0105 niezale\u017cno\u015b\u0107 ju\u017c przed laty.<\/p>\n<p>&#8211; Decyzja o tym sztywnym przywi\u0105zaniu lewa do niemieckiej marki, a potem euro wynika\u0142a z potrzeby szukania pr\u00f3b wyj\u015bcia z olbrzymiego kryzysu gospodarczego pod koniec XX w. Bu\u0142garia chcia\u0142a ustabilizowa\u0107 swoje finanse, bo cech\u0105 charakterystyczn\u0105 tego kryzysu by\u0142a hiperinflacja &#8211;\u00a0m\u00f3wi\u0142 WNP Spasimir Domaradzki, politolog zwi\u0105zany z Uniwersytetem Warszawskim.<\/p>\n<p>&#8211; To sztywne przywi\u0105zanie oznacza w najwi\u0119kszym skr\u00f3cie, \u017ce pa\u0144stwo mo\u017ce obraca\u0107 tak\u0105 ilo\u015bci\u0105 pieni\u0105dza, jak\u0105 ma w oszcz\u0119dno\u015bciach w obcej walucie. To mocno ogranicza i de facto parali\u017cuje mo\u017cliwo\u015b\u0107 prowadzenia polityki monetarnej. Natomiast w dalszym ci\u0105gu pozwala na spokojne pobieranie po\u017cyczek &#8211; doda\u0142.<\/p>\n<p>Bu\u0142garia od przyst\u0105pienia do Unii Europejskiej by\u0142a pa\u0144stwem, kt\u00f3re nosi\u0142o \u201e\u0142atk\u0119 kraju drugiej kategorii\u201d; podobnie jak Rumunia pa\u0144stwo to przyst\u0105pi\u0142o<a href=\"https:\/\/www.wnp.pl\/rynki\/dwa-nowe-kraje-wchodza-do-strefy-schengen,899740.html\" target=\"_blank\" rel=\"nofollow noopener\"> w pe\u0142ni do strefy Schengen dopiero 1 stycznia 2025 r.<\/a> Nadal pod wzgl\u0119dem PKB jest to najbiedniejszy kraj Wsp\u00f3lnoty. Wka\u017anik ten wynosi tam jedynie 2\/3 \u015bredniej unijnej w uj\u0119ciu na mieszka\u0144ca. Dlatego te\u017c wej\u015bcie do strefy euro ma dla cz\u0119\u015bci sceny politycznej w Bu\u0142garii wymiar presti\u017cowy.<\/p>\n<p>Polska w kwestii euro jest na\u00a0przeciwleg\u0142ym\u00a0biegunie<\/p>\n<p>Warto przypomnie\u0107, \u017ce Polska jest obj\u0119ta obowi\u0105zkiem przyst\u0105pienia do strefy euro &#8211; tak jak wszystkie pa\u0144stwa cz\u0142onkowskie Unii Europejskiej, z wyj\u0105tkiem Danii. Polska zobowi\u0105za\u0142a si\u0119 do przyj\u0119cia euro wraz z wej\u015bciem do Unii Europejskiej w 2004 r.<\/p>\n<p>Poza stref\u0105, w\u015br\u00f3d pa\u0144stw UE, pozostan\u0105 po przyst\u0105pieniu Bu\u0142garii do eurolandu (opr\u00f3cz Polski) Czechy, W\u0119gry, Rumunia, Szwecja oraz Dania. Polscy rz\u0105dz\u0105cy na razie nie wyra\u017caj\u0105 woli szybkiego do\u0142\u0105czenia do eurolandu.<\/p>\n<p>&#8211; Polska w tej chwili nie prowadzi prac nad przyst\u0105pieniem do strefy euro &#8211;\u00a0podkre\u015bla\u0142 szef polskiego resortu finans\u00f3w Andrzej Doma\u0144ski, pytany podczas spotkania w Luksemburgu w sprawie akcesji Bu\u0142garii do strefy euro o perspektywy wprowadzenia unijnej waluty u nas.<\/p>\n<p>&#8211; W mojej ocenie ten stan jest optymalny. Polska nie spe\u0142nia w tej chwili kryteri\u00f3w konwergencji, wi\u0119c ta dyskusja jest tak naprawd\u0119 dyskusj\u0105 zast\u0119pcz\u0105 &#8211; doda\u0142 polityk.<\/p>\n<p>Polska jest obj\u0119ta unijn\u0105 procedur\u0105 nadmiernego zad\u0142u\u017cenia, kt\u00f3ra wyklucza akcesj\u0119 do strefy euro kraju z niestabiln\u0105 struktur\u0105 fiskaln\u0105.\u00a0<\/p>\n<p>Ponadto od 2022 r. deficyt sektora finans\u00f3w publicznych przekracza 3 proc. PKB i,\u00a0jak wynika ze \u201eStrategii Zarz\u0105dzania D\u0142ugiem na lata 2026-2029\u201d, w najbli\u017cszych latach Polska nie b\u0119dzie nawet blisko tego poziomu. W 2025 r. d\u0142ug wyni\u00f3s\u0142 zapewne oko\u0142o 7 proc. PKB, w latach 2026-2028 ma si\u0119ga\u0107 5,7-6,5 proc., a w 2029 r. spa\u015b\u0107 do 4,7 proc.<\/p>\n<p>W Polsce nie ma klimatu politycznego do przyj\u0119cia euro<\/p>\n<p>Niech\u0119\u0107 polityk\u00f3w do szybkiego przyst\u0105pienia do strefy euro podzielaj\u0105 te\u017c Polacy. <a href=\"https:\/\/www.rp.pl\/finanse\/art43568131-euro-w-polsce-w-ciagu-dziesieciu-lat-polacy-sa-przeciwni\" target=\"_blank\" rel=\"nofollow noopener\">Jak wynika z sonda\u017cu Ibris dla \u201eRzeczpospolitej\u201d, ponad 62 proc. Polak\u00f3w jest przeciw wej\u015bciu Polski do strefy euro w horyzoncie najbli\u017cszych dziesi\u0119ciu lat<\/a>, w tym przesz\u0142o 40 proc. jest temu przeciwnych \u201ezdecydowanie\u201d. Chocia\u017c w\u015br\u00f3d zwolennik\u00f3w obozu rz\u0105dz\u0105cego przewa\u017caj\u0105 odpowiedzi pozytywne wobec wsp\u00f3lnej europejskiej waluty, to a\u017c 66 proc. zwolennik\u00f3w opozycji, jak r\u00f3wnie\u017c 53 proc. niezdecydowanych powiedzia\u0142o stanowcze \u201enie\u201d\u00a0europejskiej walucie.<\/p>\n<p>    \u00a9<\/p>\n<p>        Materia\u0142 chroniony prawem autorskim &#8211; zasady przedruk\u00f3w okre\u015bla<br \/>\n        <a href=\"https:\/\/www.wnp.pl\/korzystanie-z-serwisu\/\" rel=\"nofollow noopener\" target=\"_blank\">regulamin<\/a><\/p>\n","protected":false},"excerpt":{"rendered":"Wielow\u0105tkowa, intensywna debata o polskiej gospodarce w gronie przedstawicieli \u015bwiata biznesu, polityki oraz nauki i \u015brodowiska eksperckiego odb\u0119dzie&hellip;\n","protected":false},"author":2,"featured_media":182396,"comment_status":"","ping_status":"","sticky":false,"template":"","format":"standard","meta":{"footnotes":""},"categories":[14],"tags":[32,33,27,34,35,28,31,25,40,41,80,29,30,26,82,83,84],"class_list":{"0":"post-182395","1":"post","2":"type-post","3":"status-publish","4":"format-standard","5":"has-post-thumbnail","7":"category-swiat","8":"tag-breaking-news","9":"tag-breakingnews","10":"tag-headlines","11":"tag-latest-news","12":"tag-latestnews","13":"tag-naglowki","14":"tag-najwazniejsze-artykuly","15":"tag-news","16":"tag-polish","17":"tag-polski","18":"tag-swiat","19":"tag-top-stories","20":"tag-topstories","21":"tag-wiadomosci","22":"tag-world","23":"tag-world-news","24":"tag-worldnews"},"share_on_mastodon":{"url":"https:\/\/pubeurope.com\/@pl\/115821961892295223","error":""},"_links":{"self":[{"href":"https:\/\/www.europesays.com\/pl\/wp-json\/wp\/v2\/posts\/182395","targetHints":{"allow":["GET"]}}],"collection":[{"href":"https:\/\/www.europesays.com\/pl\/wp-json\/wp\/v2\/posts"}],"about":[{"href":"https:\/\/www.europesays.com\/pl\/wp-json\/wp\/v2\/types\/post"}],"author":[{"embeddable":true,"href":"https:\/\/www.europesays.com\/pl\/wp-json\/wp\/v2\/users\/2"}],"replies":[{"embeddable":true,"href":"https:\/\/www.europesays.com\/pl\/wp-json\/wp\/v2\/comments?post=182395"}],"version-history":[{"count":0,"href":"https:\/\/www.europesays.com\/pl\/wp-json\/wp\/v2\/posts\/182395\/revisions"}],"wp:featuredmedia":[{"embeddable":true,"href":"https:\/\/www.europesays.com\/pl\/wp-json\/wp\/v2\/media\/182396"}],"wp:attachment":[{"href":"https:\/\/www.europesays.com\/pl\/wp-json\/wp\/v2\/media?parent=182395"}],"wp:term":[{"taxonomy":"category","embeddable":true,"href":"https:\/\/www.europesays.com\/pl\/wp-json\/wp\/v2\/categories?post=182395"},{"taxonomy":"post_tag","embeddable":true,"href":"https:\/\/www.europesays.com\/pl\/wp-json\/wp\/v2\/tags?post=182395"}],"curies":[{"name":"wp","href":"https:\/\/api.w.org\/{rel}","templated":true}]}}