{"id":182421,"date":"2026-01-01T21:44:24","date_gmt":"2026-01-01T21:44:24","guid":{"rendered":"https:\/\/www.europesays.com\/pl\/182421\/"},"modified":"2026-01-01T21:44:24","modified_gmt":"2026-01-01T21:44:24","slug":"viki-gabor-w-calkiem-nowej-odslonie-rozowe-wlosy-i-plaszcz-w-cetki-2","status":"publish","type":"post","link":"https:\/\/www.europesays.com\/pl\/182421\/","title":{"rendered":"Viki Gabor w ca\u0142kiem nowej ods\u0142onie. R\u00f3\u017cowe w\u0142osy i p\u0142aszcz w c\u0119tki"},"content":{"rendered":"<p class=\"ods-c-paragraph \">Katowicki Spodek sta\u0142 si\u0119 aren\u0105 jednej z najg\u0142o\u015bniejszych i najbardziej wyczekiwanych imprez sylwestrowych w Polsce. W\u015br\u00f3d artyst\u00f3w, kt\u00f3rzy wyst\u0105pili podczas &#8222;<a href=\"https:\/\/plejada.pl\/temat\/sylwester-z-dwojka\/r6m4kj8\" id=\"94281a0b-770c-4dd1-9e3e-5b31bf64bd9a\" rel=\"nofollow noopener\" target=\"_blank\">Sylwestra z Dw\u00f3jk\u0105<\/a>&#8222;, znalaz\u0142y si\u0119 zar\u00f3wno najwi\u0119ksze nazwiska polskiej sceny muzycznej, jak i \u015bwiatowe gwiazdy. Na scenie pojawili si\u0119 m.in. Sting, Maryla Rodowicz, Justyna Steczkowska, Dawid Kwiatkowski, Micha\u0142 Szpak oraz Doda. Po p\u00f3\u0142nocy wyst\u0105pi\u0142a te\u017c <a href=\"https:\/\/plejada.pl\/temat\/viki-gabor\/fy04ed0\" id=\"c2a94aa0-79c1-4962-a53f-fc9fd9c8a577\" rel=\"nofollow noopener\" target=\"_blank\">Viki Gabor<\/a>.<\/p>\n<p> Jakie imi\u0119 nosi artystka, kt\u00f3ra wyst\u0105pi\u0142a na 'Sylwestrze z Dw\u00f3jk\u0105&#8217;? <\/p>\n<p> Jakie zmiany na wygl\u0105dzie mia\u0142a Viki Gabor? <\/p>\n<p> Kto og\u0142osi\u0142 \u015blub Viki Gabor? <\/p>\n<p> Jakie znane osoby wyst\u0105pi\u0142y podczas imprezy sylwestrowej? <\/p>\n<p class=\"ods-c-paragraph \">Artystka, kt\u00f3ra postawi\u0142a na nowy wizerunek, nie zdecydowa\u0142a si\u0119 jednak na rozmowy z mediami. W poprzednich dniach g\u0142o\u015bno by\u0142o o nagraniu z jej udzia\u0142em, kt\u00f3re opublikowa\u0142 Bogdan Trojanek \u2014 znany romski muzyk i dziadek Giovanniego, partnera 18-letniej piosenkarki. Na filmie Trojanek og\u0142osi\u0142, \u017ce jego wnuk i Viki Gabor zawarli \u015blub zgodnie z romsk\u0105 tradycj\u0105.<\/p>\n<p class=\"ods-c-paragraph \">Na &#8222;Sylwestrze z Dw\u00f3jk\u0105&#8221; Viki Gabor nie przypomina\u0142a siebie. Zobacz, jak pozowa\u0142a do zdj\u0119\u0107 i jak prezentowa\u0142a si\u0119 na scenie.<\/p>\n<p>Viki Gabor w ca\u0142kiem nowej ods\u0142onie. R\u00f3\u017cowe w\u0142osy i p\u0142aszcz w c\u0119tki [ZDJ\u0118CIA]    Galeria zdj\u0119\u0107    Viki Gabor    <img src=\"https:\/\/www.europesays.com\/pl\/wp-content\/uploads\/2026\/01\/8Kfk9lBaHR0cHM6Ly9vY2RuLmV1L3B1bHNjbXMvTURBXy83YjJjNjNiNmRjMTk5ZWEwZTYwY2U4NTBmMmQ1MGU2NC5qcGeRlQLNB.jpeg\" height=\"628\" width=\"940\" alt=\"Viki Gabor\" loading=\"lazy\" decoding=\"async\" class=\"ods-c-image__img ods-c-image__img--placeholder\"\/>     1\/14   <\/p>\n<p>MW Media<\/p>\n<p>        Viki Gabor    <img src=\"https:\/\/www.europesays.com\/pl\/wp-content\/uploads\/2026\/01\/NvEk9lBaHR0cHM6Ly9vY2RuLmV1L3B1bHNjbXMvTURBXy81N2ZmY2JkOTBiNGIzZDM5NjM2YWUxMWIzMjg5YWI3OC5qcGeRlQLNA.jpeg\" height=\"529\" width=\"940\" alt=\"Viki Gabor\" loading=\"lazy\" decoding=\"async\" class=\"ods-c-image__img ods-c-image__img--placeholder\"\/>     2\/14   <\/p>\n<p>MW Media<\/p>\n<p>           Viki Gabor    <img src=\"https:\/\/www.europesays.com\/pl\/wp-content\/uploads\/2026\/01\/1Yxk9lBaHR0cHM6Ly9vY2RuLmV1L3B1bHNjbXMvTURBXy84MWRmYTM2Y2VlNDdmOGFhYmM5OTY1MzEzNGE1OWM5Yy5qcGeRlQLNB.jpeg\" height=\"628\" width=\"940\" alt=\"Viki Gabor\" loading=\"lazy\" decoding=\"async\" class=\"ods-c-image__img ods-c-image__img--placeholder\"\/>     3\/14   <\/p>\n<p>MW Media<\/p>\n<p>        Viki Gabor    <img src=\"https:\/\/www.europesays.com\/pl\/wp-content\/uploads\/2026\/01\/nkYk9lBaHR0cHM6Ly9vY2RuLmV1L3B1bHNjbXMvTURBXy81M2NlN2Q4Yjc1M2E1ZGNjMjhlOWM1MWM1YzhmMGFlYS5qcGeRlQLNB.jpeg\" height=\"628\" width=\"940\" alt=\"Viki Gabor\" loading=\"lazy\" decoding=\"async\" class=\"ods-c-image__img ods-c-image__img--placeholder\"\/>     4\/14   <\/p>\n<p>MW Media<\/p>\n<p>           Viki Gabor    <img src=\"https:\/\/www.europesays.com\/pl\/wp-content\/uploads\/2026\/01\/te1k9lBaHR0cHM6Ly9vY2RuLmV1L3B1bHNjbXMvTURBXy8xYTVkM2JhZGMxY2VkNGJjODljZTM1MjQ2MDhjMDNkNy5qcGeRlQLNA.jpeg\" height=\"529\" width=\"940\" alt=\"Viki Gabor\" loading=\"lazy\" decoding=\"async\" class=\"ods-c-image__img ods-c-image__img--placeholder\"\/>     5\/14   <\/p>\n<p>MW Media<\/p>\n<p>        Viki Gabor    <img src=\"https:\/\/www.europesays.com\/pl\/wp-content\/uploads\/2026\/01\/1lfk9lBaHR0cHM6Ly9vY2RuLmV1L3B1bHNjbXMvTURBXy8zNGYxZjFlZGMxZTdhMTFkNjcwZTg1NDFhZWYyMzYxYy5qcGeRlQLNB.jpeg\" height=\"629\" width=\"940\" alt=\"Viki Gabor\" loading=\"lazy\" decoding=\"async\" class=\"ods-c-image__img ods-c-image__img--placeholder\"\/>     6\/14   <\/p>\n<p>MW Media<\/p>\n<p>           Viki Gabor    <img src=\"https:\/\/www.europesays.com\/pl\/wp-content\/uploads\/2026\/01\/W77k9lBaHR0cHM6Ly9vY2RuLmV1L3B1bHNjbXMvTURBXy9jZmU3NmI0ZjNkMDEzZTBkZTQ3NzQ3Y2U4MGYyY2Y1NC5qcGeRlQLNB.jpeg\" height=\"629\" width=\"940\" alt=\"Viki Gabor\" loading=\"lazy\" decoding=\"async\" class=\"ods-c-image__img ods-c-image__img--placeholder\"\/>     7\/14   <\/p>\n<p>MW Media<\/p>\n<p>        Viki Gabor    <img src=\"https:\/\/www.europesays.com\/pl\/wp-content\/uploads\/2026\/01\/CI2k9lBaHR0cHM6Ly9vY2RuLmV1L3B1bHNjbXMvTURBXy9hYWUyMWRlYzkwYzI0ODM5ODA1NTA1MzgzOGM4YjVhMC5qcGeRlQLNB.jpeg\" height=\"628\" width=\"940\" alt=\"Viki Gabor\" loading=\"lazy\" decoding=\"async\" class=\"ods-c-image__img ods-c-image__img--placeholder\"\/>     8\/14   <\/p>\n<p>MW Media<\/p>\n<p>           Viki Gabor    <img src=\"https:\/\/www.europesays.com\/pl\/wp-content\/uploads\/2026\/01\/EWNk9lBaHR0cHM6Ly9vY2RuLmV1L3B1bHNjbXMvTURBXy8wNTJiMDhlM2RhMDM0YWZmMWI1NzQ4YTAxYzM2N2I2OC5qcGeRlQLNB.jpeg\" height=\"627\" width=\"940\" alt=\"Viki Gabor\" loading=\"lazy\" decoding=\"async\" class=\"ods-c-image__img ods-c-image__img--placeholder\"\/>     9\/14   <\/p>\n<p>Pawe\u0142 Wrzecion \/ AKPA<\/p>\n<p>        Viki Gabor    <img src=\"https:\/\/www.europesays.com\/pl\/wp-content\/uploads\/2026\/01\/9L5k9lBaHR0cHM6Ly9vY2RuLmV1L3B1bHNjbXMvTURBXy8zMzYzMjczZmM2NmFkMWM5YTE0Y2E1NjA5ZmNiN2M0Ny5qcGeRlQLNB.jpeg\" height=\"627\" width=\"940\" alt=\"Viki Gabor\" loading=\"lazy\" decoding=\"async\" class=\"ods-c-image__img ods-c-image__img--placeholder\"\/>     10\/14   <\/p>\n<p>Pawe\u0142 Wrzecion \/ AKPA<\/p>\n<p>           Viki Gabor    <img src=\"https:\/\/www.europesays.com\/pl\/wp-content\/uploads\/2026\/01\/8ngk9lBaHR0cHM6Ly9vY2RuLmV1L3B1bHNjbXMvTURBXy9jNzEyMjg1OTJmODNjZDQ3MGQ4YjAwNjJiNGY1NjgxYy5qcGeRlQLNB.jpeg\" height=\"627\" width=\"940\" alt=\"Viki Gabor\" loading=\"lazy\" decoding=\"async\" class=\"ods-c-image__img ods-c-image__img--placeholder\"\/>     11\/14   <\/p>\n<p>Pawe\u0142 Wrzecion \/ AKPA<\/p>\n<p>        Viki Gabor    <img src=\"https:\/\/www.europesays.com\/pl\/wp-content\/uploads\/2026\/01\/2P5k9lBaHR0cHM6Ly9vY2RuLmV1L3B1bHNjbXMvTURBXy9mNmQ1ZTBmNmY2ODAzM2Y4MmUwMDA0MTRmMjM5MWFkYi5qcGeRlQLNA.jpeg\" height=\"529\" width=\"940\" alt=\"Viki Gabor\" loading=\"lazy\" decoding=\"async\" class=\"ods-c-image__img ods-c-image__img--placeholder\"\/>     12\/14   <\/p>\n<p>Pawe\u0142 Wrzecion \/ AKPA<\/p>\n<p>           Viki Gabor    <img src=\"https:\/\/www.europesays.com\/pl\/wp-content\/uploads\/2026\/01\/Hiek9lBaHR0cHM6Ly9vY2RuLmV1L3B1bHNjbXMvTURBXy9jMzdjNTQwNDQxMmNkNzA3OWQyYzY1NjAwNTNkNDNkZi5qcGeRlQLNA.jpeg\" height=\"529\" width=\"940\" alt=\"Viki Gabor\" loading=\"lazy\" decoding=\"async\" class=\"ods-c-image__img ods-c-image__img--placeholder\"\/>     13\/14   <\/p>\n<p>Pawe\u0142 Wrzecion \/ AKPA<\/p>\n<p>        Viki Gabor    <img src=\"https:\/\/www.europesays.com\/pl\/wp-content\/uploads\/2026\/01\/fWVk9lBaHR0cHM6Ly9vY2RuLmV1L3B1bHNjbXMvTURBXy81NjJiZDc0YmM5ZmNjOTcxYTZlNDk2NzM5MTg4YTYzNC5qcGeRlQLNB.jpeg\" height=\"627\" width=\"940\" alt=\"Viki Gabor\" loading=\"lazy\" decoding=\"async\" class=\"ods-c-image__img ods-c-image__img--placeholder\"\/>     14\/14   <\/p>\n<p>Pawe\u0142 Wrzecion \/ AKPA<\/p>\n<p>Dzi\u0119kujemy, \u017ce przeczyta\u0142a\u015b\/e\u015b nasz artyku\u0142 do ko\u0144ca. W serwisie Plejada.pl ka\u017cdego dnia piszemy o najwa\u017cniejszych wydarzeniach show-biznesowych. B\u0105d\u017a na bie\u017c\u0105co i obserwuj Plejad\u0119 w <a href=\"http:\/\/news.google.com\/publications\/CAAiEF0PeAlb7W1llpV_mwV2rL4qFAgKIhBdD3gJW-1tZZaVf5sFdqy-?hl=pl&amp;gl=PL&amp;ceid=PL%3Apl\" rel=\"nofollow noopener\" target=\"_blank\">Wiadomo\u015bciach Google<\/a>. Odwied\u017a nas tak\u017ce na <a href=\"http:\/\/facebook.com\/plejadapl\" rel=\"nofollow noopener\" target=\"_blank\">Facebooku<\/a> , <a href=\"http:\/\/instagram.com\/plejadapl\/\" rel=\"nofollow noopener\" target=\"_blank\">Instagramie<\/a>, <a href=\"http:\/\/youtube.com\/c\/plejada\" rel=\"nofollow noopener\" target=\"_blank\">YouTubie<\/a> i <a href=\"http:\/\/tiktok.com\/@plejada_pl\" rel=\"nofollow noopener\" target=\"_blank\">TikToku<\/a>. <\/p>\n<p>Chcesz podzieli\u0107 si\u0119 ciekawym newsem lub zaproponowa\u0107 temat? Skontaktuj si\u0119 z nami, pisz\u0105c maila na adres: plejada@redakcjaonet.pl.<\/p>\n<p>  <script async src=\"\/\/www.instagram.com\/embed.js\"><\/script><script async src=\"\/\/www.tiktok.com\/embed.js\"><\/script><\/p>\n","protected":false},"excerpt":{"rendered":"Katowicki Spodek sta\u0142 si\u0119 aren\u0105 jednej z najg\u0142o\u015bniejszych i najbardziej wyczekiwanych imprez sylwestrowych w Polsce. W\u015br\u00f3d artyst\u00f3w, kt\u00f3rzy&hellip;\n","protected":false},"author":2,"featured_media":182422,"comment_status":"","ping_status":"","sticky":false,"template":"","format":"standard","meta":{"footnotes":""},"categories":[22],"tags":[122,3846,48,46,42,38,40,39,41,123,47,22478,2027,804],"class_list":{"0":"post-182421","1":"post","2":"type-post","3":"status-publish","4":"format-standard","5":"has-post-thumbnail","7":"category-rozrywka","8":"tag-entertainment","9":"tag-metamorfoza","10":"tag-nat_styl","11":"tag-omp","12":"tag-pl","13":"tag-poland","14":"tag-polish","15":"tag-polska","16":"tag-polski","17":"tag-rozrywka","18":"tag-screening_general","19":"tag-sylwester_z_dwojka","20":"tag-viki_gabor","21":"tag-zdjecia_gwiazd"},"share_on_mastodon":{"url":"https:\/\/pubeurope.com\/@pl\/115822032637221096","error":""},"_links":{"self":[{"href":"https:\/\/www.europesays.com\/pl\/wp-json\/wp\/v2\/posts\/182421","targetHints":{"allow":["GET"]}}],"collection":[{"href":"https:\/\/www.europesays.com\/pl\/wp-json\/wp\/v2\/posts"}],"about":[{"href":"https:\/\/www.europesays.com\/pl\/wp-json\/wp\/v2\/types\/post"}],"author":[{"embeddable":true,"href":"https:\/\/www.europesays.com\/pl\/wp-json\/wp\/v2\/users\/2"}],"replies":[{"embeddable":true,"href":"https:\/\/www.europesays.com\/pl\/wp-json\/wp\/v2\/comments?post=182421"}],"version-history":[{"count":0,"href":"https:\/\/www.europesays.com\/pl\/wp-json\/wp\/v2\/posts\/182421\/revisions"}],"wp:featuredmedia":[{"embeddable":true,"href":"https:\/\/www.europesays.com\/pl\/wp-json\/wp\/v2\/media\/182422"}],"wp:attachment":[{"href":"https:\/\/www.europesays.com\/pl\/wp-json\/wp\/v2\/media?parent=182421"}],"wp:term":[{"taxonomy":"category","embeddable":true,"href":"https:\/\/www.europesays.com\/pl\/wp-json\/wp\/v2\/categories?post=182421"},{"taxonomy":"post_tag","embeddable":true,"href":"https:\/\/www.europesays.com\/pl\/wp-json\/wp\/v2\/tags?post=182421"}],"curies":[{"name":"wp","href":"https:\/\/api.w.org\/{rel}","templated":true}]}}