{"id":182423,"date":"2026-01-01T21:48:09","date_gmt":"2026-01-01T21:48:09","guid":{"rendered":"https:\/\/www.europesays.com\/pl\/182423\/"},"modified":"2026-01-01T21:48:09","modified_gmt":"2026-01-01T21:48:09","slug":"warszawa-23-letni-ukrainiec-zatrzymany-na-okeciu-mial-zagluszarke","status":"publish","type":"post","link":"https:\/\/www.europesays.com\/pl\/182423\/","title":{"rendered":"Warszawa. 23-letni Ukrainiec zatrzymany na Ok\u0119ciu. Mia\u0142 zag\u0142uszark\u0119"},"content":{"rendered":"<p>W skr\u00f3cie<\/p>\n<ul class=\"typography ids-typeset-body ids-typeset-body--preset-large list ids-list ids-list--unordered ids-list--size-large \" datatype=\"disc\">\n<li class=\"ids-list-item\">\n<p>S\u0142u\u017cby zatrzyma\u0142y 23-letniego Ukrai\u0144ca na lotnisku w Warszawie za posiadanie urz\u0105dzenia do zag\u0142uszania fal radiowych. przeznaczonych do komunikacji lotniczej.<\/p>\n<\/li>\n<li class=\"ids-list-item\">\n<p>M\u0119\u017cczyzna nie potrafi\u0142 racjonalnie wyja\u015bni\u0107 swojej obecno\u015bci na lotnisku ani posiadania sprz\u0119tu, zmienia\u0142 wersje swojej to\u017csamo\u015bci.<\/p>\n<\/li>\n<li class=\"ids-list-item\">\n<p>S\u0105d zdecydowa\u0142 o miesi\u0119cznym areszcie tymczasowym, a \u015bledztwo ma wyja\u015bni\u0107 jego motywy; postawiono mu zarzut usi\u0142owania dzia\u0142a\u0144 zagra\u017caj\u0105cych bezpiecze\u0144stwu ruchu lotniczego.<\/p>\n<\/li>\n<li class=\"ids-list-item\"><\/li>\n<\/ul>\n<p class=\"typography ids-typeset-body ids-typeset-body--preset-large link paragraph ids-paragraph ids-paragraph--default\">Jak poinformowa\u0142 prok. Piotr Antoni Skiba, 27 grudnia s\u0105d zastosowa\u0142 miesi\u0119czny areszt tymczasowy wobec 23-letniego obywatela Ukrainy Illii S., kt\u00f3ry drugiego dnia \u015awi\u0105t Bo\u017cego Narodzenia godzinami przesiadywa\u0142 w jednym z lokali gastronomicznych na warszawskim lotnisku.<\/p>\n<p class=\"typography ids-typeset-body ids-typeset-body--preset-large link paragraph ids-paragraph ids-paragraph--default\">Jako pierwsza o sprawie poinformowa\u0142a &#8222;Rzeczpospolita&#8221;. Podejrzenia s\u0142u\u017cb ochrony lotniska wzbudzi\u0142o to, \u017ce godzinami przesiaduje &#8211; przy kawie i laptopie &#8211; w jednej z kawiarni znajduj\u0105cych si\u0119 w hali Portu Lotniczego Warszawa-Ok\u0119cie. Wed\u0142ug ustale\u0144 dziennika w dniu zatrzymania m\u0119\u017cczyzna sp\u0119dzi\u0142 w lotniskowej kawiarni sze\u015b\u0107 godzin.<\/p>\n<p>Warszawa. Ukrainiec zatrzymany na lotnisku Chopina<\/p>\n<p class=\"typography ids-typeset-body ids-typeset-body--preset-large link paragraph ids-paragraph ids-paragraph--default\">Zachowanie m\u0119\u017cczyzny wzbudzi\u0142o podejrzenia s\u0142u\u017cb ochrony portu, kt\u00f3re znalaz\u0142y przy nim urz\u0105dzenie do zag\u0142uszania fal radiowych, dzia\u0142aj\u0105ce w pasmach cz\u0119stotliwo\u015bci zarezerwowanych dla \u0142\u0105czno\u015bci i nawigacji lotniczej. W\u00f3wczas m\u0119\u017cczyzn\u0119 zatrzymano.<\/p>\n<p class=\"typography ids-typeset-body ids-typeset-body--preset-large link paragraph ids-paragraph ids-paragraph--default\">Po zatrzymaniu Ukrainiec nie potrafi\u0142 racjonalnie wyt\u0142umaczy\u0107, co robi\u0142 na lotnisku, ani w jakim celu posiada\u0142 sprz\u0119t do zag\u0142uszania fal radiowych.<\/p>\n<p class=\"typography ids-typeset-body ids-typeset-body--preset-large link paragraph ids-paragraph ids-paragraph--default\">&#8222;Raz twierdzi\u0142, \u017ce jest \u017co\u0142nierzem, by zaraz potem m\u00f3wi\u0107, \u017ce jest biznesmenem. Nie wyja\u015bni\u0142 tak\u017ce, co robi\u0142 w Polsce, kiedy i po co tu przyjecha\u0142&#8221; &#8211; wskazuj\u0105 \u017ar\u00f3d\u0142a &#8222;Rz&#8221;. Jak deklarowa\u0142, na sta\u0142e mieszka w Kanadzie.<\/p>\n<p>23-letni Ukrainiec aresztowany. S\u0142u\u017cby wyja\u015bni\u0105, po co mu by\u0142a zag\u0142uszarka<\/p>\n<p class=\"typography ids-typeset-body ids-typeset-body--preset-large link paragraph ids-paragraph ids-paragraph--default\">W sobot\u0119 27 grudnia prokurator skierowa\u0142 wniosek o aresztowanie m\u0119\u017cczyzny.<\/p>\n<p class=\"typography ids-typeset-body ids-typeset-body--preset-large link paragraph ids-paragraph ids-paragraph--default\">Jak wyja\u015bnii\u0142 prok. Skiba, prokuratura wnioskowa\u0142a o trzymiesi\u0119czny areszt, jednak s\u0105d stwierdzi\u0142, \u017ce miesi\u0105c jest wystarczaj\u0105cy na powo\u0142anie bieg\u0142ego. Pomo\u017ce on ustali\u0107, co znajduje si\u0119 na zabezpieczonych no\u015bnikach i do czego dok\u0142adnie s\u0142u\u017cy\u0142y.<\/p>\n<p class=\"typography ids-typeset-body ids-typeset-body--preset-large link paragraph ids-paragraph ids-paragraph--default\">Jak informowa\u0142a czwartkowa &#8222;Rzeczpospolita&#8221;, m\u0119\u017cczy\u017anie postawiono zarzut z art. 13 par. 1 k.k. w zw. z art. 212 ust. 1 pkt. 4 ustawy Prawo lotnicze, czyli usi\u0142owania dzia\u0142a\u0144 &#8222;zagra\u017caj\u0105cych bezpiecze\u0144stwu ruchu lotniczego&#8221;.<\/p>\n<p>Adam Jarubas w &#8222;Graffiti&#8221;: Jest szansa na rozejm prezydenta z premieremPolsat News<\/p>\n<p><a class=\"ids-undecorated-link source ids-page-info--source__link\" href=\"https:\/\/p.iplsc.com\/-\/000L0SCEGA4O3ESS.pdf\" rel=\"nofollow noopener\" target=\"_blank\"><img decoding=\"async\" class=\"ids-image-holder__img\" loading=\"lazy\" alt=\"\" title=\"\" height=\"24px\" src=\"https:\/\/www.europesays.com\/pl\/wp-content\/uploads\/2026\/01\/0009A6098CYXTC6T-C202-F4.webp.webp\"\/><\/a><a class=\"ids-undecorated-link source ids-page-info--source__link\" href=\"https:\/\/www.interia.pl\" rel=\"nofollow noopener\" target=\"_blank\"><img decoding=\"async\" class=\"ids-image-holder__img\" loading=\"lazy\" alt=\"\" title=\"\" height=\"24px\" src=\"https:\/\/www.europesays.com\/pl\/wp-content\/uploads\/2026\/01\/1767304089_360_0009A60QQ5I2TYF7-C202-F4.webp.webp\"\/><\/a><\/p>\n<p>Masz sugestie, uwagi albo widzisz b\u0142\u0105d? Napisz do nas<\/p>\n","protected":false},"excerpt":{"rendered":"W skr\u00f3cie S\u0142u\u017cby zatrzyma\u0142y 23-letniego Ukrai\u0144ca na lotnisku w Warszawie za posiadanie urz\u0105dzenia do zag\u0142uszania fal radiowych. przeznaczonych&hellip;\n","protected":false},"author":2,"featured_media":182424,"comment_status":"","ping_status":"","sticky":false,"template":"","format":"standard","meta":{"footnotes":""},"categories":[12],"tags":[32,33,36,37,27,34,35,28,31,25,42,38,40,39,41,29,30,26],"class_list":{"0":"post-182423","1":"post","2":"type-post","3":"status-publish","4":"format-standard","5":"has-post-thumbnail","7":"category-polska","8":"tag-breaking-news","9":"tag-breakingnews","10":"tag-featured-news","11":"tag-featurednews","12":"tag-headlines","13":"tag-latest-news","14":"tag-latestnews","15":"tag-naglowki","16":"tag-najwazniejsze-artykuly","17":"tag-news","18":"tag-pl","19":"tag-poland","20":"tag-polish","21":"tag-polska","22":"tag-polski","23":"tag-top-stories","24":"tag-topstories","25":"tag-wiadomosci"},"share_on_mastodon":{"url":"https:\/\/pubeurope.com\/@pl\/115822048303790491","error":""},"_links":{"self":[{"href":"https:\/\/www.europesays.com\/pl\/wp-json\/wp\/v2\/posts\/182423","targetHints":{"allow":["GET"]}}],"collection":[{"href":"https:\/\/www.europesays.com\/pl\/wp-json\/wp\/v2\/posts"}],"about":[{"href":"https:\/\/www.europesays.com\/pl\/wp-json\/wp\/v2\/types\/post"}],"author":[{"embeddable":true,"href":"https:\/\/www.europesays.com\/pl\/wp-json\/wp\/v2\/users\/2"}],"replies":[{"embeddable":true,"href":"https:\/\/www.europesays.com\/pl\/wp-json\/wp\/v2\/comments?post=182423"}],"version-history":[{"count":0,"href":"https:\/\/www.europesays.com\/pl\/wp-json\/wp\/v2\/posts\/182423\/revisions"}],"wp:featuredmedia":[{"embeddable":true,"href":"https:\/\/www.europesays.com\/pl\/wp-json\/wp\/v2\/media\/182424"}],"wp:attachment":[{"href":"https:\/\/www.europesays.com\/pl\/wp-json\/wp\/v2\/media?parent=182423"}],"wp:term":[{"taxonomy":"category","embeddable":true,"href":"https:\/\/www.europesays.com\/pl\/wp-json\/wp\/v2\/categories?post=182423"},{"taxonomy":"post_tag","embeddable":true,"href":"https:\/\/www.europesays.com\/pl\/wp-json\/wp\/v2\/tags?post=182423"}],"curies":[{"name":"wp","href":"https:\/\/api.w.org\/{rel}","templated":true}]}}