{"id":182440,"date":"2026-01-01T22:02:07","date_gmt":"2026-01-01T22:02:07","guid":{"rendered":"https:\/\/www.europesays.com\/pl\/182440\/"},"modified":"2026-01-01T22:02:07","modified_gmt":"2026-01-01T22:02:07","slug":"donald-tusk-spotka-sie-z-karolem-nawrockim-rzecznik-rzadu-z-nowymi-informacjami","status":"publish","type":"post","link":"https:\/\/www.europesays.com\/pl\/182440\/","title":{"rendered":"Donald Tusk spotka si\u0119 z Karolem Nawrockim? Rzecznik rz\u0105du z nowymi informacjami"},"content":{"rendered":"<p class=\"ods-c-paragraph \"><a href=\"https:\/\/wiadomosci.onet.pl\/kraj\/rozmowy-w-sprawie-ukrainy-donald-tusk-pokoj-jest-na-horyzoncie\/3fxwj88\" id=\"b90b9e32-e640-4266-877a-22b26d96df48\" rel=\"nofollow noopener\" target=\"_blank\">Przed wtorkowym posiedzeniem rz\u0105du premier powiedzia\u0142, \u017ce liczy na pilne spotkanie z prezydentem<\/a>. Podkre\u015bli\u0142, \u017ce rz\u0105d i o\u015brodek prezydencki powinny \u2014 w interesie Polski \u2014 koordynowa\u0107 wszystkie swoje dzia\u0142ania w wymiarze mi\u0119dzynarodowym tym bardziej, \u017ce w najbli\u017cszym czasie mog\u0105 si\u0119 wa\u017cy\u0107 decyzje w sprawie Ukrainy.<\/p>\n<p class=\"ods-c-paragraph \">Rzecznik rz\u0105du, pytany w czwartek w TVN24 o dat\u0119 spotkania, odpar\u0142: &#8222;nie znam daty, nie ma ustalonej daty&#8221;. \u2014 My\u015bl\u0119, \u017ce do tego spotkania powinno doj\u015b\u0107 na pocz\u0105tku stycznia \u2014 przyzna\u0142.<\/p>\n<p>Dalszy ci\u0105g artyku\u0142u pod materia\u0142em wideo<\/p>\n<p> Kiedy planowane jest spotkanie Donalda Tuska z Karolem Nawrockim? <\/p>\n<p> Jakie s\u0105 plany rz\u0105du w kontek\u015bcie Ukrainy? <\/p>\n<p> Co powiedzia\u0142 Karol Nawrocki w swoim noworocznym or\u0119dziu? <\/p>\n<p> Jakie priorytety na 2026 rok wymieni\u0142 premier Tusk? <\/p>\n<p>  Rzecznik rz\u0105du ocenia or\u0119dzie prezydenta<\/p>\n<p class=\"ods-c-paragraph \">Sz\u0142apka odni\u00f3s\u0142 si\u0119 te\u017c do <a href=\"https:\/\/wiadomosci.onet.pl\/kraj\/karol-nawrocki-wyglosil-oredzie-wskazal-trzy-glowne-cele-na-przyszlosc\/jgh7gcb\" id=\"cab722e7-5cb6-4474-af74-78c162dd109c\" rel=\"nofollow noopener\" target=\"_blank\">pierwszego noworocznego or\u0119dzia prezydenta<\/a>. Pytany, czy us\u0142ysza\u0142 w nim wol\u0119 wsp\u00f3\u0142pracy z rz\u0105dem, stwierdzi\u0142, \u017ce przede wszystkim s\u0142ysza\u0142 ch\u0119\u0107 m\u00f3wienia &#8222;ja&#8221;. \u2014 My\u015bl\u0119, \u017ce na takiej funkcji od ka\u017cdego polityka wymaga si\u0119 m\u00f3wienia &#8222;my&#8221;. Po to si\u0119 startuje w wyborach i stara si\u0119 w nich wygrywa\u0107, \u017ceby pe\u0142ni\u0107 funkcj\u0119 publiczn\u0105, (&#8230;) my\u015ble\u0107 o interesie dobra publicznego \u2014 powiedzia\u0142 rzecznik rz\u0105du.<\/p>\n<p class=\"ods-c-paragraph \">\u2014 Licz\u0119 na to, \u017ce prezydent i jego otoczenie dorosn\u0105 do momentu, \u017ce w tych najwa\u017cniejszych sprawach da si\u0119 wsp\u00f3\u0142pracowa\u0107 \u2014 doda\u0142 Sz\u0142apka. Prezydentowi \u017cyczy\u0142, by &#8222;od\u0142o\u017cy\u0142 na bok interes partyjny i by z ka\u017cdym miesi\u0105cem dojrzewa\u0142 do swojej funkcji&#8221;.<\/p>\n<p>Or\u0119dzie Karola Nawrockiego<\/p>\n<p class=\"ods-c-paragraph \">W \u015brod\u0119 w noworocznym or\u0119dziu Karol Nawrocki powiedzia\u0142, \u017ce Polacy, wybieraj\u0105c go na prezydenta, uznali, \u017ce chc\u0105 zmiany. Zaznaczy\u0142, \u017ce kierunkiem, w kt\u00f3rym Polska powinna zmierza\u0107 w 2026 r., jest rozw\u00f3j, bezpiecze\u0144stwo i lepsze \u017cycie obywateli.<\/p>\n<p class=\"ods-c-paragraph \">Prezydent przypomnia\u0142 te\u017c o zaproszeniu Polski na przysz\u0142oroczny szczyt G20. \u2014 Polska w G20 to musi by\u0107 kierunek na kolejne lata i dekady \u2014 o\u015bwiadczy\u0142. Wskaza\u0142, \u017ce tylko pa\u0144stwo silne gospodarczo mo\u017ce by\u0107 silne militarnie. Nawrocki doda\u0142, \u017ce &#8222;Polska jest silna w NATO, ale przede wszystkim musimy liczy\u0107 na siebie&#8221;.<\/p>\n<p class=\"ods-c-paragraph \">W czwartek or\u0119dzie noworoczne wyg\u0142osi\u0142 r\u00f3wnie\u017c premier Tusk. Stwierdzi\u0142 w nim, \u017ce 2026 b\u0119dzie rokiem polskiego przyspieszenia. \u2014 Przyspieszymy budow\u0119 najsilniejszej armii w Europie. Przyspieszymy wielkie inwestycje infrastrukturalne. To b\u0119dzie rok szybkiego zdobywania Ba\u0142tyku(&#8230;). Intensywna repolonizacja i odbudowa przemys\u0142u, w tym przemys\u0142u obronnego \u2014 wyliczy\u0142 szef rz\u0105du.<\/p>\n<p class=\"ods-c-paragraph \">Zapowiedzia\u0142 &#8222;doci\u015bni\u0119cie \u015bruby przest\u0119pcom wszelkiej ma\u015bci, czy to b\u0119dzie kr\u00f3l kiboli, handlarz narkotyk\u00f3w, skorumpowany polityk czy prorosyjski boj\u00f3wkarz&#8221;. \u2014 Ka\u017cdy bez wyj\u0105tku, kto \u0142amie prawo, w nadchodz\u0105cym roku gorzko tego po\u017ca\u0142uje \u2014 zapewni\u0142 premier.<\/p>\n","protected":false},"excerpt":{"rendered":"Przed wtorkowym posiedzeniem rz\u0105du premier powiedzia\u0142, \u017ce liczy na pilne spotkanie z prezydentem. Podkre\u015bli\u0142, \u017ce rz\u0105d i o\u015brodek&hellip;\n","protected":false},"author":2,"featured_media":182441,"comment_status":"","ping_status":"","sticky":false,"template":"","format":"standard","meta":{"footnotes":""},"categories":[12],"tags":[2063,32,33,212,36,37,27,43,49,34,35,28,31,48,25,46,42,38,40,39,41,47,29,30,26],"class_list":{"0":"post-182440","1":"post","2":"type-post","3":"status-publish","4":"format-standard","5":"has-post-thumbnail","7":"category-polska","8":"tag-adam_szlapka","9":"tag-breaking-news","10":"tag-breakingnews","11":"tag-donald_tusk","12":"tag-featured-news","13":"tag-featurednews","14":"tag-headlines","15":"tag-karol_nawrocki","16":"tag-kraj","17":"tag-latest-news","18":"tag-latestnews","19":"tag-naglowki","20":"tag-najwazniejsze-artykuly","21":"tag-nat_styl","22":"tag-news","23":"tag-omp","24":"tag-pl","25":"tag-poland","26":"tag-polish","27":"tag-polska","28":"tag-polski","29":"tag-screening_general","30":"tag-top-stories","31":"tag-topstories","32":"tag-wiadomosci"},"share_on_mastodon":{"url":"https:\/\/pubeurope.com\/@pl\/115822103439720301","error":""},"_links":{"self":[{"href":"https:\/\/www.europesays.com\/pl\/wp-json\/wp\/v2\/posts\/182440","targetHints":{"allow":["GET"]}}],"collection":[{"href":"https:\/\/www.europesays.com\/pl\/wp-json\/wp\/v2\/posts"}],"about":[{"href":"https:\/\/www.europesays.com\/pl\/wp-json\/wp\/v2\/types\/post"}],"author":[{"embeddable":true,"href":"https:\/\/www.europesays.com\/pl\/wp-json\/wp\/v2\/users\/2"}],"replies":[{"embeddable":true,"href":"https:\/\/www.europesays.com\/pl\/wp-json\/wp\/v2\/comments?post=182440"}],"version-history":[{"count":0,"href":"https:\/\/www.europesays.com\/pl\/wp-json\/wp\/v2\/posts\/182440\/revisions"}],"wp:featuredmedia":[{"embeddable":true,"href":"https:\/\/www.europesays.com\/pl\/wp-json\/wp\/v2\/media\/182441"}],"wp:attachment":[{"href":"https:\/\/www.europesays.com\/pl\/wp-json\/wp\/v2\/media?parent=182440"}],"wp:term":[{"taxonomy":"category","embeddable":true,"href":"https:\/\/www.europesays.com\/pl\/wp-json\/wp\/v2\/categories?post=182440"},{"taxonomy":"post_tag","embeddable":true,"href":"https:\/\/www.europesays.com\/pl\/wp-json\/wp\/v2\/tags?post=182440"}],"curies":[{"name":"wp","href":"https:\/\/api.w.org\/{rel}","templated":true}]}}