{"id":182442,"date":"2026-01-01T22:03:09","date_gmt":"2026-01-01T22:03:09","guid":{"rendered":"https:\/\/www.europesays.com\/pl\/182442\/"},"modified":"2026-01-01T22:03:09","modified_gmt":"2026-01-01T22:03:09","slug":"awaria-pociagu-pkp-intercity-ewakuowano-180-pasazerow","status":"publish","type":"post","link":"https:\/\/www.europesays.com\/pl\/182442\/","title":{"rendered":"Awaria poci\u0105gu PKP Intercity. Ewakuowano 180 pasa\u017cer\u00f3w"},"content":{"rendered":"<p>O zepsuciu si\u0119 lokomotywy i braku mo\u017cliwo\u015bci wysadzenia podr\u00f3\u017cnych poinformowa\u0142 rzecznik prasowy wojewody warmi\u0144sko-mazurskiego Szymon Tarasewicz. Informacj\u0119 t\u0119 potwierdzi\u0142o w po\u015bcie w mediach spo\u0142eczno\u015bciowych PKP Intercity.<\/p>\n<p>\u00a0<\/p>\n<p>Awaria na kolei dotyczy\u0142a poci\u0105gu &#8222;Biebrza&#8221; relacji Bia\u0142ystok-Gdynia G\u0142\u00f3wna. Przewo\u017anik przekaza\u0142, \u017ce ze wzgl\u0119du na awari\u0119 lokomotywy, wyst\u0119puj\u0105 utrudnienia w ruchu kolejowym.<\/p>\n<p>\u00a0<\/p>\n<p>ZOBACZ: <a href=\"https:\/\/www.polsatnews.pl\/wiadomosc\/2026-01-01\/zginela-w-sylwestrowa-noc-kierowca-bmw-uciekl-ale-zgubil-tablice\/\" rel=\"nofollow noopener\" target=\"_blank\">Zgin\u0119\u0142a w sylwestrow\u0105 noc. Kierowca BMW uciek\u0142, ale zgubi\u0142 tablic\u0119<\/a><\/p>\n<p>Niemal 200 pasa\u017cer\u00f3w uwi\u0119zionych w poci\u0105gu. Awaria na kolei<\/p>\n<p>&#8222;W poci\u0105gu znajduje si\u0119 oko\u0142o 180 podr\u00f3\u017cnych, kt\u00f3rzy pozostaj\u0105 pod sta\u0142\u0105 opiek\u0105 obs\u0142ugi poci\u0105gu. Ze wzgl\u0119d\u00f3w terenowych nie ma mo\u017cliwo\u015bci ewakuacji do ZKA&#8221; &#8211; czytamy w o\u015bwiadczeniu PKP Intercity.<\/p>\n<p>\u00a0<\/p>\n<p>Na miejsce zdarzenia zosta\u0142a skierowana lokomotywa zast\u0119pcza.<\/p>\n<p>\u00a0<\/p>\n<p>\u00a0<\/p>\n<blockquote class=\"twitter-tweet\"><p>&#13;<\/p>\n<p dir=\"ltr\" lang=\"pl\">Szanowni Pasa\u017cerowie,<br \/>Utrudnienia w ruchu &#8211; linia kolejowa nr 38. <br \/>Na linii kolejowej nr 38 (odcinek Gi\u017cycko &#8211; Ster\u0142awki Wielkie) wyst\u0119puj\u0105 utrudnienia w ruchu poci\u0105g\u00f3w z powodu defektu lokomotywy w poci\u0105gu nr 15111 &#8222;Biebrza&#8221; relacji Bia\u0142ystok &#8211; Gdynia G\u0142\u00f3wna. W poci\u0105gu znajduje\u2026 <a href=\"https:\/\/t.co\/rFNeCJtsrn\" rel=\"nofollow\">pic.twitter.com\/rFNeCJtsrn<\/a><\/p>\n<p>&#13;<br \/>\n\u2014 PKP Intercity (@PKPIntercityPDP) <a href=\"https:\/\/twitter.com\/PKPIntercityPDP\/status\/2006798710869529067?ref_src=twsrc%5Etfw\" rel=\"nofollow noopener\" target=\"_blank\">January 1, 2026<\/a><\/p><\/blockquote>\n<p>ZOBACZ: <a href=\"https:\/\/www.polsatnews.pl\/wiadomosc\/2026-01-01\/uszkodzenie-walu-na-rzece-elblag-woda-wylewa-sie-na-pola\/\" rel=\"nofollow noopener\" target=\"_blank\">Uszkodzenie wa\u0142u na rzece Elbl\u0105g. Woda wylewa si\u0119 na pola<\/a><\/p>\n<p>\u00a0<\/p>\n<p>Wkr\u00f3tce po opublikowaniu komunikatu kolei, Komenda Powiatowa Policji w Gi\u017cycku przekaza\u0142a, \u017ce funkcjonariusze pomogli w organizacji i przeprowadzeniu ewakuacji wszystkich 180 pasa\u017cer\u00f3w poci\u0105gu.\u00a0<\/p>\n<p>\u00a0<\/p>\n<p>Jak czytamy w kolejnym wpisie PKP Intercity, &#8222;podstawiona lokomotywa \u015bci\u0105gn\u0119\u0142a sk\u0142ad do stacji Ster\u0142awki Wielkie, sk\u0105d podr\u00f3\u017cni kontynuuj\u0105 podr\u00f3\u017c Zast\u0119pcz\u0105 Komunikacj\u0105 Autobusow\u0105 do stacji Korosze, gdzie zapewniono przesiadk\u0119 do poci\u0105gu&#8221;.<\/p>\n<p>\u00a0<\/p>\n<blockquote class=\"twitter-tweet\"><p>&#13;<\/p>\n<p dir=\"ltr\" lang=\"pl\">Policjanci z Komendy Powiatowej Policji w <a href=\"https:\/\/twitter.com\/hashtag\/Gi%C5%BCycko?src=hash&amp;ref_src=twsrc%5Etfw\" rel=\"nofollow noopener\" target=\"_blank\">#Gi\u017cycko<\/a> pomagaj\u0105 w organizacji i przeprowadzeniu ewakuacji oko\u0142o 180 pasa\u017cer\u00f3w poci\u0105gu relacji Bia\u0142ystok &#8211; Gdynia G\u0142\u00f3wna na linii kolejowej nr 38 (odcinek Gi\u017cycko &#8211; Ster\u0142awki Wielkie). Dosz\u0142o tam tam do awarii lokomotywy w miejscu, gdzie\u2026 <a href=\"https:\/\/t.co\/0IWT57skSb\" rel=\"nofollow\">pic.twitter.com\/0IWT57skSb<\/a><\/p>\n<p>&#13;<br \/>\n\u2014 KWP w Olsztynie (@KWP_Olsztyn) <a href=\"https:\/\/twitter.com\/KWP_Olsztyn\/status\/2006828218674724884?ref_src=twsrc%5Etfw\" rel=\"nofollow noopener\" target=\"_blank\">January 1, 2026<\/a><\/p><\/blockquote>\n<p>\u00a0<\/p>\n<p>Wieczorna czwartkowa awaria to nie jedyny incydent na kolei wywo\u0142any trudnymi warunkami pogodowymi w ostatnich dniach. W czwartek w warmi\u0144sko-mazurskim nieczynna jest linia kolejowa Olsztyn-Dzia\u0142dowo, gdzie nad torami zwisaj\u0105 obci\u0105\u017cone \u015bniegiem ga\u0142\u0119zie. Linia ta pierwotnie mia\u0142a by\u0107 zamkni\u0119ta do p\u00f3\u0142nocy, obecnie PKP informuje, b\u0119dzie zamkni\u0119ta do odwo\u0142ania.<\/p>\n<p>Atak zimy na Warmii i Mazurach. Drogi zasypane \u015bniegiem<\/p>\n<p>Na Warmii i Mazurach warunki atmosferyczne nale\u017c\u0105 do najtrudniejszych w ca\u0142ym kraju. Na terenie wojew\u00f3dztwa obowi\u0105zuj\u0105 alerty I stopnia wydane przez IMGW. Dotycz\u0105 one intensywnych opad\u00f3w \u015bniegu, zamieci \u015bnie\u017cnych i oblodze\u0144.\u00a0<\/p>\n<p>\u00a0<\/p>\n<p>S\u0142u\u017cby przypominaj\u0105, \u017ce na drogach wci\u0105\u017c le\u017cy zaje\u017cd\u017cony \u015bnieg i jest wyj\u0105tkowo \u015blisko. Po wszystkich drogach krajowych w regionie je\u017adzi obecnie 90 p\u0142ug\u00f3w i p\u0142ugopiaskarek.<\/p>\n<p>\u00a0<\/p>\n<p>Nie inaczej jest w przypadku dr\u00f3g wojew\u00f3dzkich. Jazda w ca\u0142ym regionie wymaga wi\u0119c wyj\u0105tkowej ostro\u017cno\u015bci. Najtrudniej przejecha\u0107 obecnie przez Elbl\u0105g, Braniewo, I\u0142aw\u0119 i Nidzic\u0119 &#8211; zalega tam ju\u017c ponad 60 cm \u015bniegu.<\/p>\n<p>\u00a0<\/p>\n<p>ZOBACZ: <a href=\"https:\/\/www.polsatnews.pl\/wiadomosc\/2026-01-01\/tragiczny-bilans-sylwestra-w-holandii-spalony-kosciol-sa-ofiary-smiertelne\/\" rel=\"nofollow noopener\" target=\"_blank\">Tragiczny bilans sylwestra w Holandii. Spalony ko\u015bci\u00f3\u0142, s\u0105 ofiary<\/a><\/p>\n<p>\u00a0<\/p>\n<p>&#8211; Zw\u0119zi\u0142y si\u0119 drogi, bo na poboczach s\u0105 ha\u0142dy \u015bniegu, kt\u00f3rego nie ma ju\u017c gdzie spycha\u0107 &#8211; przyzna\u0142 dy\u017curny punktu informacji zimowego utrzymania Zarz\u0105du Dr\u00f3g Wojew\u00f3dzkich w Olsztynie.<\/p>\n<p>\u00a0<\/p>\n<p>G\u0142\u00f3wnym zadaniem drogowc\u00f3w jest utrzymanie przejezdno\u015bci dr\u00f3g, by unikn\u0105\u0107 sytuacji, jaka przed kilkoma dniami zapanowa\u0142a na drodze ekspresowej S7. Z powodu trudnych warunk\u00f3w pogodowych, w najbardziej kryzysowym momencie korek ci\u0105gn\u0105\u0142 si\u0119 tam na kilkana\u015bcie kilometr\u00f3w.<\/p>\n<p>\u00a0<\/p>\n<p>Widzia\u0142e\u015b co\u015b wa\u017cnego? Przy\u015blij zdj\u0119cie, film lub napisz, co si\u0119 sta\u0142o. Skorzystaj z naszej <a href=\"https:\/\/www.polsatnews.pl\/platforma-widzow\/\" target=\"_blank\" rel=\"noopener noreferrer nofollow\">Wrzutni<\/a><\/p>\n<p>                <img decoding=\"async\" src=\"https:\/\/www.europesays.com\/pl\/wp-content\/uploads\/2025\/12\/hs3wqxh8d9nyb6d4vxr7ibxe4mq1irfh.jpg\" alt=\"\" itemprop=\"contentUrl\" style=\"position:absolute; width: 100%; max-height: 100%;\"\/><video controls=\"\" controlslist=\"nodownload\" poster=\"https:\/\/www.europesays.com\/pl\/wp-content\/uploads\/2025\/12\/hs3wqxh8d9nyb6d4vxr7ibxe4mq1irfh.jpg\" class=\"videoPlayer player6856377 news__video\" data-id=\"6856377\">Twoja przegl\u0105darka nie wspiera odtwarzacza wideo&#8230;<\/video><\/p>\n<p>                <a class=\"news__read-more-button\" href=\"https:\/\/www.polsatnews.pl\/\" rel=\"nofollow noopener\" target=\"_blank\">Czytaj wi\u0119cej<\/a><br \/>\n\t\t\t<script async src=\"https:\/\/platform.twitter.com\/widgets.js\" charset=\"utf-8\"><\/script><\/p>\n","protected":false},"excerpt":{"rendered":"O zepsuciu si\u0119 lokomotywy i braku mo\u017cliwo\u015bci wysadzenia podr\u00f3\u017cnych poinformowa\u0142 rzecznik prasowy wojewody warmi\u0144sko-mazurskiego Szymon Tarasewicz. Informacj\u0119 t\u0119&hellip;\n","protected":false},"author":2,"featured_media":182443,"comment_status":"","ping_status":"","sticky":false,"template":"","format":"standard","meta":{"footnotes":""},"categories":[5],"tags":[32,33,36,37,27,34,35,28,31,25,42,38,40,39,41,29,30,26],"class_list":{"0":"post-182442","1":"post","2":"type-post","3":"status-publish","4":"format-standard","5":"has-post-thumbnail","7":"category-naglowki","8":"tag-breaking-news","9":"tag-breakingnews","10":"tag-featured-news","11":"tag-featurednews","12":"tag-headlines","13":"tag-latest-news","14":"tag-latestnews","15":"tag-naglowki","16":"tag-najwazniejsze-artykuly","17":"tag-news","18":"tag-pl","19":"tag-poland","20":"tag-polish","21":"tag-polska","22":"tag-polski","23":"tag-top-stories","24":"tag-topstories","25":"tag-wiadomosci"},"share_on_mastodon":{"url":"https:\/\/pubeurope.com\/@pl\/115822107312554371","error":""},"_links":{"self":[{"href":"https:\/\/www.europesays.com\/pl\/wp-json\/wp\/v2\/posts\/182442","targetHints":{"allow":["GET"]}}],"collection":[{"href":"https:\/\/www.europesays.com\/pl\/wp-json\/wp\/v2\/posts"}],"about":[{"href":"https:\/\/www.europesays.com\/pl\/wp-json\/wp\/v2\/types\/post"}],"author":[{"embeddable":true,"href":"https:\/\/www.europesays.com\/pl\/wp-json\/wp\/v2\/users\/2"}],"replies":[{"embeddable":true,"href":"https:\/\/www.europesays.com\/pl\/wp-json\/wp\/v2\/comments?post=182442"}],"version-history":[{"count":0,"href":"https:\/\/www.europesays.com\/pl\/wp-json\/wp\/v2\/posts\/182442\/revisions"}],"wp:featuredmedia":[{"embeddable":true,"href":"https:\/\/www.europesays.com\/pl\/wp-json\/wp\/v2\/media\/182443"}],"wp:attachment":[{"href":"https:\/\/www.europesays.com\/pl\/wp-json\/wp\/v2\/media?parent=182442"}],"wp:term":[{"taxonomy":"category","embeddable":true,"href":"https:\/\/www.europesays.com\/pl\/wp-json\/wp\/v2\/categories?post=182442"},{"taxonomy":"post_tag","embeddable":true,"href":"https:\/\/www.europesays.com\/pl\/wp-json\/wp\/v2\/tags?post=182442"}],"curies":[{"name":"wp","href":"https:\/\/api.w.org\/{rel}","templated":true}]}}