{"id":182470,"date":"2026-01-01T22:30:17","date_gmt":"2026-01-01T22:30:17","guid":{"rendered":"https:\/\/www.europesays.com\/pl\/182470\/"},"modified":"2026-01-01T22:30:17","modified_gmt":"2026-01-01T22:30:17","slug":"z-tymi-tekstyliami-nie-trzeba-jechac-do-pszok-ministerstwo-daje-zielone-swiatlo","status":"publish","type":"post","link":"https:\/\/www.europesays.com\/pl\/182470\/","title":{"rendered":"Z tymi tekstyliami nie trzeba jecha\u0107 do PSZOK. Ministerstwo daje zielone \u015bwiat\u0142o"},"content":{"rendered":"<p>\t\t\t    \t<img decoding=\"async\" src=\"https:\/\/www.europesays.com\/pl\/wp-content\/uploads\/2026\/01\/282825_r0_940.jpg\" itemprop=\"image\" alt=\"Z tymi tekstyliami nie trzeba jecha\u0107 do PSZOK. Ministerstwo daje zielone \u015bwiat\u0142o\" title=\"Selektywna zbi\u00f3rka tekstyli\u00f3w obowi\u0105zuje od 1 stycznia 2025\" class=\"gallery-image\" fetchpriority=\"high\"\/><\/p>\n<p>\t\t\t\t\t\t\tSelektywna zbi\u00f3rka tekstyli\u00f3w obowi\u0105zuje od 1 stycznia 2025<\/p>\n<p>\n\t\t\t\t\t\t\t\t\tiliasphotography \/ Shutterstock\n\t\t\t\t\t\t\t\t<\/p>\n<p>\n\t\t\tMimo wprowadzenia obowi\u0105zku selektywnej zbi\u00f3rki tekstyli\u00f3w, nie wszystkie musz\u0105 jednak trafia\u0107 do PSZOK-u. Zanieczyszczone i zu\u017cyte materia\u0142y mo\u017cna wyrzuca\u0107 do pojemnika na odpady zmieszane, gdy\u017c nie s\u0105 one przeznaczone do recyklingu &#8211; przyzna\u0142o wreszcie w 2025 r. Ministerstwo Klimatu i \u015arodowiska.\n\t\t<\/p>\n<ul>&#13;<\/p>\n<li>Od 2025 r. zu\u017cyta odzie\u017c i tekstylia s\u0105 segregowane jako osobna frakcja odpad\u00f3w. Ten rok up\u0142yn\u0105\u0142 po znakiem zamieszania zwi\u0105zanego z takimi odpadami.<\/li>\n<p>&#13;<\/p>\n<li>Ministerstwo Klimatu i \u015arodowiska wreszcie samo potwierdzi\u0142o, \u017ce zanieczyszczone tekstylia mo\u017cna wyrzuca\u0107 do odpad\u00f3w zmieszanych.<\/li>\n<p>&#13;<\/p>\n<li>Polska planuje wdro\u017cenie Rozszerzonej Odpowiedzialno\u015bci Producenta dla tekstyli\u00f3w.<\/li>\n<p>&#13;\n<\/ul>\n<p>&#13;<\/p>\n<p>Od stycznia 2025 r. zu\u017cyt\u0105 odzie\u017c i tekstylia segreguje si\u0119 w Polsce jako osobn\u0105 frakcj\u0119 odpad\u00f3w. Pocz\u0105tkowa narracja, m\u00f3wi\u0105ca, \u017ce wszystkie tekstylia nale\u017cy oddawa\u0107 do Punkt\u00f3w Selektywnego Zbierania Odpad\u00f3w Komunalnych (PSZOK-\u00f3w) spowodowa\u0142a wielkie zamieszanie.<\/p>\n<p>&#13;<\/p>\n<blockquote><p>&#13;<\/p>\n<p>Zasada jest jednak taka, \u017ce nie ka\u017cdy odpad nadaje si\u0119 do recyklingu i nie wszystkie tekstylia musz\u0105 trafi\u0107 do PSZOK-a.<\/p>\n<p>&#13;\n<\/p><\/blockquote>\n<p>&#13;<\/p>\n<p> Zniszczone \u015bcierki kuchenne r\u00f3wnie\u017c s\u0105 tekstyliami, ale nadaj\u0105 si\u0119 ju\u017c tylko do utylizacji.<\/p>\n<p>&#13;<\/p>\n<p>\t\t\t\t\t<a href=\"https:\/\/www.portalsamorzadowy.pl\/gospodarka-komunalna\/odpadow-do-pszok-a-nie-oddasz-limity-zostaly-juz-przekroczone,642390.html\" class=\"read-more-box-img-cnt\" rel=\"nofollow noopener\" target=\"_blank\"><br \/>\n\t\t\t\t<img decoding=\"async\" loading=\"lazy\" width=\"300\" height=\"200\" src=\"https:\/\/www.europesays.com\/pl\/wp-content\/uploads\/2026\/01\/282391_r0_300.jpg\" alt=\"Odpad\u00f3w do PSZOK-a nie oddasz. Limity zosta\u0142y ju\u017c przekroczone\" class=\"read-more-box-img\"\/><br \/>\n\t\t\t<\/a><\/p>\n<p>&#13;<br \/>\nZu\u017cyte tekstylia mo\u017cna wyrzuca\u0107 do pojemnika na odpady zmieszane&#13;<\/p>\n<p>Nawet Ministerstwo Klimatu i \u015arodowiska przyzna\u0142o, \u017ce nie trzeba wozi\u0107 do PSZOK-a zniszczonych tekstyli\u00f3w:<\/p>\n<p>&#13;<\/p>\n<blockquote><p>&#13;<\/p>\n<p>Zanieczyszczone, zu\u017cyte materia\u0142y, kt\u00f3re by\u0142y wykorzystywane np. do sprz\u0105tania, mo\u017cna w incydentalnych przypadkach wyrzuca\u0107 do pojemnika przeznaczonego na odpady zmieszane, poniewa\u017c nie nadaj\u0105 si\u0119 do recyklingu i mog\u0105 zosta\u0107 wykorzystane np. na cele energetyczne<\/p>\n<p>&#13;\n<\/p><\/blockquote>\n<p>&#13;<\/p>\n<p>&#8211; poinformowa\u0142 resort w ci\u0105gu 2025 r.<\/p>\n<p>&#13;<\/p>\n<p>\t\t\t\t\t<a href=\"https:\/\/www.portalsamorzadowy.pl\/gospodarka-komunalna\/decyzje-i-pozwolenia-dla-odpadow-na-nowych-zasadach-rzad-odsuwa-przepisy,641935.html\" class=\"read-more-box-img-cnt\" rel=\"nofollow noopener\" target=\"_blank\"><br \/>\n\t\t\t\t<img decoding=\"async\" loading=\"lazy\" width=\"300\" height=\"200\" src=\"https:\/\/www.europesays.com\/pl\/wp-content\/uploads\/2026\/01\/282168_r0_300.jpg\" alt=\"Decyzje i pozwolenia dla odpad\u00f3w na nowych zasadach. Rz\u0105d odsuwa przepisy\" class=\"read-more-box-img\"\/><br \/>\n\t\t\t<\/a><\/p>\n<p>&#13;<\/p>\n<p>Nie odnosi si\u0119 to do tekstyli\u00f3w, kt\u00f3re s\u0105 silnie zabrudzone substancjami chemicznymi, olejami lub innymi niebezpiecznymi materia\u0142ami. Tego rodzaju odpady powinny by\u0107 oddawane w specjalnych punktach zbierania, takich jak PSZOK.<\/p>\n<p>&#13;<br \/>\nRz\u0105d ma plan wdro\u017cenia systemu ROP dla tekstyli\u00f3w&#13;<\/p>\n<p>Odpowiedzialno\u015b\u0107 za zagospodarowanie odpad\u00f3w powinni bra\u0107 na siebie nie tylko obywatele i pa\u0144stwa, ale tak\u017ce producenci u\u017cytkowanych towar\u00f3w.<\/p>\n<p>&#13;<\/p>\n<p>\t\t\t\t\t<a href=\"https:\/\/www.portalsamorzadowy.pl\/gospodarka-komunalna\/chca-uruchomic-rejestr-platnikow-za-odpady-komunalne-nikt-nie-uniknie-placenia-za-smieci,640396.html\" class=\"read-more-box-img-cnt\" rel=\"nofollow noopener\" target=\"_blank\"><br \/>\n\t\t\t\t<img decoding=\"async\" loading=\"lazy\" width=\"300\" height=\"200\" src=\"https:\/\/www.europesays.com\/pl\/wp-content\/uploads\/2025\/12\/281563_r0_300.jpg\" alt=\"Chc\u0105 uruchomi\u0107 rejestr p\u0142atnik\u00f3w za odpady komunalne. Nikt nie uniknie p\u0142acenia za \u015bmieci\" class=\"read-more-box-img\"\/><br \/>\n\t\t\t<\/a><\/p>\n<p>&#13;<\/p>\n<p>Dlatego Polska planuje wdro\u017cy\u0107 Rozszerzon\u0105 Odpowiedzialno\u015b\u0107 Producenta (ROP) dla tekstyli\u00f3w, kt\u00f3ra zmotywuje firmy odzie\u017cowe i obuwnicze do zastanowienia si\u0119 nad zagospodarowaniem odpad\u00f3w.<\/p>\n<p>\t\t\t\t<img decoding=\"async\" src=\"https:\/\/www.europesays.com\/pl\/wp-content\/uploads\/2025\/12\/copyright.png\"\/><\/p>\n<p>Materia\u0142 chroniony prawem autorskim &#8211; zasady przedruk\u00f3w okre\u015bla <a href=\"https:\/\/www.portalsamorzadowy.pl\/korzystanie-z-serwisu.html\" rel=\"nofollow noopener\" target=\"_blank\">regulamin<\/a>.<\/p>\n","protected":false},"excerpt":{"rendered":"Selektywna zbi\u00f3rka tekstyli\u00f3w obowi\u0105zuje od 1 stycznia 2025 iliasphotography \/ Shutterstock Mimo wprowadzenia obowi\u0105zku selektywnej zbi\u00f3rki tekstyli\u00f3w, nie&hellip;\n","protected":false},"author":2,"featured_media":182471,"comment_status":"","ping_status":"","sticky":false,"template":"","format":"standard","meta":{"footnotes":""},"categories":[12],"tags":[664,1178,1177,23357,35610,23050,32,33,36,37,27,34,35,28,31,23355,23048,1175,35608,25,42,38,40,39,41,29,30,1176,23356,23049,35609,26],"class_list":{"0":"post-182470","1":"post","2":"type-post","3":"status-publish","4":"format-standard","5":"has-post-thumbnail","7":"category-polska","8":"tag-typedefinedterm","9":"tag-0-html","10":"tag-1177","11":"tag-15195-html","12":"tag-21761-html","13":"tag-8675-html","14":"tag-breaking-news","15":"tag-breakingnews","16":"tag-featured-news","17":"tag-featurednews","18":"tag-headlines","19":"tag-latest-news","20":"tag-latestnews","21":"tag-naglowki","22":"tag-najwazniejsze-artykuly","23":"tag-namepszok","24":"tag-namesegregacja-u015bmieci","25":"tag-nameserwis-gospodarka-odpadami","26":"tag-nametekstylia","27":"tag-news","28":"tag-pl","29":"tag-poland","30":"tag-polish","31":"tag-polska","32":"tag-polski","33":"tag-top-stories","34":"tag-topstories","35":"tag-urlhttps-www-portalsamorzadowy-pl-gospodarka-komunalna-podserwis-serwis-gospodarka-odpadami","36":"tag-urlhttps-www-portalsamorzadowy-pl-klucze-pszok","37":"tag-urlhttps-www-portalsamorzadowy-pl-klucze-segregacja-smieci","38":"tag-urlhttps-www-portalsamorzadowy-pl-klucze-tekstylia","39":"tag-wiadomosci"},"share_on_mastodon":{"url":"","error":"Validation failed: Text character limit of 500 exceeded"},"_links":{"self":[{"href":"https:\/\/www.europesays.com\/pl\/wp-json\/wp\/v2\/posts\/182470","targetHints":{"allow":["GET"]}}],"collection":[{"href":"https:\/\/www.europesays.com\/pl\/wp-json\/wp\/v2\/posts"}],"about":[{"href":"https:\/\/www.europesays.com\/pl\/wp-json\/wp\/v2\/types\/post"}],"author":[{"embeddable":true,"href":"https:\/\/www.europesays.com\/pl\/wp-json\/wp\/v2\/users\/2"}],"replies":[{"embeddable":true,"href":"https:\/\/www.europesays.com\/pl\/wp-json\/wp\/v2\/comments?post=182470"}],"version-history":[{"count":0,"href":"https:\/\/www.europesays.com\/pl\/wp-json\/wp\/v2\/posts\/182470\/revisions"}],"wp:featuredmedia":[{"embeddable":true,"href":"https:\/\/www.europesays.com\/pl\/wp-json\/wp\/v2\/media\/182471"}],"wp:attachment":[{"href":"https:\/\/www.europesays.com\/pl\/wp-json\/wp\/v2\/media?parent=182470"}],"wp:term":[{"taxonomy":"category","embeddable":true,"href":"https:\/\/www.europesays.com\/pl\/wp-json\/wp\/v2\/categories?post=182470"},{"taxonomy":"post_tag","embeddable":true,"href":"https:\/\/www.europesays.com\/pl\/wp-json\/wp\/v2\/tags?post=182470"}],"curies":[{"name":"wp","href":"https:\/\/api.w.org\/{rel}","templated":true}]}}