{"id":182490,"date":"2026-01-01T22:53:08","date_gmt":"2026-01-01T22:53:08","guid":{"rendered":"https:\/\/www.europesays.com\/pl\/182490\/"},"modified":"2026-01-01T22:53:08","modified_gmt":"2026-01-01T22:53:08","slug":"trzesienie-ziemi-w-chelsea-oto-powod-zmiany-trenera","status":"publish","type":"post","link":"https:\/\/www.europesays.com\/pl\/182490\/","title":{"rendered":"Trz\u0119sienie ziemi w Chelsea! Oto pow\u00f3d zmiany trenera"},"content":{"rendered":"<p class=\"art_paragraph\">Wydawa\u0142o si\u0119, \u017ce Enzo Maresca rozwija <a href=\"https:\/\/www.sport.pl\/chelsea#anchorLink\" rel=\"nofollow noopener\" target=\"_blank\">Chelsea<\/a>, a klub pod jego wodz\u0105 zmierza w dobr\u0105 stron\u0119. Zdoby\u0142 <a href=\"https:\/\/www.sport.pl\/pilka\/7,198438,32462824,liga-konferencji-gdzie-ogladac-mecz-noah-legia-o-ktorej.html#anchorLink\" rel=\"nofollow noopener\" target=\"_blank\">Lig\u0119 Konferencji<\/a> i wygra\u0142 Klubowe Mistrzostwo \u015awiata, w <a href=\"https:\/\/www.sport.pl\/tenis\/7,64987,30022805,swiatek-wygrala-z-dawna-soba-przedwczesny-final-zawiodl-ale.html#anchorLink\" rel=\"nofollow noopener\" target=\"_blank\">finale<\/a> pokonuj\u0105c Paris Saint-Germain (3:0). 2026 rok rozpocz\u0105\u0142 si\u0119 jednak dla niego od odej\u015bcia z klubu. Komunikat wydano wczesnym popo\u0142udniem, a w mediach nie brakuje informacji ods\u0142aniaj\u0105cych kulisy po\u017cegnania W\u0142ocha. Rzekomo by\u0142y trzy powody jego odej\u015bcia. \u017baden z nich nie jest typowo sportowym.<\/p>\n<p>\n    Zobacz wideo Kosecki z mocnym przes\u0142aniem w sprawie pi\u0142karzy Legii: Wsp\u00f3\u0142czuj\u0119 im. Cierpi\u0105 na tym ich bliscy\n  <\/p>\n<p> Dlatego Maresca zosta\u0142 zwolniony. Dziennikarze ujawnili<\/p>\n<p class=\"art_paragraph\">&#8222;Komentarze Enzo Mareski na temat jego \u201enajgorszych 48 godzin&#8221; zosta\u0142y teraz wyja\u015bnione. Powiedziano mu, \u017ce chodzi\u0142o o medyczne porady, kt\u00f3re otrzymywa\u0142, dotycz\u0105ce tego, ile minut mog\u0105 gra\u0107 pewni gracze wracaj\u0105cy po kontuzji. W \u015brodku klubu panowa\u0142o pewne zaskoczenie, gdy Maresca ignorowa\u0142 te porady&#8221; &#8211; napisa\u0142 dziennikarz &#8222;Daily Mail&#8221; Kieran Gill na portalu X.<\/p>\n<p class=\"art_paragraph\">M\u00f3wi\u0105c wprost &#8211; wed\u0142ug informacji medialnych Maresca mia\u0142 ignorowa\u0107 zalecenia lekarzy dotycz\u0105ce powrotu poszczeg\u00f3lnych zawodnik\u00f3w po kontuzji i gra\u0142 nimi za d\u0142ugo. W kwestiach zdrowotnych nie do pomini\u0119cia jest tak\u017ce absencja W\u0142ocha na pomeczowej konferencji prasowej.\u00a0<\/p>\n<p class=\"art_paragraph\">W\u0142adze klubu uzna\u0142y, \u017ce Maresca wcale nie by\u0142 chory i &#8211; jak czytamy w brytyjskich mediach &#8211; zachowa\u0142 si\u0119 nieprofesjonalnie i lekcewa\u017c\u0105co wobec Willy&#8217;ego Caballero, kt\u00f3ry musia\u0142 go zast\u0105pi\u0107.<\/p>\n<p class=\"art_paragraph\">Oliwy do ognia dodaje fakt &#8211; to trzeci pow\u00f3d, kt\u00f3ry pojawia si\u0119 w doniesieniach dziennikarzy &#8211; \u017ce Maresca zn\u00f3w zosta\u0142 po\u0142\u0105czony z powrotem do Manchesteru City, gdzie rozkwita\u0142 jako m\u0142ody trener u boku Pepa Guardioli. W sezonie 22\/23 by\u0142 asystentem Katalo\u0144czyka. Teraz m\u00f3g\u0142by go zast\u0105pi\u0107 po sezonie.<\/p>\n<p class=\"art_paragraph\">&#8222;Enzo Maresca poinformowa\u0142 Chelsea (dwukrotnie pod koniec pa\u017adziernika i ponownie w po\u0142owie grudnia po komentarzach po <a href=\"https:\/\/www.sport.pl\/euro\/7,154862,31079522,kto-dzis-gra-na-euro-2024-jakie-mecze-dzisiaj-piatek-21-czerwca.html#anchorLink\" rel=\"nofollow noopener\" target=\"_blank\">meczu<\/a> z Evertonem), \u017ce rozmawia\u0142 z osobami zwi\u0105zanymi z <a href=\"https:\/\/www.sport.pl\/manchester-city#anchorLink\" rel=\"nofollow noopener\" target=\"_blank\">Manchesterem City<\/a> na temat stanowiska mened\u017cera Manchesterze City. Umowa z Chelsea zobowi\u0105zywa\u0142a 45-latka do tego&#8221; &#8211; doda\u0142 dziennikarz &#8222;The Athletic&#8221; David Ornstein, tak\u017ce na swoim profilu na portalu X.<\/p>\n<p class=\"art_paragraph\">Enzo Maresca poprowadzi\u0142 Chelsea w 90 meczach i osi\u0105gn\u0105\u0142 \u015bredni\u0105 dw\u00f3ch punkt\u00f3w na mecz, kt\u00f3ra uznawana jest za dobry wynik. Wygra\u0142 55 spotka\u0144, 16 zremisowa\u0142 i 21 przegra\u0142. Wcze\u015bniej z sukcesami prowadzi\u0142 Leicester City, kt\u00f3re pod jego wodz\u0105 wygra\u0142o Championship i zanotowa\u0142o awans do Premier League.<\/p>\n","protected":false},"excerpt":{"rendered":"Wydawa\u0142o si\u0119, \u017ce Enzo Maresca rozwija Chelsea, a klub pod jego wodz\u0105 zmierza w dobr\u0105 stron\u0119. Zdoby\u0142 Lig\u0119&hellip;\n","protected":false},"author":2,"featured_media":182491,"comment_status":"","ping_status":"","sticky":false,"template":"","format":"standard","meta":{"footnotes":""},"categories":[24],"tags":[42,38,40,39,41,127,126],"class_list":{"0":"post-182490","1":"post","2":"type-post","3":"status-publish","4":"format-standard","5":"has-post-thumbnail","7":"category-sport","8":"tag-pl","9":"tag-poland","10":"tag-polish","11":"tag-polska","12":"tag-polski","13":"tag-sport","14":"tag-sports"},"share_on_mastodon":{"url":"https:\/\/pubeurope.com\/@pl\/115822304004653207","error":""},"_links":{"self":[{"href":"https:\/\/www.europesays.com\/pl\/wp-json\/wp\/v2\/posts\/182490","targetHints":{"allow":["GET"]}}],"collection":[{"href":"https:\/\/www.europesays.com\/pl\/wp-json\/wp\/v2\/posts"}],"about":[{"href":"https:\/\/www.europesays.com\/pl\/wp-json\/wp\/v2\/types\/post"}],"author":[{"embeddable":true,"href":"https:\/\/www.europesays.com\/pl\/wp-json\/wp\/v2\/users\/2"}],"replies":[{"embeddable":true,"href":"https:\/\/www.europesays.com\/pl\/wp-json\/wp\/v2\/comments?post=182490"}],"version-history":[{"count":0,"href":"https:\/\/www.europesays.com\/pl\/wp-json\/wp\/v2\/posts\/182490\/revisions"}],"wp:featuredmedia":[{"embeddable":true,"href":"https:\/\/www.europesays.com\/pl\/wp-json\/wp\/v2\/media\/182491"}],"wp:attachment":[{"href":"https:\/\/www.europesays.com\/pl\/wp-json\/wp\/v2\/media?parent=182490"}],"wp:term":[{"taxonomy":"category","embeddable":true,"href":"https:\/\/www.europesays.com\/pl\/wp-json\/wp\/v2\/categories?post=182490"},{"taxonomy":"post_tag","embeddable":true,"href":"https:\/\/www.europesays.com\/pl\/wp-json\/wp\/v2\/tags?post=182490"}],"curies":[{"name":"wp","href":"https:\/\/api.w.org\/{rel}","templated":true}]}}