{"id":182494,"date":"2026-01-01T22:58:24","date_gmt":"2026-01-01T22:58:24","guid":{"rendered":"https:\/\/www.europesays.com\/pl\/182494\/"},"modified":"2026-01-01T22:58:24","modified_gmt":"2026-01-01T22:58:24","slug":"powazne-problemy-polskiego-biura-podrozy-zbliza-sie-do-granicy-upadlosci","status":"publish","type":"post","link":"https:\/\/www.europesays.com\/pl\/182494\/","title":{"rendered":"Powa\u017cne problemy polskiego biura podr\u00f3\u017cy. Zbli\u017ca si\u0119 do granicy upad\u0142o\u015bci?"},"content":{"rendered":"<p class=\"typography ids-typeset-body ids-typeset-body--preset-large link paragraph ids-paragraph ids-paragraph--default\">Cho\u0107 Polacy coraz ch\u0119tniej korzystaj\u0105 z ofert biur podr\u00f3\u017cy, a sprzeda\u017c wakacji, zar\u00f3wno w sezonie letnim, jak i poza nim, systematycznie ro\u015bnie, nie wszystkie firmy radz\u0105 sobie z wyzwaniami, jakie niesie wsp\u00f3\u0142czesny rynek. Jedn\u0105 z nich jest Rego-Bis, jeden z wi\u0119kszych polskich touroperator\u00f3w, kt\u00f3ry\u00a0w ostatnich tygodniach utraci\u0142 obowi\u0105zkow\u0105 gwarancj\u0119 i zmieni\u0142 model dzia\u0142alno\u015bci.<\/p>\n<p>Problemy Rego-Bis. Sp\u00f3\u0142ka nie posiada gwarancji ubezpieczeniowej<\/p>\n<p class=\"typography ids-typeset-body ids-typeset-body--preset-large link paragraph ids-paragraph ids-paragraph--default\">Jak poinformowa\u0142a &#8222;Rzeczpospolita&#8221;, od 27 grudnia Rego-Bis\u00a0nie posiada wa\u017cnej gwarancji ubezpieczeniowej, kt\u00f3ra jest warunkiem koniecznym do prowadzenia dzia\u0142alno\u015bci jako organizator turystyki. Dotychczas firma korzysta\u0142a z zabezpieczenia wystawionego przez towarzystwo ubezpieczeniowe UNIQA na kwot\u0119 15 mln z\u0142. Ubezpieczyciel nie zdecydowa\u0142 si\u0119 jednak na przed\u0142u\u017cenie umowy. R\u00f3wnolegle wygas\u0142a tak\u017ce druga gwarancja w wysoko\u015bci 1,2 mln z\u0142 dotycz\u0105ca sp\u00f3\u0142ki Rego-Bis sp. z o.o., utworzonej w tym roku przez t\u0119 sam\u0105 w\u0142a\u015bcicielk\u0119.<\/p>\n<p class=\"typography ids-typeset-body ids-typeset-body--preset-large link paragraph ids-paragraph ids-paragraph--default\">Mimo braku zabezpieczenia, obie sp\u00f3\u0142ki Rego-Bis wci\u0105\u017c widniej\u0105 w Centralnej Ewidencji Organizator\u00f3w Turystyki i Przedsi\u0119biorc\u00f3w U\u0142atwiaj\u0105cych Nabywanie Powi\u0105zanych Us\u0142ug Turystycznych, prowadzonej przez Ubezpieczeniowy Fundusz Gwarancyjny. Przy ich nazwach widnieje status &#8222;aktywna&#8221;, jednak rubryki dotycz\u0105ce wysoko\u015bci gwarancji i terminu jej obowi\u0105zywania pozostaj\u0105 puste.<\/p>\n<p class=\"typography ids-typeset-body ids-typeset-body--preset-large link paragraph ids-paragraph ids-paragraph--default\">Jak wyja\u015bnia dyrektor Turystycznego Funduszu Gwarancyjnego Renata Mentlewicz, za aktualizacj\u0119 danych w ewidencji odpowiadaj\u0105 marsza\u0142kowie wojew\u00f3dztw. TFG wyst\u0105pi\u0142 ju\u017c do Urz\u0119du Marsza\u0142kowskiego Wojew\u00f3dztwa \u015al\u0105skiego o wykre\u015blenie sp\u00f3\u0142ki komandytowej Rego-Bis z ewidencji z powodu zaleg\u0142o\u015bci w op\u0142acaniu sk\u0142adek na Turystyczny Fundusz Gwarancyjny i Turystyczny Fundusz Pomocowy. Zaleg\u0142o\u015bci te maj\u0105 si\u0119ga\u0107 czterech miesi\u0119cy.<\/p>\n<p class=\"typography ids-typeset-body ids-typeset-body--preset-large link paragraph ids-paragraph ids-paragraph--default\">Z informacji przekazanych przez Departament Rozwoju Turystyki Urz\u0119du Marsza\u0142kowskiego Wojew\u00f3dztwa \u015al\u0105skiego wynika, \u017ce wobec obu sp\u00f3\u0142ek Rego-Bis\u00a0tocz\u0105 si\u0119 post\u0119powania administracyjne. Jednocze\u015bnie w\u0142a\u015bcicielka firmy wyst\u0105pi\u0142a o wykre\u015blenie z ewidencji m\u0142odszej sp\u00f3\u0142ki &#8211; Rego-Bis sp. z o.o. Marsza\u0142ek wyda\u0142 ju\u017c decyzj\u0119 w tej sprawie, jednak urz\u0105d czeka na jej formalne uprawomocnienie.<\/p>\n<ul class=\"typography ids-typeset-body ids-typeset-body--preset-small list--article-list ids-list ids-list--unordered ids-list--size-small \" datatype=\"disc\">\n<li class=\"ids-list-item ids-list-item__content brief-list-item\"><a class=\"ids-undecorated-link link ids-link \" data-spons=\"false\" href=\"https:\/\/biznes.interia.pl\/gospodarka\/news-rzym-chce-uporzadkowac-masowa-turystyke-wprowadza-bilety-wst,nId,22502192\" rel=\"nofollow noopener\" target=\"_blank\">Rzym chce uporz\u0105dkowa\u0107 masow\u0105 turystyk\u0119. Wprowadza bilety wst\u0119pu do swoich ikon<\/a><\/li>\n<li class=\"ids-list-item ids-list-item__content brief-list-item\"><a class=\"ids-undecorated-link link ids-link \" data-spons=\"false\" href=\"https:\/\/biznes.interia.pl\/gospodarka\/news-miasta-ktore-trzeba-odwiedzic-w-2026-roku-rankingowi-przewod,nId,22501980\" rel=\"nofollow noopener\" target=\"_blank\">Miasta, kt\u00f3re trzeba odwiedzi\u0107 w 2026 roku. Rankingowi przewodzi Warszawa<\/a><\/li>\n<\/ul>\n<p>D\u0142ugi, brak gwarancji i wycofanie wyjazd\u00f3w. Tak zacz\u0119\u0142y si\u0119 k\u0142opoty Regio-Bis<\/p>\n<p class=\"typography ids-typeset-body ids-typeset-body--preset-large link paragraph ids-paragraph ids-paragraph--default\">Problemy Rego-Bisu narasta\u0142y stopniowo. Ju\u017c wcze\u015bniej publicznie o wyp\u0142at\u0119 nale\u017cno\u015bci upomnieli si\u0119 animatorzy\u00a0<a href=\"https:\/\/biznes.interia.pl\/firma\/news-nowy-rekord-w-biurach-podrozy-polacy-coraz-czesciej-wybieraj,nId,7999143\" target=\"_self\" rel=\"nofollow noopener\">zatrudnieni przez biuro w sezonie\u00a0<\/a>2023. Nast\u0119pnie ujawniono zaleg\u0142o\u015bci w wyp\u0142acie prowizji dla agent\u00f3w turystycznych &#8211; wed\u0142ug informacji bran\u017cowych chodzi\u0142o o kwoty od kilkuset do nawet 30 tys. z\u0142.<\/p>\n<p class=\"typography ids-typeset-body ids-typeset-body--preset-large link paragraph ids-paragraph ids-paragraph--default\">Kolejnym obci\u0105\u017ceniem okaza\u0142o si\u0119 roszczenie jednej z linii lotniczych, kt\u00f3ra domaga si\u0119 ponad miliona z\u0142otych tytu\u0142em kary umownej i odsetek za odwo\u0142anie wyczarterowanego samolotu. Dodatkowo m\u0142odsza ze sp\u00f3\u0142ek od kilku miesi\u0119cy nie reguluje sk\u0142adek na TFG i TFP &#8211; fundusze, z kt\u00f3rych finansowany jest powr\u00f3t turyst\u00f3w do kraju w razie upad\u0142o\u015bci biura.<\/p>\n<p class=\"typography ids-typeset-body ids-typeset-body--preset-large link paragraph ids-paragraph ids-paragraph--default\">W obliczu braku gwarancji Rego-Bis zaprzesta\u0142 sprzeda\u017cy wyjazd\u00f3w obejmuj\u0105cych przelot lub transport autokarowy. Firma wycofa\u0142a si\u0119 tak\u017ce z systemu rezerwacyjnego MerlinX, z kt\u00f3rego korzysta wi\u0119kszo\u015b\u0107 agent\u00f3w turystycznych w Polsce.<\/p>\n<p class=\"typography ids-typeset-body ids-typeset-body--preset-large link paragraph ids-paragraph ids-paragraph--default\">Obecnie w ofercie biura znajduj\u0105 si\u0119 wy\u0142\u0105cznie pobyty &#8222;z dojazdem w\u0142asnym&#8221;, czyli de facto sprzeda\u017c samych nocleg\u00f3w. Tego typu us\u0142ugi, zgodnie z przepisami, nie s\u0105 uznawane za imprezy turystyczne i nie wymagaj\u0105 posiadania statusu organizatora turystyki ani obowi\u0105zkowej gwarancji.<\/p>\n<p class=\"typography ids-typeset-body ids-typeset-body--preset-large link paragraph ids-paragraph ids-paragraph--default\">Jeszcze w 2024 roku Rego-Bis nale\u017ca\u0142 do czo\u0142\u00f3wki polskich touroperator\u00f3w.\u00a0Firma obs\u0142u\u017cy\u0142a 31,1 tys. klient\u00f3w, co da\u0142o jej 14. miejsce w kraju pod wzgl\u0119dem liczby turyst\u00f3w. Przychody wynios\u0142y 90,1 mln z\u0142, a zysk netto 3,5 mln z\u0142, co prze\u0142o\u017cy\u0142o si\u0119 na rentowno\u015b\u0107 na poziomie 3,5 proc. &#8211; jedn\u0105 z wy\u017cszych w bran\u017cy. Sp\u00f3\u0142ka dysponowa\u0142a tak\u017ce kapita\u0142ami w\u0142asnymi w wysoko\u015bci 11,1 mln z\u0142.<\/p>\n<p>NFZ obni\u017ca wyceny popularnych \u015bwiadcze\u0144. Do szpitali trafi mniej pieni\u0119dzyPolsat News<\/p>\n","protected":false},"excerpt":{"rendered":"Cho\u0107 Polacy coraz ch\u0119tniej korzystaj\u0105 z ofert biur podr\u00f3\u017cy, a sprzeda\u017c wakacji, zar\u00f3wno w sezonie letnim, jak i&hellip;\n","protected":false},"author":2,"featured_media":182495,"comment_status":"","ping_status":"","sticky":false,"template":"","format":"standard","meta":{"footnotes":""},"categories":[12],"tags":[32,33,36,37,27,34,35,28,31,25,42,38,40,39,41,29,30,26],"class_list":{"0":"post-182494","1":"post","2":"type-post","3":"status-publish","4":"format-standard","5":"has-post-thumbnail","7":"category-polska","8":"tag-breaking-news","9":"tag-breakingnews","10":"tag-featured-news","11":"tag-featurednews","12":"tag-headlines","13":"tag-latest-news","14":"tag-latestnews","15":"tag-naglowki","16":"tag-najwazniejsze-artykuly","17":"tag-news","18":"tag-pl","19":"tag-poland","20":"tag-polish","21":"tag-polska","22":"tag-polski","23":"tag-top-stories","24":"tag-topstories","25":"tag-wiadomosci"},"share_on_mastodon":{"url":"https:\/\/pubeurope.com\/@pl\/115822323481207099","error":""},"_links":{"self":[{"href":"https:\/\/www.europesays.com\/pl\/wp-json\/wp\/v2\/posts\/182494","targetHints":{"allow":["GET"]}}],"collection":[{"href":"https:\/\/www.europesays.com\/pl\/wp-json\/wp\/v2\/posts"}],"about":[{"href":"https:\/\/www.europesays.com\/pl\/wp-json\/wp\/v2\/types\/post"}],"author":[{"embeddable":true,"href":"https:\/\/www.europesays.com\/pl\/wp-json\/wp\/v2\/users\/2"}],"replies":[{"embeddable":true,"href":"https:\/\/www.europesays.com\/pl\/wp-json\/wp\/v2\/comments?post=182494"}],"version-history":[{"count":0,"href":"https:\/\/www.europesays.com\/pl\/wp-json\/wp\/v2\/posts\/182494\/revisions"}],"wp:featuredmedia":[{"embeddable":true,"href":"https:\/\/www.europesays.com\/pl\/wp-json\/wp\/v2\/media\/182495"}],"wp:attachment":[{"href":"https:\/\/www.europesays.com\/pl\/wp-json\/wp\/v2\/media?parent=182494"}],"wp:term":[{"taxonomy":"category","embeddable":true,"href":"https:\/\/www.europesays.com\/pl\/wp-json\/wp\/v2\/categories?post=182494"},{"taxonomy":"post_tag","embeddable":true,"href":"https:\/\/www.europesays.com\/pl\/wp-json\/wp\/v2\/tags?post=182494"}],"curies":[{"name":"wp","href":"https:\/\/api.w.org\/{rel}","templated":true}]}}