{"id":182508,"date":"2026-01-01T23:12:08","date_gmt":"2026-01-01T23:12:08","guid":{"rendered":"https:\/\/www.europesays.com\/pl\/182508\/"},"modified":"2026-01-01T23:12:08","modified_gmt":"2026-01-01T23:12:08","slug":"noworoczne-oredzie-premiera-rok-2026-nazwano-rokiem-przyspieszenia","status":"publish","type":"post","link":"https:\/\/www.europesays.com\/pl\/182508\/","title":{"rendered":"Noworoczne or\u0119dzie premiera. Rok 2026 nazwano rokiem przyspieszenia"},"content":{"rendered":"<p data-section=\"detail-body\">&#8222;Rok 2025 by\u0142 rokiem prze\u0142omu&#8221; \u2014 zacz\u0105\u0142 Tusk, podsumowuj\u0105c minione miesi\u0105ce. Wskaza\u0142 na dynamiczny wzrost gospodarczy, koniec dro\u017cyzny i odzyskanie miliard\u00f3w z Unii Europejskiej. &#8222;Naprawili\u015bmy relacje z Europ\u0105, uszczelnili\u015bmy granice, rozpocz\u0119li\u015bmy wielkie inwestycje&#8221; \u2014 wylicza\u0142. <\/p>\n<p class=\"article_p\" data-section=\"detail-body\">&#8222;Nazywaj\u0105 nasz\u0105 gospodark\u0119 z\u0142otow\u0142os\u0105, czyli tak\u0105, jak ma by\u0107. Warszaw\u0119 za\u015b uznaj\u0105 za najbardziej perspektywiczne miasto kontynentu. To wszystko w roku, kt\u00f3ry wielu krajom przyni\u00f3s\u0142 widmo kryzysu i za\u0142amania&#8221; \u2014 powiedzia\u0142.<\/p>\n<p class=\"article_p\" data-section=\"detail-body\">Premier podkre\u015bli\u0142, \u017ce 2026 b\u0119dzie &#8222;rokiem polskiego przyspieszenia, budowy najsilniejszej armii w Europie, zintensyfikowania inwestycji infrastrukturalnych i odbudowy przemys\u0142u, w tym obronnego&#8221;. Zapowiedzia\u0142 te\u017c &#8222;doci\u015bni\u0119cie \u015bruby przest\u0119pcom&#8221;.<\/p>\n<p class=\"article_p\" data-section=\"detail-body\">Premier odwo\u0142a\u0142 si\u0119 te\u017c do jubileuszu tysi\u0105clecia koronacji Boles\u0142awa Chrobrego. &#8222;Tysi\u0105c lat polskiego pa\u0144stwa zobowi\u0105zuje. Historia pokazuje, \u017ce pot\u0119g\u0119 daje silna armia, prawo i wolno\u015b\u0107, a przegran\u0105 \u2014 warcholstwo i korupcja&#8221; \u2014 podkre\u015bli\u0142.<\/p>\n<p>            Czytaj tak\u017ce w BUSINESS INSIDER<\/p>\n<p>        Armia, inwestycje i twarda walka z przest\u0119pczo\u015bci\u0105<\/p>\n<p class=\"article_p\" data-section=\"detail-body\">&#8222;Bez wzgl\u0119du na cokolwiek, 2026 b\u0119dzie rokiem polskiego przyspieszenia&#8221; \u2014 zapowiedzia\u0142 Tusk. W planach rz\u0105du jest budowa najsilniejszej armii w Europie, intensywna repolonizacja i odbudowa przemys\u0142u, w tym obronnego. Zasada &#8222;najpierw polskie&#8221; ma sta\u0107 si\u0119 \u017celazn\u0105 regu\u0142\u0105 w zam\u00f3wieniach publicznych. Premier m\u00f3wi o &#8222;roku szybkiego zdobywania Ba\u0142tyku&#8221; i wielkich inwestycjach infrastrukturalnych, kt\u00f3re maj\u0105 zmieni\u0107 oblicze kraju.<\/p>\n<p class=\"article_p\" data-section=\"detail-body\">Jednocze\u015bnie Tusk zapowiada tward\u0105 walk\u0119 z przest\u0119pczo\u015bci\u0105. &#8222;Ka\u017cdy, kto \u0142amie prawo \u2014 od handlarzy narkotyk\u00f3w po skorumpowanych polityk\u00f3w \u2014 gorzko tego po\u017ca\u0142uje. Polska ma by\u0107 i b\u0119dzie oaz\u0105 bezpiecze\u0144stwa&#8221; \u2014 podkre\u015bli\u0142.<\/p>\n<p class=\"article_p\" data-section=\"detail-body\">Na koniec premier skierowa\u0142 \u017cyczenia do Europejczyk\u00f3w, by byli &#8222;jak Polska \u2014 energiczni, odwa\u017cni i bezpieczni&#8221;. Wskaza\u0142 na sukcesy kraju: szczeln\u0105 wschodni\u0105 granic\u0119, odpowiedzialn\u0105 polityk\u0119 azylow\u0105 i budow\u0119 najwi\u0119kszej nowoczesnej armii w UE.<\/p>\n","protected":false},"excerpt":{"rendered":"&#8222;Rok 2025 by\u0142 rokiem prze\u0142omu&#8221; \u2014 zacz\u0105\u0142 Tusk, podsumowuj\u0105c minione miesi\u0105ce. Wskaza\u0142 na dynamiczny wzrost gospodarczy, koniec dro\u017cyzny&hellip;\n","protected":false},"author":2,"featured_media":182509,"comment_status":"","ping_status":"","sticky":false,"template":"","format":"standard","meta":{"footnotes":""},"categories":[12],"tags":[32,33,36,37,27,34,35,28,31,25,42,38,40,39,41,29,30,26],"class_list":{"0":"post-182508","1":"post","2":"type-post","3":"status-publish","4":"format-standard","5":"has-post-thumbnail","7":"category-polska","8":"tag-breaking-news","9":"tag-breakingnews","10":"tag-featured-news","11":"tag-featurednews","12":"tag-headlines","13":"tag-latest-news","14":"tag-latestnews","15":"tag-naglowki","16":"tag-najwazniejsze-artykuly","17":"tag-news","18":"tag-pl","19":"tag-poland","20":"tag-polish","21":"tag-polska","22":"tag-polski","23":"tag-top-stories","24":"tag-topstories","25":"tag-wiadomosci"},"share_on_mastodon":{"url":"https:\/\/pubeurope.com\/@pl\/115822378499367540","error":""},"_links":{"self":[{"href":"https:\/\/www.europesays.com\/pl\/wp-json\/wp\/v2\/posts\/182508","targetHints":{"allow":["GET"]}}],"collection":[{"href":"https:\/\/www.europesays.com\/pl\/wp-json\/wp\/v2\/posts"}],"about":[{"href":"https:\/\/www.europesays.com\/pl\/wp-json\/wp\/v2\/types\/post"}],"author":[{"embeddable":true,"href":"https:\/\/www.europesays.com\/pl\/wp-json\/wp\/v2\/users\/2"}],"replies":[{"embeddable":true,"href":"https:\/\/www.europesays.com\/pl\/wp-json\/wp\/v2\/comments?post=182508"}],"version-history":[{"count":0,"href":"https:\/\/www.europesays.com\/pl\/wp-json\/wp\/v2\/posts\/182508\/revisions"}],"wp:featuredmedia":[{"embeddable":true,"href":"https:\/\/www.europesays.com\/pl\/wp-json\/wp\/v2\/media\/182509"}],"wp:attachment":[{"href":"https:\/\/www.europesays.com\/pl\/wp-json\/wp\/v2\/media?parent=182508"}],"wp:term":[{"taxonomy":"category","embeddable":true,"href":"https:\/\/www.europesays.com\/pl\/wp-json\/wp\/v2\/categories?post=182508"},{"taxonomy":"post_tag","embeddable":true,"href":"https:\/\/www.europesays.com\/pl\/wp-json\/wp\/v2\/tags?post=182508"}],"curies":[{"name":"wp","href":"https:\/\/api.w.org\/{rel}","templated":true}]}}