{"id":182521,"date":"2026-01-01T23:22:09","date_gmt":"2026-01-01T23:22:09","guid":{"rendered":"https:\/\/www.europesays.com\/pl\/182521\/"},"modified":"2026-01-01T23:22:09","modified_gmt":"2026-01-01T23:22:09","slug":"barbara-kurdej-szatan-podsumowala-2025-rok-z-tego-jest-najbardziej-dumna","status":"publish","type":"post","link":"https:\/\/www.europesays.com\/pl\/182521\/","title":{"rendered":"Barbara Kurdej-Szatan podsumowa\u0142a 2025 rok. Z tego jest najbardziej dumna"},"content":{"rendered":"<p>Barbara Kurdej-Szatan nie sp\u0119dza \u015bwi\u0105t w tradycyjny spos\u00f3b. O tym, co robi opowiedzia\u0142a publicznie<\/p>\n<p class=\"typography ids-typeset-body ids-typeset-body--preset-large link paragraph ids-paragraph ids-paragraph--default\"><a href=\"https:\/\/www.pomponik.pl\/gwiazdy-i-produkcje-barbara-kurdej-szatan,gsbi,62\" rel=\"nofollow noopener\" target=\"_blank\">Barbara Kurdej-Szatan<\/a> jest jedn\u0105 z najpopularniejszych aktorek w kraju. Nic wi\u0119c dziwnego, \u017ce fan\u00f3w interesuj\u0105 nie tylko jej poczynania zawodowe, ale tak\u017ce szczeg\u00f3\u0142y z \u017cycia prywatnego.<\/p>\n<p class=\"typography ids-typeset-body ids-typeset-body--preset-large link paragraph ids-paragraph ids-paragraph--default\">Aktorka jest do\u015b\u0107 otwarta na opowiadanie o tym, co dzieje si\u0119 w jej domu. W grudniu w wywiadach <a href=\"https:\/\/www.pomponik.pl\/plotki\/news-wiesci-z-domu-kurdej-szatan-nadeszly-niespodziewanie-nikt-ni,nId,22501643\" target=\"_blank\" rel=\"nofollow noopener\">chwali\u0142a si\u0119 na przyk\u0142ad planami \u015bwi\u0105tecznymi swojej rodziny<\/a>. Wyjawi\u0142a wtedy, \u017ce wraz z bliskimi odchodz\u0105 nieco od tradycyjnej formy sp\u0119dzania grudniowych dni. Zdradzi\u0142a, \u017ce wraz z m\u0119\u017cem, dzie\u0107mi oraz rodzin\u0105 wybiera si\u0119 w g\u00f3ry, by troch\u0119 odpocz\u0105\u0107, ale tak\u017ce sp\u0119dzi\u0107 czas na stoku. Barbara Kurdej-Szatan wyjawi\u0142a wtedy r\u00f3wnie\u017c, \u017ce w jej rodzinie tylko dzieci prawdziwe dostaj\u0105 prezenty. Doro\u015bli musz\u0105 zadowoli\u0107 si\u0119 drobnymi, \u015bwi\u0105tecznymi upominkami.<\/p>\n<p class=\"typography ids-typeset-body ids-typeset-body--preset-large link paragraph ids-paragraph ids-paragraph--default\">Jak wida\u0107 wi\u0119c grudniowy czas jest dla aktorki do\u015b\u0107 specyficzny. W tym roku Basia mia\u0142a jednak chwil\u0119, by podsumowa\u0107 to, co si\u0119 u niej wydarzy\u0142o i pomy\u015ble\u0107 o planach na kolejny rok.<\/p>\n<p>Iwona Pavlovi\u0107 o odpadni\u0119ciu Kaczorowskiej. Czy Karolak ma fory?pomponik.tv<\/p>\n<p>Barbara Kurdej-Szatan nie kryje dumny z tego, co osi\u0105gn\u0119\u0142a. Ma konkretne postanowienie na kolejny rok<\/p>\n<p class=\"typography ids-typeset-body ids-typeset-body--preset-large link paragraph ids-paragraph ids-paragraph--default\">Barbara Kurdej-Szatan na ekranach obecna jest od wielu lat. W tym roku g\u0142o\u015bno by\u0142o o niej ze wzgl\u0119du na dwie premiery. Na antenie TVP zadebiutowa\u0142 serial &#8222;Zaraz wracam&#8221;, w kt\u00f3rym wciela si\u0119 w jedn\u0105 z g\u0142\u00f3wnych r\u00f3l. W grudniu w kinach mia\u0142 za to premier\u0119 \u015bwi\u0105teczny film &#8222;Piernikowe serce&#8221;, kt\u00f3ry zebra\u0142 do\u015b\u0107 pochlebne opinie.<\/p>\n<p class=\"typography ids-typeset-body ids-typeset-body--preset-large link paragraph ids-paragraph ids-paragraph--default\">Ma\u0142o os\u00f3b pami\u0119ta jednak o tym, \u017ce Barbara Kurdej-Szatan na co dzie\u0144 wyst\u0119puje tak\u017ce w teatrze. To w\u0142a\u015bnie praca na jego deskach przynosi jej najwi\u0119cej satysfakcji zawodowej.<\/p>\n<p class=\"typography ids-typeset-body ids-typeset-body--preset-large link paragraph ids-paragraph ids-paragraph--default\">Podsumowuj\u0105c rok 2025 w rozmowie z &#8222;Plejad\u0105&#8221; Barbara Kurdej-Szatan nie mog\u0142a nie wspomnie\u0107 o premierach teatralnych, z kt\u00f3rych jest niezwykle dumna. Aktorka szczeg\u00f3lnie ceni sobie to, \u017ce mog\u0142a wyre\u017cyserowa\u0107 jedn\u0105 z produkcji.<\/p>\n<p class=\"typography ids-typeset-body ids-typeset-body--preset-large link paragraph ids-paragraph ids-paragraph--default\">&#8222;Zrobi\u0142am trzy premiery teatralne, w tym jedn\u0105 swoj\u0105 produkcj\u0119. Jestem przeszcz\u0119\u015bliwa i my\u015bl\u0119, \u017ce zadowolona z tego roku. No a w nowym roku, c\u00f3\u017c&#8230; Byle do przodu&#8221; &#8211; powiedzia\u0142a.<\/p>\n<p class=\"typography ids-typeset-body ids-typeset-body--preset-large link paragraph ids-paragraph ids-paragraph--default\">Zapytana o postanowienie noworoczne aktorka, przyzna\u0142a, \u017ce jak co roku, chcia\u0142aby wi\u0119cej czasu po\u015bwi\u0119ci\u0107 aktywno\u015bci fizycznej.<\/p>\n<p class=\"typography ids-typeset-body ids-typeset-body--preset-large link paragraph ids-paragraph ids-paragraph--default\">&#8222;Co roku mam postanowienie, \u017ce b\u0119d\u0119 si\u0119 wi\u0119cej rusza\u0107 i \u0107wiczy\u0107. Lubi\u0119 chodzi\u0107 na si\u0142owni\u0119 i si\u0119 rusza\u0107, biega\u0107, bo po prostu lepiej si\u0119 wtedy czuj\u0119&#8221; &#8211; wyjawi\u0142a.<\/p>\n<p class=\"typography ids-typeset-body ids-typeset-body--preset-large link paragraph ids-paragraph ids-paragraph--default\">Jeste\u015bcie ciekawi, co 2026 rok przyniesie w \u017cyciu Barbary Kurdej-Szatan?<\/p>\n<p>Czytaj tak\u017ce:<a id=\"a-img\" class=\"hl-6\"><img class=\"hl-8\"\/><\/a><a id=\"a-main\" class=\"hl-9\"\/>Halo! Wejd\u017a na <a id=\"halo-text-a\" href=\"https:\/\/halotu.polsat.pl#parametr=link_halo\" rel=\"nofollow noopener\" target=\"_blank\">halotu.polsat.pl<\/a> i nie przegap naj\u015bwie\u017cszych informacji z poranka w Polsacie.<\/p>\n<p class=\"typography ids-typeset-body ids-typeset-body--preset-large link paragraph ids-paragraph ids-paragraph--default\">Zobacz te\u017c:<\/p>\n<p class=\"typography ids-typeset-body ids-typeset-body--preset-large link paragraph ids-paragraph ids-paragraph--default\"><a href=\"https:\/\/www.pomponik.pl\/plotki\/news-kurdej-szatan-potwierdzila-doniesienia-po-latach-nikt-nie-po,nId,22502508\" target=\"_blank\" rel=\"nofollow noopener\">Kurdej-Szatan potwierdzi\u0142a doniesienia po latach. Nikt nie podejrzewa\u0142<\/a><\/p>\n<p class=\"typography ids-typeset-body ids-typeset-body--preset-large link paragraph ids-paragraph ids-paragraph--default\"><a href=\"https:\/\/www.pomponik.pl\/plotki\/news-a-jednak-to-nie-byly-plotki-ws-kurdej-szatan-juz-tego-nie-uk,nId,22500169\" target=\"_blank\" rel=\"nofollow noopener\">A jednak to nie by\u0142y plotki ws. Kurdej-Szatan. Ju\u017c tego nie ukrywa i og\u0142asza. To koniec<\/a><\/p>\n<p class=\"typography ids-typeset-body ids-typeset-body--preset-large link paragraph ids-paragraph ids-paragraph--default\"><a href=\"https:\/\/www.pomponik.pl\/plotki\/news-to-nie-sa-dobre-wiesci-dla-kurdej-szatan-nie-zapowiada-sie-b,nId,22499759\" target=\"_blank\" rel=\"nofollow noopener\">To nie s\u0105 dobre wie\u015bci dla Kurdej-Szatan. Nie zapowiada si\u0119, by w kolejnych tygodniach by\u0142o lepiej<\/a><\/p>\n","protected":false},"excerpt":{"rendered":"Barbara Kurdej-Szatan nie sp\u0119dza \u015bwi\u0105t w tradycyjny spos\u00f3b. O tym, co robi opowiedzia\u0142a publicznie Barbara Kurdej-Szatan jest jedn\u0105&hellip;\n","protected":false},"author":2,"featured_media":182522,"comment_status":"","ping_status":"","sticky":false,"template":"","format":"standard","meta":{"footnotes":""},"categories":[22],"tags":[122,42,38,40,39,41,123],"class_list":{"0":"post-182521","1":"post","2":"type-post","3":"status-publish","4":"format-standard","5":"has-post-thumbnail","7":"category-rozrywka","8":"tag-entertainment","9":"tag-pl","10":"tag-poland","11":"tag-polish","12":"tag-polska","13":"tag-polski","14":"tag-rozrywka"},"share_on_mastodon":{"url":"https:\/\/pubeurope.com\/@pl\/115822417986173197","error":""},"_links":{"self":[{"href":"https:\/\/www.europesays.com\/pl\/wp-json\/wp\/v2\/posts\/182521","targetHints":{"allow":["GET"]}}],"collection":[{"href":"https:\/\/www.europesays.com\/pl\/wp-json\/wp\/v2\/posts"}],"about":[{"href":"https:\/\/www.europesays.com\/pl\/wp-json\/wp\/v2\/types\/post"}],"author":[{"embeddable":true,"href":"https:\/\/www.europesays.com\/pl\/wp-json\/wp\/v2\/users\/2"}],"replies":[{"embeddable":true,"href":"https:\/\/www.europesays.com\/pl\/wp-json\/wp\/v2\/comments?post=182521"}],"version-history":[{"count":0,"href":"https:\/\/www.europesays.com\/pl\/wp-json\/wp\/v2\/posts\/182521\/revisions"}],"wp:featuredmedia":[{"embeddable":true,"href":"https:\/\/www.europesays.com\/pl\/wp-json\/wp\/v2\/media\/182522"}],"wp:attachment":[{"href":"https:\/\/www.europesays.com\/pl\/wp-json\/wp\/v2\/media?parent=182521"}],"wp:term":[{"taxonomy":"category","embeddable":true,"href":"https:\/\/www.europesays.com\/pl\/wp-json\/wp\/v2\/categories?post=182521"},{"taxonomy":"post_tag","embeddable":true,"href":"https:\/\/www.europesays.com\/pl\/wp-json\/wp\/v2\/tags?post=182521"}],"curies":[{"name":"wp","href":"https:\/\/api.w.org\/{rel}","templated":true}]}}