{"id":182537,"date":"2026-01-01T23:35:13","date_gmt":"2026-01-01T23:35:13","guid":{"rendered":"https:\/\/www.europesays.com\/pl\/182537\/"},"modified":"2026-01-01T23:35:13","modified_gmt":"2026-01-01T23:35:13","slug":"trening-noworoczny-cracovii-w-wyjatkowych-koszulkach-obrodzilo-golami","status":"publish","type":"post","link":"https:\/\/www.europesays.com\/pl\/182537\/","title":{"rendered":"Trening Noworoczny Cracovii w wyj\u0105tkowych koszulkach. Obrodzi\u0142o golami"},"content":{"rendered":"<p>            16 goli w Treningu Noworocznym<\/p>\n<p>23-letni obro\u0144ca drugiej dru\u017cyny wyst\u0119puj\u0105cej w III lidze trafi\u0142 do siatki ju\u017c w 2. minucie spotkania, o godz. 12:03. Ma nadziej\u0119, \u017ce nie dotknie go kl\u0105twa Treningu Noworocznego Cracovii, bo w przesz\u0142o\u015bci wielu strzelc\u00f3w pierwszego gola opuszcza\u0142o klub w ci\u0105gu roku.\u00a0<\/p>\n<p>Daleko nie trzeba szuka\u0107, bo ostatni pi\u0142karz, kt\u00f3ry zapisa\u0142 si\u0119 w historii \u2013 napastnik Szymon Doba \u2013 odszed\u0142 w lipcu do G\u00f3rnika \u0141\u0119czna. Przenosiny na Lubelszczyzn\u0119 nie pomog\u0142y mu rozwin\u0105\u0107 skrzyde\u0142 i niedawno zosta\u0142 wystawiony na list\u0119 transferow\u0105 pierwszoligowca.<\/p>\n<p>                  <img decoding=\"async\" loading=\"lazy\" width=\"744\" height=\"418\" src=\"https:\/\/www.europesays.com\/pl\/wp-content\/uploads\/2026\/01\/2aa920f22fc618f0cc292b31363031bb.jpg.webp.webp\" alt=\"J\u0119drzej Str\u00f3zik (Cracovia II), strzelec pierwszego gola w 2026 roku\"\/><\/p>\n<p>J\u0119drzej Str\u00f3zik (Cracovia II), strzelec pierwszego gola w 2026 roku<\/p>\n<p>Trener bramkarzy i 11-latek na boisku<\/p>\n<p>Tym razem Cracovia I i Cracovia II rywalizowa\u0142y 2&#215;20 minut, a zdoby\u0142y sze\u015b\u0107 bramek wi\u0119cej ni\u017c 1 stycznia 2025, kiedy noworoczny mecz trwa\u0142 godzin\u0119. Na list\u0119 strzelc\u00f3w w dru\u017cynie wygranych wpisa\u0142 si\u0119 m.in. trener bramkarzy Marcin Cabaj.\u00a0<\/p>\n<p>Trafi\u0142 tak\u017ce S\u0142awomir Steczko \u2013 s\u0119dzia futsalu i ni\u017cszych lig rozgrywek na trawie, kt\u00f3ry prowadzi Trening Noworoczny od 2004 roku. Zabrak\u0142o go tylko raz \u2013 15 lat temu z powodu choroby. W ekstraklasowym zespole Luki Elsnera znalaz\u0142 si\u0119 tak\u017ce Micha\u0142 Ciejka z Akademii Cracovii, cz\u0142onek dru\u017cyny do lat 11. On tak\u017ce m\u00f3g\u0142 \u015bwi\u0119towa\u0107 gola i na pewno zapami\u0119ta ten moment.<\/p>\n<p>                  <img decoding=\"async\" loading=\"lazy\" width=\"744\" height=\"418\" src=\"https:\/\/www.europesays.com\/pl\/wp-content\/uploads\/2026\/01\/f3a1324c4c50952a0e69787245b5b698.jpg.webp.webp\" alt=\"Trening Noworoczny Cracovii\"\/><\/p>\n<p>Trening Noworoczny Cracovii<\/p>\n<p>Trening Noworoczny po\u0142\u0105czy\u0142 wi\u0119c wszystkie pokolenia Pasiak\u00f3w. Podobnie by\u0142o na trybunach, na kt\u00f3rych zasiad\u0142o 3889 kibic\u00f3w. Nie uda\u0142o si\u0119 pobi\u0107 rekordu frekwencji sprzed roku (5003), ale spo\u0142eczno\u015b\u0107 skupiona wok\u00f3\u0142 klubu z optymizmem rozpocz\u0119\u0142a rok, w kt\u00f3rym Cracovia \u015bwi\u0119tuje 120-lecie.<\/p>\n<p>Stroje jak w 1906<\/p>\n<p>Z tej okazji dru\u017cyny wyst\u0105pi\u0142y w strojach retro, kt\u00f3re mo\u017cna ju\u017c kupowa\u0107 w klubowym sklepie. Cracovia I zagra\u0142a w koszulkach w bia\u0142o-czerwone pasy, a Cracovia II w niebieskich trykotach z bia\u0142\u0105 szarf\u0105. To nawi\u0105zanie do barw dw\u00f3ch dru\u017cyn, kt\u00f3re da\u0142y pocz\u0105tek Cracovii.\u00a0<\/p>\n<p>                  <img decoding=\"async\" loading=\"lazy\" width=\"744\" height=\"418\" src=\"https:\/\/www.europesays.com\/pl\/wp-content\/uploads\/2026\/01\/59bab220a5d2b8dbf4f8c1ba2605776f.jpg.webp.webp\" alt=\"Trening Noworoczny Cracovii\"\/><\/p>\n<p>Trening Noworoczny Cracovii<\/p>\n<p>Od Akademickiego Klubu Footbolist\u00f3w \u201eCracovia\u201d klub przej\u0105\u0142 nazw\u0119, a od I Klubu Studenckiego \u201eBia\u0142o-czerwoni\u201d \u2013 barwy. Pasiast\u0105 koszulk\u0119 za\u0142o\u017cy\u0142 m.in. Otar Kakabadze, jedyny z obcokrajowc\u00f3w, kt\u00f3ry wyst\u0105pi\u0142 w noworocznym spotkaniu. Gruzin by\u0142 tak\u017ce autorem ostatniego z goli.<\/p>\n<p>Nowe ekrany<\/p>\n<p>1 stycznia na stadionie Cracovii zadebiutowa\u0142y tak\u017ce nowe telebimy, kt\u00f3rych wymian\u0119 sfinansowa\u0142o miasto \u2013 w\u0142a\u015bciciel obiektu im. J\u00f3zefa Pi\u0142sudskiego.<\/p>\n<p>Cracovia I \u2013 Cracovia II 10:6 (2:4)<\/p>\n<p>Bramki: Golonka (3.), W\u00f3jcik (19.), Ciejka (21.), Knap (23.), Klich (28.), Steczko (32.), Madejski (37., 40.), Cabaj (39.), Kakabadze (40.) \u2013 Str\u00f3zik (2.), Kaczor (14., 16.), Sowiecki (20.), Jakubczyk (24.), Golonka (34.).<\/p>\n","protected":false},"excerpt":{"rendered":"16 goli w Treningu Noworocznym 23-letni obro\u0144ca drugiej dru\u017cyny wyst\u0119puj\u0105cej w III lidze trafi\u0142 do siatki ju\u017c w&hellip;\n","protected":false},"author":2,"featured_media":182538,"comment_status":"","ping_status":"","sticky":false,"template":"","format":"standard","meta":{"footnotes":""},"categories":[24],"tags":[42,38,40,39,41,127,126],"class_list":{"0":"post-182537","1":"post","2":"type-post","3":"status-publish","4":"format-standard","5":"has-post-thumbnail","7":"category-sport","8":"tag-pl","9":"tag-poland","10":"tag-polish","11":"tag-polska","12":"tag-polski","13":"tag-sport","14":"tag-sports"},"share_on_mastodon":{"url":"https:\/\/pubeurope.com\/@pl\/115822469243390053","error":""},"_links":{"self":[{"href":"https:\/\/www.europesays.com\/pl\/wp-json\/wp\/v2\/posts\/182537","targetHints":{"allow":["GET"]}}],"collection":[{"href":"https:\/\/www.europesays.com\/pl\/wp-json\/wp\/v2\/posts"}],"about":[{"href":"https:\/\/www.europesays.com\/pl\/wp-json\/wp\/v2\/types\/post"}],"author":[{"embeddable":true,"href":"https:\/\/www.europesays.com\/pl\/wp-json\/wp\/v2\/users\/2"}],"replies":[{"embeddable":true,"href":"https:\/\/www.europesays.com\/pl\/wp-json\/wp\/v2\/comments?post=182537"}],"version-history":[{"count":0,"href":"https:\/\/www.europesays.com\/pl\/wp-json\/wp\/v2\/posts\/182537\/revisions"}],"wp:featuredmedia":[{"embeddable":true,"href":"https:\/\/www.europesays.com\/pl\/wp-json\/wp\/v2\/media\/182538"}],"wp:attachment":[{"href":"https:\/\/www.europesays.com\/pl\/wp-json\/wp\/v2\/media?parent=182537"}],"wp:term":[{"taxonomy":"category","embeddable":true,"href":"https:\/\/www.europesays.com\/pl\/wp-json\/wp\/v2\/categories?post=182537"},{"taxonomy":"post_tag","embeddable":true,"href":"https:\/\/www.europesays.com\/pl\/wp-json\/wp\/v2\/tags?post=182537"}],"curies":[{"name":"wp","href":"https:\/\/api.w.org\/{rel}","templated":true}]}}