{"id":182551,"date":"2026-01-01T23:49:10","date_gmt":"2026-01-01T23:49:10","guid":{"rendered":"https:\/\/www.europesays.com\/pl\/182551\/"},"modified":"2026-01-01T23:49:10","modified_gmt":"2026-01-01T23:49:10","slug":"piotr-zyla-otwarcie-o-wycofaniu-z-tcs-przegralem-sam-ze-soba-sport-tvp-pl","status":"publish","type":"post","link":"https:\/\/www.europesays.com\/pl\/182551\/","title":{"rendered":"Piotr \u017by\u0142a otwarcie o wycofaniu z TCS: przegra\u0142em sam ze sob\u0105 &#8211; sport.tvp.pl"},"content":{"rendered":"<ol>\n<li><a href=\"https:\/\/news.google.com\/rss\/articles\/CBMilAFBVV95cUxOX3lmNG4tYWNLYy15dTcwaXVlUDh4UHVsenBIdTlObnB3VWdmczI4d1pFVVhSNl9takp0aGFtbFNvWjBCMzZJNW14M2loU3NWSFZaa2ctY3EtcG84RE1iOE5YN2FBb1hiYWlkQlg4N1B5MjRrNDd5UXNEQkNfMFVuRDFfSVBNcFJON1ZWTFpPTGw3YjdF0gGaAUFVX3lxTFBYdXpXckEwRmllOVJMeHYtTE51VmlvT2lPUGpaNTNQaFRpWmlxem1RMlpYVkhKbkM0Uk9pOHkzT0h3T0xJU1Ywa0pJVDZxbnptc3h3TGFORGVOcG1XUFJCR2tXRXBCbzZjY1NpWk1BeV9URllOVnBrSTcwY0tjc1FtNngxMUxNYUhEVS0tbW0tNVp5VVFVa0tmM1E?oc=5\" target=\"_blank\" rel=\"nofollow noopener\">Piotr \u017by\u0142a otwarcie o wycofaniu z TCS: przegra\u0142em sam ze sob\u0105<\/a>&nbsp;&nbsp;sport.tvp.pl<\/li>\n<li><a href=\"https:\/\/news.google.com\/rss\/articles\/CBMi3wFBVV95cUxQWUFvcnUxbUM0VWpIa0RMVXJ1VFJmcWU0bEpuS09WQ2x6SHJubmZfUENYYlRLWGxZdnBYMHNzQlVXejVjYVBaTmhwUTN6dzVZQndJTDlJQUJ5NFVtNjVFRjFDaWh6TE83V0pvRHZESnF3MW5lMTgtLUd3bTRzQ3J2MEZUZ3hhcXZvVFpMRVNIdGZGMFdab3Bjck9HSHpWWlBabThxYTE1R1FEWFNKMUNaMDk1VUFHLWVKOVVyMzNEbEhNbExfZUN3eFY4MXdzOUhUVDlka3dnalo4dUNhNFNj?oc=5\" target=\"_blank\" rel=\"nofollow noopener\">Nowe informacje w sprawie Piotra \u017by\u0142y. B\u0142yskawiczna interwencja w Szczyrku<\/a>&nbsp;&nbsp;Przegl\u0105d Sportowy Onet<\/li>\n<li><a href=\"https:\/\/news.google.com\/rss\/articles\/CBMiwwFBVV95cUxNbGZoakpBblFPMEFPWW1CaGdJNDREMnJJd2ZaeWZLQWI5MDY4RTFWb0NuZndUMEtrSWNnZm9qOUwxeHY4aDdDXzlzZ2U1T0FfSl9LWXBoZ0lWT0ZTQ3pNUkpObHRtZk5PZEtPaERyeEh5ZlJiY1R2VEFxSmVjaDZaUW8xcmZZMzE3VkpKYzFhYWJrVDE1ekkzYzAtY21nYk9VVk1HN042SXBKbVBBZHd2VTIybnRGNkZRRkUtSnFaekoya2c?oc=5\" target=\"_blank\" rel=\"nofollow noopener\">\u017by\u0142a bez ogr\u00f3dek po wykluczeniu z kadry. To teraz zamierza zrobi\u0107<\/a>&nbsp;&nbsp;Sport w INTERIA.PL<\/li>\n<li><a href=\"https:\/\/news.google.com\/rss\/articles\/CBMimgFBVV95cUxOdkFkdDR5WGMzT0w5VFVhMFhpTTdraEE3VEJ0Smc5eldDNlRiUFFZa3p1UGpReHRRR0FzdkNSODR2eTdIOWxXOC1EVlRnX0otR2Q1U2FwYXlpNUFNZENEckVmRVozY1FNMWhtbnZmYzFxMGEyeTc3TnZnNkJnZDR2YmVLM3VpdTJiWEktS2tUUnNkcThUaG5qZE1B?oc=5\" target=\"_blank\" rel=\"nofollow noopener\">Trener odes\u0142a\u0142 \u017by\u0142\u0119 do domu. Skoczek ju\u017c zareagowa\u0142<\/a>&nbsp;&nbsp;SportoweFakty<\/li>\n<li><a href=\"https:\/\/news.google.com\/rss\/articles\/CBMiqgFBVV95cUxNUzFDRUlGTG04M3Z5UVczVXp5d2Q0cGhKbXo3UUpNUWNWSmd3bTEyMmtFdUhrTXhnSVZ0NFF6MHp1aDZYdF9xSEdmeXlpV0VNeW5pZGdwdVhiUnVXb0FHRHM0VUo4clhUbGpEUFNwQzZGVlEyVjN5bWhyaU5KSEMzVFo5aUdlWEo2VlhsRzdlbkgzd2lBMjRvRmF2eUFEamduLTBENjNvRHl3dw?oc=5\" target=\"_blank\" rel=\"nofollow noopener\">\u017by\u0142a og\u0142osi\u0142 to ca\u0142ej Polsce. Tego nie chcieli\u015bmy us\u0142ysze\u0107<\/a>&nbsp;&nbsp;Sport.pl<\/li>\n<\/ol>\n","protected":false},"excerpt":{"rendered":"Piotr \u017by\u0142a otwarcie o wycofaniu z TCS: przegra\u0142em sam ze sob\u0105&nbsp;&nbsp;sport.tvp.pl Nowe informacje w sprawie Piotra \u017by\u0142y. B\u0142yskawiczna&hellip;\n","protected":false},"author":2,"featured_media":182552,"comment_status":"","ping_status":"","sticky":false,"template":"","format":"standard","meta":{"footnotes":""},"categories":[24],"tags":[17243,42,38,40,39,41,1539,127,334,126,35866,29423],"class_list":{"0":"post-182551","1":"post","2":"type-post","3":"status-publish","4":"format-standard","5":"has-post-thumbnail","7":"category-sport","8":"tag-piotr-zyla","9":"tag-pl","10":"tag-poland","11":"tag-polish","12":"tag-polska","13":"tag-polski","14":"tag-skoki","15":"tag-sport","16":"tag-sport-tvp-pl","17":"tag-sports","18":"tag-tcs","19":"tag-turniej-czterech-skoczni"},"share_on_mastodon":{"url":"https:\/\/pubeurope.com\/@pl\/115822524194073404","error":""},"_links":{"self":[{"href":"https:\/\/www.europesays.com\/pl\/wp-json\/wp\/v2\/posts\/182551","targetHints":{"allow":["GET"]}}],"collection":[{"href":"https:\/\/www.europesays.com\/pl\/wp-json\/wp\/v2\/posts"}],"about":[{"href":"https:\/\/www.europesays.com\/pl\/wp-json\/wp\/v2\/types\/post"}],"author":[{"embeddable":true,"href":"https:\/\/www.europesays.com\/pl\/wp-json\/wp\/v2\/users\/2"}],"replies":[{"embeddable":true,"href":"https:\/\/www.europesays.com\/pl\/wp-json\/wp\/v2\/comments?post=182551"}],"version-history":[{"count":0,"href":"https:\/\/www.europesays.com\/pl\/wp-json\/wp\/v2\/posts\/182551\/revisions"}],"wp:featuredmedia":[{"embeddable":true,"href":"https:\/\/www.europesays.com\/pl\/wp-json\/wp\/v2\/media\/182552"}],"wp:attachment":[{"href":"https:\/\/www.europesays.com\/pl\/wp-json\/wp\/v2\/media?parent=182551"}],"wp:term":[{"taxonomy":"category","embeddable":true,"href":"https:\/\/www.europesays.com\/pl\/wp-json\/wp\/v2\/categories?post=182551"},{"taxonomy":"post_tag","embeddable":true,"href":"https:\/\/www.europesays.com\/pl\/wp-json\/wp\/v2\/tags?post=182551"}],"curies":[{"name":"wp","href":"https:\/\/api.w.org\/{rel}","templated":true}]}}