{"id":182564,"date":"2026-01-02T00:11:19","date_gmt":"2026-01-02T00:11:19","guid":{"rendered":"https:\/\/www.europesays.com\/pl\/182564\/"},"modified":"2026-01-02T00:11:19","modified_gmt":"2026-01-02T00:11:19","slug":"weronika-rosati-z-alem-pacino-pochwalila-sie-tuz-przed-koncem-roku-rmf-fm","status":"publish","type":"post","link":"https:\/\/www.europesays.com\/pl\/182564\/","title":{"rendered":"Weronika Rosati z Alem Pacino. Pochwali\u0142a si\u0119 tu\u017c przed ko\u0144cem roku :: RMF FM"},"content":{"rendered":"<p>Weronika Rosati ma za sob\u0105 niezwykle intensywne dwana\u015bcie miesi\u0119cy. Polska aktorka pracowa\u0142a z wieloma hollywoodzkimi gwiazdami, a na koniec 2025 roku pochwali\u0142a si\u0119 zdj\u0119ciem z Alem Pacino. Tym samym potwierdzi\u0142a wcze\u015bniejsze doniesienia o wsp\u00f3\u0142pracy z legend\u0105 kina.<\/p>\n<p><img decoding=\"async\" alt=\"\" src=\"https:\/\/www.europesays.com\/pl\/wp-content\/uploads\/2026\/01\/15fbadd27e80bca9e52c4d0b31803396.jpg\" class=\"w-100\"\/><\/p>\n<p>fot. Collin Xavier\/Image Press Agency\/ABACA\/Abaca\/East News, Rex Features\/East News<\/p>\n<p>&#13;<br \/>\n\tIntensywny rok Weroniki Rosati<\/p>\n<p>&#13;<br \/>\n\tMijaj\u0105cy rok by\u0142 dla Weroniki Rosati niezwykle pracowity. Mieszkaj\u0105ca w Stanach Zjednoczonych polska aktorka pracowa\u0142a nad kilkoma produkcjami udzia\u0142em najwi\u0119kszych gwiazd kina. W lipcu, w rozmowie z \u201ePytaniem na \u015bniadanie\u201d, zdradzi\u0142a: \u201eW Los Angeles teraz kr\u0119ci\u0142am film, gra\u0142am g\u0142\u00f3wn\u0105 rol\u0119. Mia\u0142am ostatni dzie\u0144 zdj\u0119ciowy i gram u boku aktora, kt\u00f3ry by\u0142 nominowany do Oscara i do Z\u0142otego Globu\u201d.<\/p>\n<p>&#13;<br \/>\n\tWkr\u00f3tce wyjawi\u0142a, \u017ce gra\u0142a z Erikiem Robertsem \u2013 bratem Julii i ojcem Emmy Roberts, nominowanego do najwa\u017cniejszych filmowych nagr\u00f3d za rol\u0119 w \u201eUciekaj\u0105cym poci\u0105gu\u201d. W tym samym czasie w rozmowie z Plejad\u0105 wyjawi\u0142a, \u017ce dosta\u0142a r\u00f3wnie\u017c anga\u017c do produkcji z udzia\u0142em Mickeya Rourke\u2019a. Mia\u0142a te\u017c m.in. okazj\u0119 spotka\u0107 si\u0119 z George\u2019em Cloneyem na pokazie filmu \u201eJay Kelly\u201d:<\/p>\n<p>\t<a href=\"https:\/\/www.rmf.fm\/magazyn\/news,85562,weronika-rosati-i-george-clooney-razem-znienacka-przekazala-takie-wiesci.html\" rel=\"nofollow noopener\" target=\"_blank\"><img decoding=\"async\" src=\"https:\/\/www.europesays.com\/pl\/wp-content\/uploads\/2026\/01\/e93e671893a86c0c2bf1934ddc366841.jpg\" width=\"290\"\/><\/a><a href=\"https:\/\/www.rmf.fm\/magazyn\/news,85562,weronika-rosati-i-george-clooney-razem-znienacka-przekazala-takie-wiesci.html\" rel=\"nofollow noopener\" target=\"_blank\">Weronika Rosati i George Clooney razem. Znienacka przekaza\u0142a takie wie\u015bci<\/a><\/p>\n<p>Weronika Rosati podzieli\u0142a si\u0119 wymownymi zdj\u0119ciami z George\u2019em Clooneyem. \u201eW szkole \u015bmiali si\u0119 ze mnie, \u017ce mi\u0142o\u015b\u0107 do kina nigdzie mnie nie zaprowadzi\u201d \u2013 napisa\u0142a pod spodem. Nie jest tajemnic\u0105, co po\u0142\u0105czy\u0142o j\u0105 z ameryka\u0144skim&#8230;<\/p>\n<p>&#13;<br \/>\n\tTu\u017c przed ko\u0144cem roku Weronika Rosati zdecydowa\u0142a si\u0119 podsumowa\u0107 ostatnie dwana\u015bcie miesi\u0119cy, publikuj\u0105c na Instagramie specjalny wpis. Opatrzy\u0142a go m.in. fotografi\u0105, do kt\u00f3rej zapozowa\u0142a z samym Alem Pacino. O tym, \u017ce b\u0119d\u0105 razem pracowa\u0107, m\u00f3wi\u0142o si\u0119 ju\u017c w 2024 roku.<\/p>\n<p>&#13;<br \/>\n\t\u201eJednym z najwa\u017cniejszych wydarze\u0144 2025 roku by\u0142o to, \u017ce z Alem Pacino, Jessik\u0105 Chastain, Arian\u0105 DeBose, Rachel Brosnahan i innymi wspania\u0142ymi aktorami zrobili\u015bmy wspania\u0142y film \u201e<a href=\"https:\/\/www.rmf.fm\/magazyn\/tag,Lear%20Rex.html\" rel=\"nofollow noopener\" target=\"_blank\">Lear Rex<\/a>\u201d na podstawie \u201eKr\u00f3la Leara\u201d. Z moj\u0105 c\u00f3rk\u0105 Elizabeth \u015bwietnie si\u0119 bawi\u0142y\u015bmy, pojawiaj\u0105c si\u0119 jako ma\u0142e cameo\u201d \u2013 napisa\u0142a, przypominaj\u0105c o swojej innej, jeszcze istotniejszej roli przy tej produkcji:<\/p>\n<p>&#13;<br \/>\n\t\u201eJestem taka dumna, \u017ce zosta\u0142am wsp\u00f3\u0142producentk\u0105 wykonawcz\u0105 tego genialnego filmu, produkowanego przez Barry Navidi Productions. To by\u0142a niez\u0142a jazda\u201d \u2013 przyzna\u0142a. Rosati obieca\u0142a, \u017ce w najbli\u017cszym czasie b\u0119dzie dzieli\u0107 si\u0119 kolejnymi zdj\u0119ciami i nagraniami z planu \u201eLear Rex\u201d, kt\u00f3ry swoj\u0105 premier\u0119 ma mie\u0107 w 2026 roku.<\/p>\n<blockquote class=\"instagram-media\" data-instgrm-captioned=\"\" data-instgrm-permalink=\"https:\/\/www.instagram.com\/p\/DS5hQvUEohW\/?utm_source=ig_embed&amp;utm_campaign=loading\" data-instgrm-version=\"14\" style=\" background:#FFF; border:0; border-radius:3px; box-shadow:0 0 1px 0 rgba(0,0,0,0.5),0 1px 10px 0 rgba(0,0,0,0.15); margin: 1px; max-width:540px; min-width:326px; padding:0; width:99.375%; width:-webkit-calc(100% - 2px); width:calc(100% - 2px);\"\/>\n<blockquote class=\"instagram-media\" data-instgrm-captioned=\"\" data-instgrm-permalink=\"https:\/\/www.instagram.com\/p\/DBUEhNiPTOO\/?utm_source=ig_embed&amp;utm_campaign=loading\" data-instgrm-version=\"14\" style=\" background:#FFF; border:0; border-radius:3px; box-shadow:0 0 1px 0 rgba(0,0,0,0.5),0 1px 10px 0 rgba(0,0,0,0.15); margin: 1px; max-width:540px; min-width:326px; padding:0; width:99.375%; width:-webkit-calc(100% - 2px); width:calc(100% - 2px);\"\/>\n<p>\t\t\t\t\t\t<script async src=\"\/\/www.instagram.com\/embed.js\"><\/script><\/p>\n","protected":false},"excerpt":{"rendered":"Weronika Rosati ma za sob\u0105 niezwykle intensywne dwana\u015bcie miesi\u0119cy. Polska aktorka pracowa\u0142a z wieloma hollywoodzkimi gwiazdami, a na&hellip;\n","protected":false},"author":2,"featured_media":182565,"comment_status":"","ping_status":"","sticky":false,"template":"","format":"standard","meta":{"footnotes":"","_share_on_mastodon":"0"},"categories":[22],"tags":[35871,122,35872,42,38,40,39,41,123,35870],"class_list":["post-182564","post","type-post","status-publish","format-standard","has-post-thumbnail","category-rozrywka","tag-al-pacino","tag-entertainment","tag-lear-rex","tag-pl","tag-poland","tag-polish","tag-polska","tag-polski","tag-rozrywka","tag-weronika-rosati"],"share_on_mastodon":{"url":"https:\/\/pubeurope.com\/@pl\/115822610571797539","error":""},"_links":{"self":[{"href":"https:\/\/www.europesays.com\/pl\/wp-json\/wp\/v2\/posts\/182564","targetHints":{"allow":["GET"]}}],"collection":[{"href":"https:\/\/www.europesays.com\/pl\/wp-json\/wp\/v2\/posts"}],"about":[{"href":"https:\/\/www.europesays.com\/pl\/wp-json\/wp\/v2\/types\/post"}],"author":[{"embeddable":true,"href":"https:\/\/www.europesays.com\/pl\/wp-json\/wp\/v2\/users\/2"}],"replies":[{"embeddable":true,"href":"https:\/\/www.europesays.com\/pl\/wp-json\/wp\/v2\/comments?post=182564"}],"version-history":[{"count":0,"href":"https:\/\/www.europesays.com\/pl\/wp-json\/wp\/v2\/posts\/182564\/revisions"}],"wp:featuredmedia":[{"embeddable":true,"href":"https:\/\/www.europesays.com\/pl\/wp-json\/wp\/v2\/media\/182565"}],"wp:attachment":[{"href":"https:\/\/www.europesays.com\/pl\/wp-json\/wp\/v2\/media?parent=182564"}],"wp:term":[{"taxonomy":"category","embeddable":true,"href":"https:\/\/www.europesays.com\/pl\/wp-json\/wp\/v2\/categories?post=182564"},{"taxonomy":"post_tag","embeddable":true,"href":"https:\/\/www.europesays.com\/pl\/wp-json\/wp\/v2\/tags?post=182564"}],"curies":[{"name":"wp","href":"https:\/\/api.w.org\/{rel}","templated":true}]}}