{"id":182606,"date":"2026-01-02T01:06:14","date_gmt":"2026-01-02T01:06:14","guid":{"rendered":"https:\/\/www.europesays.com\/pl\/182606\/"},"modified":"2026-01-02T01:06:14","modified_gmt":"2026-01-02T01:06:14","slug":"nie-o-to-w-tym-sporcie-chodzi-wrzosek-brutalnie-szczery-przed-walka-w-ksw","status":"publish","type":"post","link":"https:\/\/www.europesays.com\/pl\/182606\/","title":{"rendered":"&#8222;Nie o to w tym sporcie chodzi&#8221;. Wrzosek brutalnie szczery przed walk\u0105 w KSW"},"content":{"rendered":"\n<p class=\"contentpart contentpart--default contentpart--text\" data-position=\"0\"><a href=\"https:\/\/sportowefakty.wp.pl\/mma\/arkadiusz-wrzosek\" rel=\"nofollow noopener\" target=\"_blank\">Arkadiusz Wrzosek<\/a>\u00a0ma za sob\u0105 siedem pojedynk\u00f3w stoczonych w MMA. Tylko jedna z tych walk zako\u0144czy\u0142a si\u0119 na kartach s\u0119dziowskich. By\u0142y kickbokser cztery razy posy\u0142a\u0142 rywali na deski, a raz wygra\u0142 przez poddanie.<\/p>\n<p class=\"contentpart contentpart--default contentpart--text\" data-position=\"1\">Wrzosek szykuje si\u0119 do kolejnego pojedynku w klatce <a href=\"https:\/\/sportowefakty.wp.pl\/mma\/ksw\" rel=\"nofollow noopener\" target=\"_blank\">KSW<\/a>. Podczas styczniowej gali XTB KSW 114 zmierzy si\u0119 z du\u017co bardziej do\u015bwiadczonym w MMA <a href=\"https:\/\/sportowefakty.wp.pl\/mma\/szymon-bajor\" rel=\"nofollow noopener\" target=\"_blank\">Szymonem Bajorem<\/a>. Przed zbli\u017caj\u0105c\u0105 si\u0119 konfrontacj\u0105 by\u0142y kickbokser przyzna\u0142 w rozmowie dla serwisu InTheCage.pl, \u017ce nie odczuwa potrzeby sprawdzenia si\u0119 z przeciwnikiem na pe\u0142nym dystansie pi\u0119tnastu minut.<\/p>\n<p> <img role=\"presentation\" src=\"https:\/\/std.wpcdn.pl\/images\/adv\/placeholder_wp.svg\" loading=\"lazy\" alt=\"\" decoding=\"async\"\/>  <\/p>\n<p class=\"contentpart contentpart--default contentpart--text\" data-position=\"2\">ZOBACZ WIDEO: Mistrz KSW nie wytrzyma\u0142 podczas wywiadu. &#8222;Zatrzymajmy t\u0119 karuzel\u0119 \u015bmiechu&#8221;<\/p>\n<p class=\"contentpart contentpart--default contentpart--text\" data-position=\"4\">&#8211; Nie mam potrzeby sprawdza\u0107 si\u0119 na d\u0142u\u017cszym dystansie. Wychodz\u0119 do walki znokautowa\u0107 rywala i trafi\u0107 go jak najmocniej w g\u0142ow\u0119 &#8211; przyzna\u0142 otwarcie Wrzosek.<\/p>\n<p class=\"contentpart contentpart--default contentpart--text\" data-position=\"5\">&#8211; Gdybym wychodzi\u0142 walczy\u0107 na punkty, sprawdza\u0107 si\u0119, to bez sensu by\u0142oby w og\u00f3le wychodzenie do walki. Nie o to w tym sporcie chodzi. Mamy mo\u017cliwo\u015b\u0107 ko\u0144czenia walk przed regulaminowym czasem i ja chc\u0119 zawsze z niej korzysta\u0107. Wychodz\u0119 z intencj\u0105 zrobienia komu\u015b krzywdy &#8211; skwitowa\u0142 spraw\u0119.<\/p>\n<p class=\"contentpart contentpart--default contentpart--text\" data-position=\"6\">Wrzosek wszed\u0142 do \u015bwiata MMA w roku 2022. Wcze\u015bniej zebra\u0142 ogromne do\u015bwiadczenie w kickbokserskich ringach. Zdoby\u0142 mi\u0119dzy innymi tytu\u0142y amatorskiego mistrza \u015bwiata w K1 oraz mistrza Europy w muay thai. Jest te\u017c by\u0142ym mistrzem organizacji FEN.<\/p>\n","protected":false},"excerpt":{"rendered":"Arkadiusz Wrzosek\u00a0ma za sob\u0105 siedem pojedynk\u00f3w stoczonych w MMA. Tylko jedna z tych walk zako\u0144czy\u0142a si\u0119 na kartach&hellip;\n","protected":false},"author":2,"featured_media":182607,"comment_status":"","ping_status":"","sticky":false,"template":"","format":"standard","meta":{"footnotes":""},"categories":[24],"tags":[14748,1254,1255,42,38,40,39,41,127,126,1256,35880],"class_list":{"0":"post-182606","1":"post","2":"type-post","3":"status-publish","4":"format-standard","5":"has-post-thumbnail","7":"category-sport","8":"tag-arkadiusz-wrzosek","9":"tag-ksw","10":"tag-mma","11":"tag-pl","12":"tag-poland","13":"tag-polish","14":"tag-polska","15":"tag-polski","16":"tag-sport","17":"tag-sports","18":"tag-sporty-walki","19":"tag-szymon-bajor"},"share_on_mastodon":{"url":"https:\/\/pubeurope.com\/@pl\/115822826830385864","error":""},"_links":{"self":[{"href":"https:\/\/www.europesays.com\/pl\/wp-json\/wp\/v2\/posts\/182606","targetHints":{"allow":["GET"]}}],"collection":[{"href":"https:\/\/www.europesays.com\/pl\/wp-json\/wp\/v2\/posts"}],"about":[{"href":"https:\/\/www.europesays.com\/pl\/wp-json\/wp\/v2\/types\/post"}],"author":[{"embeddable":true,"href":"https:\/\/www.europesays.com\/pl\/wp-json\/wp\/v2\/users\/2"}],"replies":[{"embeddable":true,"href":"https:\/\/www.europesays.com\/pl\/wp-json\/wp\/v2\/comments?post=182606"}],"version-history":[{"count":0,"href":"https:\/\/www.europesays.com\/pl\/wp-json\/wp\/v2\/posts\/182606\/revisions"}],"wp:featuredmedia":[{"embeddable":true,"href":"https:\/\/www.europesays.com\/pl\/wp-json\/wp\/v2\/media\/182607"}],"wp:attachment":[{"href":"https:\/\/www.europesays.com\/pl\/wp-json\/wp\/v2\/media?parent=182606"}],"wp:term":[{"taxonomy":"category","embeddable":true,"href":"https:\/\/www.europesays.com\/pl\/wp-json\/wp\/v2\/categories?post=182606"},{"taxonomy":"post_tag","embeddable":true,"href":"https:\/\/www.europesays.com\/pl\/wp-json\/wp\/v2\/tags?post=182606"}],"curies":[{"name":"wp","href":"https:\/\/api.w.org\/{rel}","templated":true}]}}