{"id":182636,"date":"2026-01-02T02:10:10","date_gmt":"2026-01-02T02:10:10","guid":{"rendered":"https:\/\/www.europesays.com\/pl\/182636\/"},"modified":"2026-01-02T02:10:10","modified_gmt":"2026-01-02T02:10:10","slug":"sting-swietowal-sylwestra-w-katowicach-kiedys-przyznal-polska-wodka-jest-moja-ulubiona-rmf-fm","status":"publish","type":"post","link":"https:\/\/www.europesays.com\/pl\/182636\/","title":{"rendered":"Sting \u015bwi\u0119towa\u0142 sylwestra w Katowicach. Kiedy\u015b przyzna\u0142: \u201epolska w\u00f3dka jest moj\u0105 ulubion\u0105\u201d :: RMF FM"},"content":{"rendered":"<p>Sting by\u0142 najwi\u0119ksz\u0105 gwiazd\u0105 tegorocznego \u201eSylwestra z Dw\u00f3jk\u0105\u201d w Katowicach. \u015awiatowej s\u0142awy artysta zachwyci\u0142 swoimi najwi\u0119kszymi przebojami. W trakcie wyst\u0119pu zwr\u00f3ci\u0142 si\u0119 do publiczno\u015bci po polsku, pozdrawiaj\u0105c widz\u00f3w zgromadzonych pod Spodkiem oraz tych ogl\u0105daj\u0105cych transmisj\u0119 w Telewizji Polskiej.<\/p>\n<p><img decoding=\"async\" alt=\"\" src=\"https:\/\/www.europesays.com\/pl\/wp-content\/uploads\/2026\/01\/8ce177bbe3f5fdd9ea4745e49a35494d.jpg\" class=\"w-100\"\/><\/p>\n<p>fot. Jarek Praszkiewicz\/PAP; Rex Features\/East News<\/p>\n<p>&#13;<br \/>\n\t\u201eEnglishman in Katowice\u201d. <a href=\"https:\/\/www.rmf.fm\/magazyn\/tag,Sting.html\" rel=\"nofollow noopener\" target=\"_blank\">Sting<\/a> zagra\u0142 na \u201eSylwestrze z Dw\u00f3jk\u0105\u201d<\/p>\n<p>&#13;<br \/>\n\tOstatni dzie\u0144 roku w Katowicach up\u0142yn\u0105\u0142 pod znakiem muzyki i wsp\u00f3lnej zabawy. Przed s\u0142ynnym Spodkiem odby\u0142 si\u0119 \u201e<a href=\"https:\/\/www.rmf.fm\/magazyn\/tag,Sylwester.html\" rel=\"nofollow noopener\" target=\"_blank\">Sylwester<\/a> z Dw\u00f3jk\u0105\u201d \u2013 widowisko TVP, kt\u00f3re zgromadzi\u0142o t\u0142umy uczestnik\u00f3w i przyci\u0105gn\u0119\u0142o przed ekrany miliony widz\u00f3w z ca\u0142ego kraju. Na scenie pojawi\u0142o si\u0119 ponad 30 artyst\u00f3w z Polski i zagranicy, w tym Maryla Rodowicz, Doda, Justyna Steczkowska, Kayah, Dawid Kwiatkowski, Ich Troje, Roxie W\u0119giel, oraz Micha\u0142 Szpak. W\u015br\u00f3d zagranicznych gwiazd wyst\u0105pili Francesco Napoli oraz duet Al Bano i Romina Power. Najwi\u0119ksz\u0105 atrakcj\u0105 wieczoru by\u0142 wyst\u0119p \u015bwiatowej klasy artysty i autora wielu znanych przeboj\u00f3w &#8211; Stinga.<\/p>\n<p><a href=\"https:\/\/www.rmf.fm\/rozrywka\/show-biznes\/news,86935,sylwester-z-dwojka-2025-gwiazdy-zachwycily-kreacjami.html\" rel=\"nofollow noopener\" target=\"_blank\"><img decoding=\"async\" src=\"https:\/\/www.europesays.com\/pl\/wp-content\/uploads\/2026\/01\/b8dd6ea166785a2098f8ecdc13192fab.jpg\" width=\"290\"\/><\/a><a href=\"https:\/\/www.rmf.fm\/rozrywka\/show-biznes\/news,86935,sylwester-z-dwojka-2025-gwiazdy-zachwycily-kreacjami.html\" rel=\"nofollow noopener\" target=\"_blank\">\u201eSylwester z Dw\u00f3jk\u0105\u201d 2025. Gwiazdy zachwyci\u0142y kreacjami!<\/a><\/p>\n<p>Rozpocz\u0119\u0142a si\u0119 najbardziej wyczekiwana impreza sylwestrowa w Polsce. T\u0142umy pod Spodkiem i miliony przed telewizorami \u015bledz\u0105 wyst\u0119py gwiazd. Sprawd\u017a, kto zachwyci\u0142 stylizacj\u0105 na \u201eSylwestrze z Dw\u00f3jk\u0105\u201d 2025\/2026.<\/p>\n<p>\n&#13;<br \/>\n\tWyst\u0119p Stinga na sylwestrze TVP. Jakie piosenki za\u015bpiewa\u0142?<\/p>\n<p>&#13;<br \/>\n\tSting pojawi\u0142 si\u0119 na scenie trzykrotnie w trakcie koncertu, prezentuj\u0105c zar\u00f3wno hity zespo\u0142u The Police, jak i swoje solowe utwory. W pierwszym wej\u015bciu wykona\u0142 wielki przeb\u00f3j \u201eEvery Breath You Take\u201d oraz nastrojowe \u201eShape of My Heart\u201d. Po pierwszym utworze\u00a0brytyjski\u00a0artysta zwr\u00f3ci\u0142 si\u0119 do publiczno\u015bci po polsku, m\u00f3wi\u0105c:<\/p>\n<blockquote><p>&#13;<\/p>\n<p>&#13;<br \/>\n\t\tDzi\u0119kuj\u0119. Dobry wiecz\u00f3r, Polska!.<\/p>\n<p>&#13;\n<\/p><\/blockquote>\n<p>&#13;<br \/>\n\tPubliczno\u015b\u0107 odpowiedzia\u0142a entuzjastycznymi owacjami.<\/p>\n<blockquote class=\"instagram-media\" data-instgrm-captioned=\"\" data-instgrm-permalink=\"https:\/\/www.instagram.com\/p\/DS8lFBMgsiP\/?utm_source=ig_embed&amp;utm_campaign=loading\" data-instgrm-version=\"14\" style=\" background:#FFF; border:0; border-radius:3px; box-shadow:0 0 1px 0 rgba(0,0,0,0.5),0 1px 10px 0 rgba(0,0,0,0.15); margin: 1px; max-width:540px; min-width:326px; padding:0; width:99.375%; width:-webkit-calc(100% - 2px); width:calc(100% - 2px);\"\/>\n<p>&#13;<br \/>\n\tSting wr\u00f3ci\u0142 jeszcze na scen\u0119 i za\u015bpiewa\u0142 dobrze znane \u201eMessage in a Bottle\u201d oraz \u201eEnglishman in New York\u201d, a tu\u017c po p\u00f3\u0142nocy w Katowicach rozbrzmia\u0142 utw\u00f3r \u201eBrand New Day\u201d, kt\u00f3rym muzyk powita\u0142 wraz z polskimi widzami nowy, 2026 rok.<\/p>\n<blockquote class=\"instagram-media\" data-instgrm-captioned=\"\" data-instgrm-permalink=\"https:\/\/www.instagram.com\/p\/DS9sWw7DN8N\/?utm_source=ig_embed&amp;utm_campaign=loading\" data-instgrm-version=\"14\" style=\" background:#FFF; border:0; border-radius:3px; box-shadow:0 0 1px 0 rgba(0,0,0,0.5),0 1px 10px 0 rgba(0,0,0,0.15); margin: 1px; max-width:540px; min-width:326px; padding:0; width:99.375%; width:-webkit-calc(100% - 2px); width:calc(100% - 2px);\"\/>\n<p>&#13;<br \/>\n\tW przeciwie\u0144stwie do wielu innych wykonawc\u00f3w tego wieczoru, Sting postawi\u0142 na prostot\u0119. Wyst\u0105pi\u0142 w prostej czarnej stylizacji i czapeczce z daszkiem, a na scenie towarzyszyli mu wy\u0142\u0105cznie muzycy. Nie by\u0142o efekt\u00f3w specjalnych, tancerzy ani rozbudowanej oprawy wizualnej. Liczy\u0142a si\u0119 muzyka i autentyczno\u015b\u0107 \u2013 wszystkie utwory zosta\u0142y wykonane na \u017cywo.<\/p>\n<p>&#13;<br \/>\n\tReakcje po koncercie Stinga. Setki komentarzy: \u201eMistrz. Czyta klasa\u201d<\/p>\n<p>&#13;<br \/>\n\tWyst\u0119p Stinga spotka\u0142 si\u0119 z ogromnym uznaniem zar\u00f3wno w\u015br\u00f3d widz\u00f3w zgromadzonych pod Spodkiem, jak i internaut\u00f3w. W mediach spo\u0142eczno\u015bciowych pojawi\u0142y si\u0119 liczne komentarze:<br \/>&#13;<br \/>\n\t\u201eTo by\u0142 najpi\u0119kniejszy wyst\u0119p! G\u0142os, dojrza\u0142o\u015b\u0107, do\u015bwiadczenie, TALENT\u201d, \u201eMistrz. Bez \u015bwiate\u0142, ogni i r\u00f3\u017cnych efekt\u00f3w. Sama muzyka i wokal. Legenda\u201d, \u201eCzysta klasa\u201d, \u201eProfesjonalizm\u201d \u2013 pisali zachwyceni fani.<\/p>\n<p>&#13;<br \/>\n\tWielu komentuj\u0105cych podkre\u015bla\u0142o, \u017ce Sting nie potrzebowa\u0142 widowiskowych \u015brodk\u00f3w, by zrobi\u0107 wra\u017cenie. \u201eBez nago\u015bci, bez tanich prowokacji \u2013 sama muzyka. I to wystarczy\u201d, \u201eW ko\u0144cu prawdziwa gwiazda, a nie pokaz pod ta\u015bm\u0119\u201d \u2013 czytamy w sieci.<\/p>\n<p>&#13;<br \/>\n\tSting dla RMF FM: \u201eZawsze ciesz\u0119 si\u0119 na koncert w Polsce\u201d<\/p>\n<p>&#13;<br \/>\n\tSting regularnie koncertuje w Polsce, a jego wyst\u0119py ciesz\u0105 si\u0119 du\u017cym zainteresowaniem. Artysta od lat podkre\u015bla te\u017c swoj\u0105 sympati\u0119 do Polski i Polak\u00f3w. W wywiadzie dla RMF FM, udzielonym w 2019 roku przy okazji koncertu w Krakowie, artysta opowiada\u0142 o rodzinnych korzeniach:<\/p>\n<blockquote><p>&#13;<\/p>\n<p>&#13;<br \/>\n\t\tZawsze bardzo ciesz\u0119 si\u0119 na koncert w Polsce. [\u2026] M\u00f3j wujek Stanis\u0142aw pochodzi\u0142 z Warszawy. Wyemigrowa\u0142 do Anglii w trakcie II wojny \u015bwiatowej i po\u015blubi\u0142 moj\u0105 ciotk\u0119. Znam wielu Polak\u00f3w, kiedy\u015b razem zdarza\u0142o nam si\u0119 wychodzi\u0107 do polskiego klubu i troch\u0119 wypi\u0107 \u2013 wspomina\u0142 w rozmowie z Mateuszem Opyrcha\u0142em.<\/p>\n<p>&#13;\n<\/p><\/blockquote>\n<blockquote><p>&#13;<\/p>\n<p>&#13;<br \/>\n\t\tPolska w\u00f3dka jest moj\u0105 ulubion\u0105! Po koncercie b\u0119dziemy pr\u00f3bowa\u0107 z sokiem jab\u0142kowym, ale najpierw zagramy. Trzeba zachowa\u0107 dyscyplin\u0119 \u2013 przyzna\u0142 wtedy ze \u015bmiechem.<\/p>\n<p>&#13;\n<\/p><\/blockquote>\n<p><a href=\"https:\/\/www.rmf.fm\/rozrywka\/plotki\/news,86916,sting-przyznaje-czulem-sie-spokrewniony-z-polakami-muzyk-wyjawil-rodzinne-sekrety.html\" rel=\"nofollow noopener\" target=\"_blank\"><img decoding=\"async\" src=\"https:\/\/www.europesays.com\/pl\/wp-content\/uploads\/2026\/01\/2a959ff7821f900ccf0840b8d7929092.jpg\" width=\"290\"\/><\/a><a href=\"https:\/\/www.rmf.fm\/rozrywka\/plotki\/news,86916,sting-przyznaje-czulem-sie-spokrewniony-z-polakami-muzyk-wyjawil-rodzinne-sekrety.html\" rel=\"nofollow noopener\" target=\"_blank\">Sting przyznaje: \u201eCzu\u0142em si\u0119 spokrewniony z Polakami\u201d. Muzyk wyjawi\u0142 rodzinne sekrety<\/a><\/p>\n<p>Sting, \u015bwiatowa gwiazda muzyki i autor licznych przeboj\u00f3w, wyst\u0105pi dzi\u015b jako g\u0142\u00f3wna atrakcja \u201eSylwestra z Dw\u00f3jk\u0105\u201d w Katowicach. Artysta wielokrotnie podkre\u015bla\u0142, \u017ce nasz kraj jest mu szczeg\u00f3lnie bliski. W rozmowach z RMF FM opowiada\u0142&#8230;<\/p>\n<p>\n<a href=\"https:\/\/www.rmf.fm\/rozrywka\/plotki\/news,86930,sting-zostawil-zone-dla-jej-przyjaciolki-nie-jestesmy-dumni-z-tego-co-sie-wydarzylo.html\" rel=\"nofollow noopener\" target=\"_blank\"><img decoding=\"async\" src=\"https:\/\/www.europesays.com\/pl\/wp-content\/uploads\/2026\/01\/424589ce291b6a8919253f968200e386.jpg\" width=\"290\"\/><\/a><a href=\"https:\/\/www.rmf.fm\/rozrywka\/plotki\/news,86930,sting-zostawil-zone-dla-jej-przyjaciolki-nie-jestesmy-dumni-z-tego-co-sie-wydarzylo.html\" rel=\"nofollow noopener\" target=\"_blank\">Sting zostawi\u0142 \u017con\u0119 dla jej przyjaci\u00f3\u0142ki. \u201eNie jeste\u015bmy dumni z tego, co si\u0119 wydarzy\u0142o\u201d<\/a><\/p>\n<p>Sting wywo\u0142a\u0142 skandal, gdy zostawi\u0142 \u017con\u0119 dla jej przyjaci\u00f3\u0142ki. \u201eTo by\u0142a najgorsza sytuacja, jak\u0105 mo\u017cna sobie wyobrazi\u0107. Nie jeste\u015bmy dumni z tego, co si\u0119 wydarzy\u0142o\u201d \u2013 m\u00f3wi\u0142 po latach. Dzi\u015b, po ponad czterech dekadach, nadal&#8230;<\/p>\n<p><\/p>\n<p>\t\t\t\t\t\t<script async src=\"\/\/www.instagram.com\/embed.js\"><\/script><\/p>\n","protected":false},"excerpt":{"rendered":"Sting by\u0142 najwi\u0119ksz\u0105 gwiazd\u0105 tegorocznego \u201eSylwestra z Dw\u00f3jk\u0105\u201d w Katowicach. \u015awiatowej s\u0142awy artysta zachwyci\u0142 swoimi najwi\u0119kszymi przebojami. W&hellip;\n","protected":false},"author":2,"featured_media":182637,"comment_status":"","ping_status":"","sticky":false,"template":"","format":"standard","meta":{"footnotes":""},"categories":[22],"tags":[122,42,38,40,39,41,123,16150,35887,35888,35886,35885,12357,35889,28699],"class_list":{"0":"post-182636","1":"post","2":"type-post","3":"status-publish","4":"format-standard","5":"has-post-thumbnail","7":"category-rozrywka","8":"tag-entertainment","9":"tag-pl","10":"tag-poland","11":"tag-polish","12":"tag-polska","13":"tag-polski","14":"tag-rozrywka","15":"tag-sting","16":"tag-sting-na-sylwestrze-tvp","17":"tag-sting-sylwester-z-dwojka","18":"tag-sting-w-polsce","19":"tag-sting-wywiad-rmf-fm","20":"tag-sylwester","21":"tag-sylwester-tvp","22":"tag-sylwester-z-dwojka"},"share_on_mastodon":{"url":"https:\/\/pubeurope.com\/@pl\/115823078526585668","error":""},"_links":{"self":[{"href":"https:\/\/www.europesays.com\/pl\/wp-json\/wp\/v2\/posts\/182636","targetHints":{"allow":["GET"]}}],"collection":[{"href":"https:\/\/www.europesays.com\/pl\/wp-json\/wp\/v2\/posts"}],"about":[{"href":"https:\/\/www.europesays.com\/pl\/wp-json\/wp\/v2\/types\/post"}],"author":[{"embeddable":true,"href":"https:\/\/www.europesays.com\/pl\/wp-json\/wp\/v2\/users\/2"}],"replies":[{"embeddable":true,"href":"https:\/\/www.europesays.com\/pl\/wp-json\/wp\/v2\/comments?post=182636"}],"version-history":[{"count":0,"href":"https:\/\/www.europesays.com\/pl\/wp-json\/wp\/v2\/posts\/182636\/revisions"}],"wp:featuredmedia":[{"embeddable":true,"href":"https:\/\/www.europesays.com\/pl\/wp-json\/wp\/v2\/media\/182637"}],"wp:attachment":[{"href":"https:\/\/www.europesays.com\/pl\/wp-json\/wp\/v2\/media?parent=182636"}],"wp:term":[{"taxonomy":"category","embeddable":true,"href":"https:\/\/www.europesays.com\/pl\/wp-json\/wp\/v2\/categories?post=182636"},{"taxonomy":"post_tag","embeddable":true,"href":"https:\/\/www.europesays.com\/pl\/wp-json\/wp\/v2\/tags?post=182636"}],"curies":[{"name":"wp","href":"https:\/\/api.w.org\/{rel}","templated":true}]}}