{"id":182658,"date":"2026-01-02T03:23:05","date_gmt":"2026-01-02T03:23:05","guid":{"rendered":"https:\/\/www.europesays.com\/pl\/182658\/"},"modified":"2026-01-02T03:23:05","modified_gmt":"2026-01-02T03:23:05","slug":"ofiary-smiertelne-i-strzaly-na-prowincji-protesty-w-iranie-przybieraja-na-sile","status":"publish","type":"post","link":"https:\/\/www.europesays.com\/pl\/182658\/","title":{"rendered":"Ofiary \u015bmiertelne i strza\u0142y na prowincji. Protesty w Iranie przybieraj\u0105 na sile"},"content":{"rendered":"<p>2026-01-01 18:42, akt.2026-01-01 21:39<\/p>\n<p>publikacja<br \/>2026-01-01 18:42<\/p>\n<p>aktualizacja<br \/>2026-01-01 21:39<\/p>\n<p>Podziel si\u0119<\/p>\n<p>Kilka os\u00f3b zgin\u0119\u0142o w trakcie protest\u00f3w w Iranie &#8211;<br \/>\npoinformowa\u0142a w czwartek agencja AFP powo\u0142uj\u0105c si\u0119 na lokalne media.<br \/>\nDemonstracje rozprzestrzeni\u0142y si\u0119 poza najwi\u0119ksze miasta &#8211; przekaza\u0142a<br \/>\nAP.<\/p>\n<p><img decoding=\"async\" class=\"o-graphics-multiobject__inner-blurry-picture-img\" src=\"https:\/\/www.europesays.com\/pl\/wp-content\/uploads\/2026\/01\/f6dda4d477865e-948-568-22-217-2975-1784.jpg\" width=\"948\" height=\"568\" alt=\"Ofiary \u015bmiertelne i strza\u0142y na prowincji. Protesty w Iranie przybieraj\u0105 na sile\" loading=\"lazy\"\/><img decoding=\"async\" class=\"o-graphics-multiobject__item webfeedsFeaturedVisual\" src=\"https:\/\/www.europesays.com\/pl\/wp-content\/uploads\/2026\/01\/f6dda4d477865e-948-568-22-217-2975-1784.jpg\" width=\"948\" height=\"568\" alt=\"Ofiary \u015bmiertelne i strza\u0142y na prowincji. Protesty w Iranie przybieraj\u0105 na sile\" loading=\"lazy\"\/>fot. Sobhan Farajvan \/ \/\u00a0 Zuma Press \/ Forum<\/p>\n<p>P\u00f3\u0142-oficjalna agencja informacyjna Fars poda\u0142a, \u017ce<br \/>\ntrzech protestuj\u0105cych zgin\u0119\u0142o, a 17 zosta\u0142o rannych podczas ataku na<br \/>\nposterunek policji w zachodniej prowincji Lorestan. Manifestanci<br \/>\nwtargn\u0119li do komendy policji. Dosz\u0142o do star\u0107, kilka radiowoz\u00f3w zosta\u0142o<br \/>\npodpalonych. <\/p>\n<p>Wcze\u015bniej o ofiarach \u015bmiertelnych, kt\u00f3re mia\u0142y zgin\u0105\u0107 w innych<br \/>\nmiejscach informowa\u0142a zar\u00f3wno agencja Fars, jak i organizacja praw<br \/>\ncz\u0142owieka Hengaw. Reuters nie by\u0142 w stanie natychmiast zweryfikowa\u0107 tych<br \/>\n doniesie\u0144.<\/p>\n<p>Telewizja pa\u0144stwowa poinformowa\u0142a o aresztowaniu siedmiu os\u00f3b, w tym<br \/>\npi\u0119ciu, kt\u00f3re okre\u015bli\u0142a jako monarchist\u00f3w, i dw\u00f3ch innych &#8211; wedle jej<br \/>\ntwierdze\u0144 &#8211; powi\u0105zanych z grupami dzia\u0142aj\u0105cymi w Europie. W czwartek<br \/>\nwieczorem agencja Tasnim poinformowa\u0142a o zatrzymaniu w Teheranie<br \/>\ntrzydziestu os\u00f3b, kt\u00f3rym zarzucono \u201ezak\u0142\u00f3canie porz\u0105dku publicznego\u201d.<\/p>\n<blockquote>\n<p>&#8211; W wyniku skoordynowanej akcji s\u0142u\u017cb bezpiecze\u0144stwa i wywiadu 30<br \/>\nos\u00f3b zak\u0142\u00f3caj\u0105cych porz\u0105dek publiczny w dzielnicy Malard na zachodzie<br \/>\nTeheranu zosta\u0142o zidentyfikowanych i aresztowanych \u2013 poinformowa\u0142a<br \/>\nagencja Tasnim, twierdz\u0105c, \u017ce osoby te \u201epr\u00f3bowa\u0142y wywo\u0142a\u0107 niepewno\u015b\u0107\u201d.<\/p>\n<\/blockquote>\n<p>Jak podaje AP, o ile demonstracje w Teheranie mia\u0142y wyhamowa\u0107, o tyle<br \/>\n zacz\u0119\u0142o do nich dochodzi\u0107 na prowincji. Ofiary \u015bmiertelne mog\u0105 oznacza\u0107<br \/>\n pocz\u0105tek bardziej zdecydowanej reakcji ira\u0144skiej teokracji na protesty.<\/p>\n<p>Z nagra\u0144 wideo otrzymanych przez opozycyjny, emigracyjny portal Iran<br \/>\nInternational, wynika, \u017ce do demonstracji dosz\u0142o r\u00f3wnie\u017c w \u015bwi\u0119tym<br \/>\nira\u0144skim mie\u015bcie Kom. W\u015br\u00f3d skandowanych przez protestuj\u0105cych hase\u0142<br \/>\npojawi\u0142y si\u0119 okrzyki wymierzone w rz\u0105dz\u0105c\u0105 od 1979 roku teokracj\u0119 oraz<br \/>\nwyra\u017caj\u0105ce poparcie dla obalonej przez islamsk\u0105 rewolucj\u0119 dynastii<br \/>\nPahlawi.<\/p>\n<p>Kom jest jednym z najwa\u017cniejszych szyickich o\u015brodk\u00f3w religijnych w<br \/>\nIranie i kluczowym bastionem politycznym Republiki Islamskiej, w kt\u00f3rym<br \/>\nznajduj\u0105 si\u0119 g\u0142\u00f3wne seminaria, i gdzie siedziby maj\u0105 kluczowi<br \/>\nwspieraj\u0105cy teokracj\u0119 duchowni.<\/p>\n<p>Agencja informacyjna Mehr News Agency powiadomi\u0142a, \u017ce w czwartek w<br \/>\nmie\u015bcie Junkan po\u0142o\u017conym w zachodniej prowincji Czahar Mahal wa<br \/>\nBachtijari podpalono biuro przyw\u00f3dcy pi\u0105tkowych modlitw. W kilku<br \/>\nmiejscach &#8211; w tym w Nurabad w prowincji Lorestan si\u0142y bezpiecze\u0144stwa<br \/>\notworzy\u0142y ogie\u0144 do protestuj\u0105cych.<\/p>\n<blockquote class=\"instagram-media\" data-instgrm-permalink=\"https:\/\/www.instagram.com\/reel\/DS-d89ZAi6p\/?utm_source=ig_embed&amp;utm_campaign=loading\" data-instgrm-version=\"14\" style=\"background: #FFF; border: 0; border-radius: 3px; box-shadow: 0 0 1px 0 rgba(0,0,0,0.5),0 1px 10px 0 rgba(0,0,0,0.15); margin: 1px; max-width: 540px; min-width: 326px; padding: 0; width: calc(100% - 2px);\">\n<\/blockquote>\n<p>W\u0142adze og\u0142osi\u0142y \u015brod\u0119 dniem wolnym od pracy w wi\u0119kszo\u015bci kraju. Jako pow\u00f3d wymieniono nisk\u0105 temperatur\u0119, jednak faktycznym celem mog\u0142aby ch\u0119\u0107 usuni\u0119cia ludzi ze stolicy &#8211; ira\u0144ski weekend przypada na czwartek i pi\u0105tek, a sobota jest \u015bwi\u0105tecznym dniem urodzin imama Alego.<\/p>\n<p>W\u0142adze nakaza\u0142y cz\u0119\u015bci wy\u017cszych uczelni zamkni\u0119cie kampus\u00f3w i prowadzenie do ko\u0144ca semestru zaj\u0119\u0107 online. W ocenie ameryka\u0144skiego Instytutu Studi\u00f3w nad Wojn\u0105 (ISW) celem w\u0142adz by\u0142o uniemo\u017cliwienie studentom organizowania si\u0119 i uczestniczenia w protestach.<\/p>\n<p>30 grudnia w protestach udzia\u0142 wzi\u0119li studenci z co najmniej 10 uczelni. W\u0142adze zwolni\u0142y z areszt\u00f3w pi\u0119ciu student\u00f3w Uniwersytetu Tehera\u0144skiego i Uniwersytetu Technologicznego Sharif aresztowanych dwa dni wcze\u015bniej za udzia\u0142 w demonstracjach.<\/p>\n<p>Ministerstwo Nauki, Bada\u0144 i Technologii zwolni\u0142o w \u015brod\u0119 \u201ekierownik\u00f3w ds. bezpiecze\u0144stwa\u201d z kilku tehera\u0144skich uniwersytet\u00f3w w zwi\u0105zku z \u201eprzemoc\u0105 wobec student\u00f3w\u201d ze strony si\u0142 bezpiecze\u0144stwa &#8211; przekaza\u0142 ISW, dodaj\u0105c, \u017ce zapewne zrobiono to w celu uspokojenia student\u00f3w i zapobie\u017cenia rozruchom.<\/p>\n<p>Re\u017cim prawdopodobnie uwa\u017ca protesty uniwersyteckie za powa\u017cniejsze zagro\u017cenie dla swojej stabilno\u015bci ni\u017c demonstracje organizowane przez inne grupy spo\u0142eczne, bior\u0105c pod uwag\u0119 fakt, \u017ce studenci stanowili kluczow\u0105 grup\u0119 demograficzn\u0105 w fali protest\u00f3w, jaka przetoczy\u0142a si\u0119 przez kraj na prze\u0142omie 2022 i 2023 r. po \u015bmierci m\u0142odej kobiety Mahsy Amini zatrzymanej i zabitej przez policj\u0119 za niedostatecznie szczelne zas\u0142oni\u0119cie w\u0142os\u00f3w.<\/p>\n<p>Ira\u0144ski rz\u0105d pod przewodnictwem prezydenta Masuda Pezeszkiana stara\u0142 si\u0119 deeskalowa\u0107 sytuacj\u0119 i sygnalizowa\u0142 ch\u0119\u0107 negocjacji z protestuj\u0105cymi. Pezeszkian przyzna\u0142 jednak, \u017ce niewiele mo\u017ce zrobi\u0107, gdy ira\u0144ska waluta (rial) gwa\u0142townie traci na warto\u015bci. Obecne protesty zacz\u0119\u0142y si\u0119 od strajku sklepikarzy, gdy warto\u015b\u0107 riala spad\u0142a najni\u017cszej w historii. (PAP)<\/p>\n<p>os\/ fit\/<\/p>\n<p><script async src=\"\/\/www.instagram.com\/embed.js\"><\/script><\/p>\n","protected":false},"excerpt":{"rendered":"2026-01-01 18:42, akt.2026-01-01 21:39 publikacja2026-01-01 18:42 aktualizacja2026-01-01 21:39 Podziel si\u0119 Kilka os\u00f3b zgin\u0119\u0142o w trakcie protest\u00f3w w Iranie&hellip;\n","protected":false},"author":2,"featured_media":182659,"comment_status":"","ping_status":"","sticky":false,"template":"","format":"standard","meta":{"footnotes":""},"categories":[14],"tags":[32,33,27,34,35,28,31,25,40,41,80,29,30,26,82,83,84],"class_list":{"0":"post-182658","1":"post","2":"type-post","3":"status-publish","4":"format-standard","5":"has-post-thumbnail","7":"category-swiat","8":"tag-breaking-news","9":"tag-breakingnews","10":"tag-headlines","11":"tag-latest-news","12":"tag-latestnews","13":"tag-naglowki","14":"tag-najwazniejsze-artykuly","15":"tag-news","16":"tag-polish","17":"tag-polski","18":"tag-swiat","19":"tag-top-stories","20":"tag-topstories","21":"tag-wiadomosci","22":"tag-world","23":"tag-world-news","24":"tag-worldnews"},"share_on_mastodon":{"url":"https:\/\/pubeurope.com\/@pl\/115823365523233896","error":""},"_links":{"self":[{"href":"https:\/\/www.europesays.com\/pl\/wp-json\/wp\/v2\/posts\/182658","targetHints":{"allow":["GET"]}}],"collection":[{"href":"https:\/\/www.europesays.com\/pl\/wp-json\/wp\/v2\/posts"}],"about":[{"href":"https:\/\/www.europesays.com\/pl\/wp-json\/wp\/v2\/types\/post"}],"author":[{"embeddable":true,"href":"https:\/\/www.europesays.com\/pl\/wp-json\/wp\/v2\/users\/2"}],"replies":[{"embeddable":true,"href":"https:\/\/www.europesays.com\/pl\/wp-json\/wp\/v2\/comments?post=182658"}],"version-history":[{"count":0,"href":"https:\/\/www.europesays.com\/pl\/wp-json\/wp\/v2\/posts\/182658\/revisions"}],"wp:featuredmedia":[{"embeddable":true,"href":"https:\/\/www.europesays.com\/pl\/wp-json\/wp\/v2\/media\/182659"}],"wp:attachment":[{"href":"https:\/\/www.europesays.com\/pl\/wp-json\/wp\/v2\/media?parent=182658"}],"wp:term":[{"taxonomy":"category","embeddable":true,"href":"https:\/\/www.europesays.com\/pl\/wp-json\/wp\/v2\/categories?post=182658"},{"taxonomy":"post_tag","embeddable":true,"href":"https:\/\/www.europesays.com\/pl\/wp-json\/wp\/v2\/tags?post=182658"}],"curies":[{"name":"wp","href":"https:\/\/api.w.org\/{rel}","templated":true}]}}