{"id":182690,"date":"2026-01-02T04:43:12","date_gmt":"2026-01-02T04:43:12","guid":{"rendered":"https:\/\/www.europesays.com\/pl\/182690\/"},"modified":"2026-01-02T04:43:12","modified_gmt":"2026-01-02T04:43:12","slug":"zuzel-zawiesil-kariere-a-tu-taka-informacja-polak-leci-do-stanow-zjednoczonych","status":"publish","type":"post","link":"https:\/\/www.europesays.com\/pl\/182690\/","title":{"rendered":"\u017bu\u017cel. Zawiesi\u0142 karier\u0119, a tu taka informacja. Polak leci do Stan\u00f3w Zjednoczonych"},"content":{"rendered":"\n<p class=\"contentpart contentpart--default contentpart--text\" data-position=\"0\">Jeszcze niedawno <a href=\"https:\/\/sportowefakty.wp.pl\/zuzel\/pawel-trzesniewski\" rel=\"nofollow noopener\" target=\"_blank\">Pawe\u0142 Trze\u015bniewski<\/a>\u00a0przekaza\u0142 Krzysztofowi Mrozkowi, \u017ce w zwi\u0105zku z brakiem porozumienia w sprawie kontraktu na sezon 2026 &#8211; zawiesza swoje starty na \u017cu\u017clu. Nie m\u00f3wi\u0142 o definitywnym rozbracie, ale mimo wszystko komunikat o tym, \u017ce uda si\u0119 do Stan\u00f3w Zjednoczonych zaskoczy\u0142 &#8211; nie tylko fan\u00f3w rybnickiego ROW-u.<\/p>\n<p class=\"contentpart contentpart--default contentpart--text\" data-position=\"1\">To trzeci obcokrajowiec w obsadzie zawod\u00f3w, kt\u00f3re odb\u0119d\u0105 si\u0119 7 lutego w Bakersfield. Wcze\u015bniej promotorzy pochwalili si\u0119 podpisaniem umowy z Jasonem Doyle&#8217;em oraz Jacobem Thorssellem.<\/p>\n<p> <img role=\"presentation\" src=\"https:\/\/std.wpcdn.pl\/images\/adv\/placeholder_wp.svg\" loading=\"lazy\" alt=\"\" decoding=\"async\"\/>  <\/p>\n<p class=\"contentpart contentpart--default contentpart--text\" data-position=\"2\">Dla Rybniczanina b\u0119dzie to powr\u00f3t na ameryka\u0144ski tor.\u00a0W lutym 2024 roku wzi\u0105\u0142 udzia\u0142 w meczu reprezentacji USA przeciwko dru\u017cynie o nazwie The World Stars. Wywalczy\u0142 w\u00f3wczas cztery punkty w czterech startach.<\/p>\n<p class=\"contentpart contentpart--default contentpart--text\" data-position=\"3\">ZOBACZ WIDEO: KL\u017b bez transmisji? Przewodnicz\u0105cy GKS\u017b m\u00f3wi wprost<\/p>\n","protected":false},"excerpt":{"rendered":"Jeszcze niedawno Pawe\u0142 Trze\u015bniewski\u00a0przekaza\u0142 Krzysztofowi Mrozkowi, \u017ce w zwi\u0105zku z brakiem porozumienia w sprawie kontraktu na sezon 2026&hellip;\n","protected":false},"author":2,"featured_media":182691,"comment_status":"","ping_status":"","sticky":false,"template":"","format":"standard","meta":{"footnotes":""},"categories":[24],"tags":[1327,979,31546,42,38,40,39,41,19712,127,126,33414,71,174,9802],"class_list":{"0":"post-182690","1":"post","2":"type-post","3":"status-publish","4":"format-standard","5":"has-post-thumbnail","7":"category-sport","8":"tag-innpro-row-rybnik","9":"tag-metalkas-2-ekstraliga","10":"tag-pawel-trzesniewski","11":"tag-pl","12":"tag-poland","13":"tag-polish","14":"tag-polska","15":"tag-polski","16":"tag-rybnik","17":"tag-sport","18":"tag-sports","19":"tag-stadion-miejski-w-rybniku","20":"tag-usa","21":"tag-zuzel","22":"tag-zuzel-na-swiecie"},"share_on_mastodon":{"url":"https:\/\/pubeurope.com\/@pl\/115823680080321946","error":""},"_links":{"self":[{"href":"https:\/\/www.europesays.com\/pl\/wp-json\/wp\/v2\/posts\/182690","targetHints":{"allow":["GET"]}}],"collection":[{"href":"https:\/\/www.europesays.com\/pl\/wp-json\/wp\/v2\/posts"}],"about":[{"href":"https:\/\/www.europesays.com\/pl\/wp-json\/wp\/v2\/types\/post"}],"author":[{"embeddable":true,"href":"https:\/\/www.europesays.com\/pl\/wp-json\/wp\/v2\/users\/2"}],"replies":[{"embeddable":true,"href":"https:\/\/www.europesays.com\/pl\/wp-json\/wp\/v2\/comments?post=182690"}],"version-history":[{"count":0,"href":"https:\/\/www.europesays.com\/pl\/wp-json\/wp\/v2\/posts\/182690\/revisions"}],"wp:featuredmedia":[{"embeddable":true,"href":"https:\/\/www.europesays.com\/pl\/wp-json\/wp\/v2\/media\/182691"}],"wp:attachment":[{"href":"https:\/\/www.europesays.com\/pl\/wp-json\/wp\/v2\/media?parent=182690"}],"wp:term":[{"taxonomy":"category","embeddable":true,"href":"https:\/\/www.europesays.com\/pl\/wp-json\/wp\/v2\/categories?post=182690"},{"taxonomy":"post_tag","embeddable":true,"href":"https:\/\/www.europesays.com\/pl\/wp-json\/wp\/v2\/tags?post=182690"}],"curies":[{"name":"wp","href":"https:\/\/api.w.org\/{rel}","templated":true}]}}