{"id":182692,"date":"2026-01-02T04:47:08","date_gmt":"2026-01-02T04:47:08","guid":{"rendered":"https:\/\/www.europesays.com\/pl\/182692\/"},"modified":"2026-01-02T04:47:08","modified_gmt":"2026-01-02T04:47:08","slug":"pozar-w-szwajcarii-pokazane-zostaly-zdjecia-z-momentu-pojawienia-sie-ognia","status":"publish","type":"post","link":"https:\/\/www.europesays.com\/pl\/182692\/","title":{"rendered":"Po\u017car w Szwajcarii. Pokazane zosta\u0142y zdj\u0119cia z momentu pojawienia si\u0119 ognia"},"content":{"rendered":"<ul class=\"UnorderedList_container__nmfSl\">\n<li class=\"UnorderedList_listElement__Py7xi\" data-id=\"ai-summary-link\">Du\u017co czytania, a ma\u0142o czasu? Sprawd\u017a\u00a0skr\u00f3t\u00a0artyku\u0142u<\/li>\n<\/ul>\n<p class=\"Paragraph_desktopParagraph__U31Gm\">Komendant doda\u0142, \u017ce policja intensywnie pracuje nad identyfikacj\u0105 zmar\u0142ych. Ranni trafili do kilku szpitali na terenie Szwajcarii. Prokurator generalna kantonu Valais Beatrice Pilloud poinformowa\u0142a, \u017ce &#8222;znaczne \u015brodki&#8221; b\u0119d\u0105 przeznaczane na jak najszybsz\u0105 identyfikacj\u0119 wszystkich ofiar. Lokalne w\u0142adze ostrzeg\u0142y jednak, \u017ce mo\u017ce to &#8222;zaj\u0105\u0107 kilka dni&#8221;.<\/p>\n<p class=\"VideoPlayerText_videoPlayerText__iDwyz\">Dalszy ci\u0105g materia\u0142u pod wideo<\/p>\n<p class=\"Paragraph_desktopParagraph__U31Gm\">Szwajcarski dziennik &#8222;Le Nouvelliste&#8221; opisa\u0142 przebieg wydarze\u0144 z nocy sylwestrowej, pisz\u0105c, \u017ce o godz. 1.30 w lokalu w Crans-Montana zauwa\u017cono dym, a ju\u017c dwie minuty p\u00f3\u017aniej na miejscu pojawi\u0142a si\u0119 policja. Kr\u00f3tko po godz. 5 \u2014 dodano \u2014 wszyscy ranni zostali ju\u017c otoczeni opiek\u0105.<\/p>\n<ul class=\"OchatFollowUps_wrapper__1ry7X\">\n<li class=\"OchatFollowUps_item__Dhyly OchatFollowUps_itemDesktop__R6aBv\">Ile os\u00f3b zgin\u0119\u0142o w po\u017carze w Szwajcarii?<\/li>\n<li class=\"OchatFollowUps_item__Dhyly OchatFollowUps_itemDesktop__R6aBv\">Jakie s\u0105 przyczyny po\u017caru w Crans-Montana?<\/li>\n<li class=\"OchatFollowUps_item__Dhyly OchatFollowUps_itemDesktop__R6aBv\">Kto jest odpowiedzialny za identyfikacj\u0119 ofiar?<\/li>\n<li class=\"OchatFollowUps_item__Dhyly OchatFollowUps_itemDesktop__R6aBv\">Jakie by\u0142y skutki po\u017caru dla rannych?<\/li>\n<\/ul>\n<p class=\"Paragraph_desktopParagraph__U31Gm\">Francuska telewizja BFM TV opublikowa\u0142a zdj\u0119cie, kt\u00f3re ukazuje moment wybuchu po\u017caru. Na zdj\u0119ciu wida\u0107 grup\u0119 ludzi \u015bwi\u0119tuj\u0105cych w barze. Kilka z nich trzyma nad g\u0142owami du\u017ce butelki szampana, ka\u017cda z zapalonym zimnym ogniem. W pewnym momencie iskry z zimnych ogni docieraj\u0105 do sufitu, zapalaj\u0105c panele akustyczne wype\u0142nione d\u017awi\u0119koch\u0142onn\u0105 piank\u0105 poliuretanow\u0105.<\/p>\n<p class=\"Paragraph_desktopParagraph__U31Gm\">Panele takie &#8222;cz\u0119sto s\u0105 wykonane z \u0142atwopalnych tworzyw sztucznych, kt\u00f3re bardzo szybko zapalaj\u0105 si\u0119 od iskier lub gor\u0105cych cz\u0105stek&#8221;. Pianka posiada klasyfikacj\u0119 M4 (wysoce \u0142atwopalny, najmniej skuteczny) zgodnie z norm\u0105 NF P 92-507.<\/p>\n<p class=\"Paragraph_desktopParagraph__U31Gm\">Na innym opublikowanym zdj\u0119ciu wida\u0107 kelnerk\u0119, kt\u00f3ra jest niesiona na ramionach przez m\u0119\u017cczyzn\u0119. Kobieta trzyma butelki z szampanem i odpalonymi zimnymi ogniami tu\u017c przy wspomnianym suficie, kt\u00f3ry zawiera\u0142 elementy \u0142atwopalne.<\/p>\n<p>Po\u017car w Szwajcarii. &#8222;Jedna z najgorszych tragedii&#8221; <\/p>\n<p class=\"Paragraph_desktopParagraph__U31Gm\">Prezydent Konfederacji Szwajcarskiej Guy Parmelin przyzna\u0142, \u017ce wiele ofiar to ludzie m\u0142odzi. Podczas konferencji prasowej nazwa\u0142 po\u017car &#8222;jedn\u0105 z najgorszych tragedii&#8221; jakich do\u015bwiadczy\u0142 kraj.<\/p>\n<p class=\"Paragraph_desktopParagraph__U31Gm\">W pierwszym dniu na nowym stanowisku Parmelin powiedzia\u0142, \u017ce spodziewa\u0142 si\u0119 innego przes\u0142ania w Nowy Rok. Z\u0142o\u017cy\u0142 &#8222;szczere kondolencje&#8221; osobom dotkni\u0119tym tragedi\u0105 i zapewni\u0142 je, \u017ce nie s\u0105 w tych chwilach same.<\/p>\n<p class=\"Paragraph_desktopParagraph__U31Gm\">Polityk wyrazi\u0142 te\u017c wdzi\u0119czno\u015b\u0107 spo\u0142eczno\u015bci mi\u0119dzynarodowej za udzielane jego pa\u0144stwu wsparcie. \u2014 Widzimy szersz\u0105 solidarno\u015b\u0107 mi\u0119dzynarodow\u0105 wykraczaj\u0105c\u0105 poza nasze kraje s\u0105siedzkie \u2014 zauwa\u017cy\u0142.<\/p>\n","protected":false},"excerpt":{"rendered":"Du\u017co czytania, a ma\u0142o czasu? Sprawd\u017a\u00a0skr\u00f3t\u00a0artyku\u0142u Komendant doda\u0142, \u017ce policja intensywnie pracuje nad identyfikacj\u0105 zmar\u0142ych. Ranni trafili do&hellip;\n","protected":false},"author":2,"featured_media":182693,"comment_status":"","ping_status":"","sticky":false,"template":"","format":"standard","meta":{"footnotes":""},"categories":[14],"tags":[32,33,66,27,67,34,35,28,31,53,25,52,68,51,55,40,41,4686,47,80,3463,29,30,50,26,82,83,84],"class_list":{"0":"post-182692","1":"post","2":"type-post","3":"status-publish","4":"format-standard","5":"has-post-thumbnail","7":"category-swiat","8":"tag-breaking-news","9":"tag-breakingnews","10":"tag-give_me_perspective","11":"tag-headlines","12":"tag-intextvideo_splayer","13":"tag-latest-news","14":"tag-latestnews","15":"tag-naglowki","16":"tag-najwazniejsze-artykuly","17":"tag-new_header","18":"tag-news","19":"tag-onet3","20":"tag-onet3d","21":"tag-onet3d_2i","22":"tag-phx","23":"tag-polish","24":"tag-polski","25":"tag-pozar_pozary","26":"tag-screening_general","27":"tag-swiat","28":"tag-szwajcaria_kraj","29":"tag-top-stories","30":"tag-topstories","31":"tag-v2021","32":"tag-wiadomosci","33":"tag-world","34":"tag-world-news","35":"tag-worldnews"},"share_on_mastodon":{"url":"https:\/\/pubeurope.com\/@pl\/115823695793371750","error":""},"_links":{"self":[{"href":"https:\/\/www.europesays.com\/pl\/wp-json\/wp\/v2\/posts\/182692","targetHints":{"allow":["GET"]}}],"collection":[{"href":"https:\/\/www.europesays.com\/pl\/wp-json\/wp\/v2\/posts"}],"about":[{"href":"https:\/\/www.europesays.com\/pl\/wp-json\/wp\/v2\/types\/post"}],"author":[{"embeddable":true,"href":"https:\/\/www.europesays.com\/pl\/wp-json\/wp\/v2\/users\/2"}],"replies":[{"embeddable":true,"href":"https:\/\/www.europesays.com\/pl\/wp-json\/wp\/v2\/comments?post=182692"}],"version-history":[{"count":0,"href":"https:\/\/www.europesays.com\/pl\/wp-json\/wp\/v2\/posts\/182692\/revisions"}],"wp:featuredmedia":[{"embeddable":true,"href":"https:\/\/www.europesays.com\/pl\/wp-json\/wp\/v2\/media\/182693"}],"wp:attachment":[{"href":"https:\/\/www.europesays.com\/pl\/wp-json\/wp\/v2\/media?parent=182692"}],"wp:term":[{"taxonomy":"category","embeddable":true,"href":"https:\/\/www.europesays.com\/pl\/wp-json\/wp\/v2\/categories?post=182692"},{"taxonomy":"post_tag","embeddable":true,"href":"https:\/\/www.europesays.com\/pl\/wp-json\/wp\/v2\/tags?post=182692"}],"curies":[{"name":"wp","href":"https:\/\/api.w.org\/{rel}","templated":true}]}}