{"id":182821,"date":"2026-01-02T07:23:22","date_gmt":"2026-01-02T07:23:22","guid":{"rendered":"https:\/\/www.europesays.com\/pl\/182821\/"},"modified":"2026-01-02T07:23:22","modified_gmt":"2026-01-02T07:23:22","slug":"rekordowy-deficyt-w-nfz-premier-uspokaja-ze-system-zdrowia-nie-zbankrutowal","status":"publish","type":"post","link":"https:\/\/www.europesays.com\/pl\/182821\/","title":{"rendered":"Rekordowy deficyt w NFZ. Premier uspokaja, \u017ce system zdrowia nie zbankrutowa\u0142"},"content":{"rendered":"<ul class=\"ods-m-bullet-list\">\n<li class=\"ods-a-bullet ods-a-bullet--bold\"> W 2025 r. polski system ochrony zdrowia zmaga\u0142 si\u0119 z rekordowym deficytem finansowym, mimo nak\u0142ad\u00f3w przekraczaj\u0105cych 220 mld z\u0142 <\/li>\n<li class=\"ods-a-bullet ods-a-bullet--bold\"> Jolanta Sobiera\u0144ska-Grenda obj\u0119\u0142a stanowisko ministra zdrowia, zast\u0119puj\u0105c Izabel\u0119 Leszczyn\u0119 w ramach rekonstrukcji rz\u0105du <\/li>\n<li class=\"ods-a-bullet ods-a-bullet--bold\"> Nowa minister wskaza\u0142a reform\u0119 szpitalnictwa i cyfryzacj\u0119 ochrony zdrowia jako kluczowe priorytety dzia\u0142a\u0144 <\/li>\n<li class=\"ods-a-bullet ods-a-bullet--bold\"> Pod koniec roku deficyt NFZ wyni\u00f3s\u0142 14 mld z\u0142, jednak dodatkowe \u015brodki z bud\u017cetu pa\u0144stwa pomog\u0142y za\u0142ata\u0107 t\u0119 luk\u0119 <\/li>\n<li class=\"ods-a-bullet ods-a-bullet--bold\"> <a href=\"https:\/\/www.onet.pl\/#utm_source=detal&amp;utm_medium=referral&amp;utm_campaign=back_to_onet_bullet\" rel=\"nofollow noopener\" target=\"_blank\">Wi\u0119cej aktualnych wiadomo\u015bci znajdziesz na stronie g\u0142\u00f3wnej Onetu<\/a> <\/li>\n<li id=\"ods-a-bullet-czat-ai-summary\" data-section=\"ochat-summary-link\" class=\"ods-a-bullet ods-a-bullet--czatai\"> <a href=\"#\"><br \/>\n    Du\u017co czytania, a ma\u0142o czasu? Sprawd\u017a skr\u00f3t artyku\u0142u<br \/>\n<\/a> <\/li>\n<\/ul>\n<p>SPIS TRE\u015aCI<\/p>\n<ol class=\"ods-a-table-of-content__items\">\n<li class=\"ods-a-table-of-content__item\"><a href=\"#toc-zmiana-na-stanowisku-ministra-zdrowia-izabela-leszczyna-zastapiona-przez-jolante-sobieranska-grende\" class=\"ods-a-table-of-content__link\">Zmiana na stanowisku Ministra Zdrowia. Izabela Leszczyna zast\u0105piona przez Jolant\u0119 Sobiera\u0144sk\u0105-Grend\u0119<\/a><\/li>\n<li class=\"ods-a-table-of-content__item\"><a href=\"#toc-rekordowa-dziura-w-nfz-premier-fundusz-pozostaje-wyplacalnym-platnikiem\" class=\"ods-a-table-of-content__link\">Rekordowa dziura w NFZ. Premier: fundusz pozostaje wyp\u0142acalnym p\u0142atnikiem<\/a><\/li>\n<\/ol>\n<p>Zmiana na stanowisku Ministra Zdrowia. Izabela Leszczyna zast\u0105piona przez Jolant\u0119 Sobiera\u0144sk\u0105-Grend\u0119   <\/p>\n<p class=\"ods-c-paragraph \">Zmiany w Ministerstwie Zdrowia by\u0142y cz\u0119\u015bci\u0105 szerszej rekonstrukcji rz\u0105du, kt\u00f3r\u0105 premier Donald Tusk przeprowadzi\u0142 w lipcu 2025 r. Izabela Leszczyna, zwi\u0105zana z Koalicj\u0105 Obywatelsk\u0105, zosta\u0142a zast\u0105piona przez Jolant\u0119 Sobiera\u0144sk\u0105-Grend\u0119, menad\u017cerk\u0119 i prawniczk\u0119 z Pomorza. Nowa minister musia\u0142a zmierzy\u0107 si\u0119 z trudn\u0105 sytuacj\u0105 finansow\u0105 NFZ, kt\u00f3ra sta\u0142a si\u0119 g\u0142\u00f3wnym tematem debaty publicznej.<\/p>\n<p class=\"ods-c-paragraph \">Wiosn\u0105 2025 r. Sejm uchwali\u0142 ustaw\u0119 obni\u017caj\u0105c\u0105 sk\u0142adk\u0119 zdrowotn\u0105 dla przedsi\u0119biorc\u00f3w, co mia\u0142o odci\u0105\u017cy\u0107 prowadz\u0105cych dzia\u0142alno\u015b\u0107 gospodarcz\u0105. Jednak prezydent Andrzej Duda zawetowa\u0142 ustaw\u0119, uznaj\u0105c j\u0105 za niesprawiedliw\u0105 spo\u0142ecznie i sprzeczn\u0105 z konstytucj\u0105. Lekarze z Porozumienia Rezydent\u00f3w OZZL r\u00f3wnie\u017c wyrazili obawy, \u017ce obni\u017cenie sk\u0142adki zdrowotnej mog\u0142oby pog\u0142\u0119bi\u0107 problemy finansowe NFZ.<\/p>\n<p class=\"ods-c-paragraph \">Przeczytaj r\u00f3wnie\u017c: <a href=\"https:\/\/www.medonet.pl\/kongres-zdrowia-medonet\/kongres-zdrowia-2025,nfz-w-dziurze--szpitale-w-opalach--pensje-medykow-jak-na-zachodzie--czy-polska-to-udzwignie-,artykul,20325082.html\" id=\"1a84711c-d2e7-4864-b61b-fc347668202c\" rel=\"nofollow noopener\" target=\"_blank\">NFZ w dziurze, szpitale w opa\u0142ach, pensje medyk\u00f3w jak na Zachodzie. Czy polski pacjent to ud\u017awignie?<\/a><\/p>\n<p>Dalszy ci\u0105g artyku\u0142u pod materia\u0142em wideo<\/p>\n<p> Jaki by\u0142 deficyt NFZ na koniec 2025 roku? <\/p>\n<p> Kto jest nowym ministrem zdrowia? <\/p>\n<p> Jakie s\u0105 priorytety Jolanty Sobiera\u0144skiej-Grendy? <\/p>\n<p> Co m\u00f3wi\u0142 premier Donald Tusk na temat wyp\u0142acalno\u015bci NFZ? <\/p>\n<p>  Rekordowa dziura w NFZ. Premier: fundusz pozostaje wyp\u0142acalnym p\u0142atnikiem<\/p>\n<p class=\"ods-c-paragraph \">Jolanta Sobiera\u0144ska-Grenda wskaza\u0142a reform\u0119 szpitalnictwa i cyfryzacj\u0119 ochrony zdrowia jako swoje priorytety. Ustawa umo\u017cliwiaj\u0105ca \u0142\u0105czenie szpitali i zmian\u0119 profili oddzia\u0142\u00f3w zosta\u0142a przyj\u0119ta przez Rad\u0119 Ministr\u00f3w na pocz\u0105tku lipca 2025 r. Nowa minister podkre\u015bla\u0142a r\u00f3wnie\u017c znaczenie profilaktyki, zw\u0142aszcza w kardiologii i neurologii. Wsp\u00f3\u0142prac\u0119 w resorcie kontynuowa\u0142a Katarzyna Kacperczyk, a do zespo\u0142u do\u0142\u0105czyli Tomasz Maciejewski i Katarzyna K\u0119cka.<\/p>\n<p>   <a href=\"https:\/\/eventory.cc\/event\/i-kongres-medonetpro#dlapi_npa=0&amp;dlapi_aid=f49e856d87f3b4b0bde1ff771909bff6&amp;dlapi_lu=202410231157264939106249\" title=\"MedonetPRO OnetPremium\" data-astro-prefetch=\"tap\" rel=\"nofollow noopener\" target=\"_blank\"> <img decoding=\"async\" src=\"https:\/\/www.europesays.com\/pl\/wp-content\/uploads\/2025\/10\/1760947870_673_9xOk9lBaHR0cHM6Ly9vY2RuLmV1L3B1bHNjbXMvTURBXy9hMGY5NWNmMDcwYzA5MjFiZDc2NTFlYzU4MDEzNGIzNy5wbmeSlQMAA.jpeg\" height=\"200\" width=\"840\" alt=\"MedonetPRO OnetPremium\" loading=\"lazy\" class=\"ods-c-image__img ods-c-image__img--viewport-width\"\/> <\/a><\/p>\n<p>MedonetPRO OnetPremiumMedonet<\/p>\n<p class=\"ods-c-paragraph \">Pod koniec roku deficyt w systemie ochrony zdrowia osi\u0105gn\u0105\u0142 14 mld z\u0142otych, co spowodowa\u0142o op\u00f3\u017anienia w p\u0142atno\u015bciach NFZ za \u015bwiadczenia limitowane. Premier Tusk podczas szczytu medycznego &#8222;Bezpieczny Pacjent&#8221; zapewni\u0142, \u017ce NFZ pozostaje wyp\u0142acalnym p\u0142atnikiem, a dodatkowe \u015brodki z bud\u017cetu pa\u0144stwa pomog\u0142y za\u0142ata\u0107 dziur\u0119 finansow\u0105. Prezydent Karol Nawrocki podpisa\u0142 nowelizacj\u0119 ustawy o Funduszu Medycznym, co pozwoli\u0142o na przekazanie NFZ 3,56 mld z\u0142otych.<\/p>\n<p class=\"ods-c-paragraph \">Przeczytaj r\u00f3wnie\u017c: <a href=\"https:\/\/www.medonet.pl\/kongres-zdrowia-medonet\/kongres-zdrowia-2025,jak-polacy-dbaja-o-zdrowie--prezes-rulkiewicz-zwraca-uwage-na-jedno--to-dzis-mocny-temat,artykul,75274733.html\" id=\"a92efd72-5353-4ce9-9841-5d703951deb0\" rel=\"nofollow noopener\" target=\"_blank\">Jak Polacy dbaj\u0105 o zdrowie? Prezes Rulkiewicz zwraca uwag\u0119 na jedno: to dzi\u015b mocny temat<\/a><\/p>\n<p class=\"ods-c-paragraph \">W pa\u017adzierniku Jolanta Sobiera\u0144ska\u2011Grenda uczestniczy\u0142a w szkolnych obchodach \u015awiatowego Dnia Zdrowia Psychicznego w jednym z lice\u00f3w w Warszawie. Podczas spotkania opowiada\u0142a m\u0142odzie\u017cy o swoich dotychczasowych do\u015bwiadczeniach zwi\u0105zanych z pe\u0142nieniem funkcji. &#8222;Czasem pytaj\u0105 mnie ludzie, czy kiedy si\u0119 rano budz\u0119, to nie \u017ca\u0142uj\u0119, \u017ce zosta\u0142am ministrem zdrowia. Nie \u017ca\u0142uj\u0119&#8221; \u2014 podkre\u015bli\u0142a.<\/p>\n<p class=\"ods-c-paragraph \">\u0179r\u00f3d\u0142o informacji: Polska Agencja Prasowa<\/p>\n<p> Tre\u015bci z serwisu Medonet maj\u0105 na celu polepszenie, a nie zast\u0105pienie, kontaktu pomi\u0119dzy U\u017cytkownikiem a jego lekarzem. Serwis ma charakter wy\u0142\u0105cznie informacyjno-edukacyjny. Przed zastosowaniem si\u0119 do porad z zakresu wiedzy specjalistycznej, w szczeg\u00f3lno\u015bci medycznych, zawartych w Serwisie nale\u017cy bezwzgl\u0119dnie skonsultowa\u0107 si\u0119 z lekarzem. <\/p>\n","protected":false},"excerpt":{"rendered":"W 2025 r. polski system ochrony zdrowia zmaga\u0142 si\u0119 z rekordowym deficytem finansowym, mimo nak\u0142ad\u00f3w przekraczaj\u0105cych 220 mld&hellip;\n","protected":false},"author":2,"featured_media":182822,"comment_status":"","ping_status":"","sticky":false,"template":"","format":"standard","meta":{"footnotes":""},"categories":[5],"tags":[32,33,36,37,27,15492,34,35,534,28,31,48,25,229,5354,46,42,38,40,39,41,47,29,30,26],"class_list":{"0":"post-182821","1":"post","2":"type-post","3":"status-publish","4":"format-standard","5":"has-post-thumbnail","7":"category-naglowki","8":"tag-breaking-news","9":"tag-breakingnews","10":"tag-featured-news","11":"tag-featurednews","12":"tag-headlines","13":"tag-jolanta_sobieranska_grenda","14":"tag-latest-news","15":"tag-latestnews","16":"tag-ministerstwo_zdrowia","17":"tag-naglowki","18":"tag-najwazniejsze-artykuly","19":"tag-nat_styl","20":"tag-news","21":"tag-nfz","22":"tag-ochrona_zdrowia","23":"tag-omp","24":"tag-pl","25":"tag-poland","26":"tag-polish","27":"tag-polska","28":"tag-polski","29":"tag-screening_general","30":"tag-top-stories","31":"tag-topstories","32":"tag-wiadomosci"},"share_on_mastodon":{"url":"https:\/\/pubeurope.com\/@pl\/115824309353177609","error":""},"_links":{"self":[{"href":"https:\/\/www.europesays.com\/pl\/wp-json\/wp\/v2\/posts\/182821","targetHints":{"allow":["GET"]}}],"collection":[{"href":"https:\/\/www.europesays.com\/pl\/wp-json\/wp\/v2\/posts"}],"about":[{"href":"https:\/\/www.europesays.com\/pl\/wp-json\/wp\/v2\/types\/post"}],"author":[{"embeddable":true,"href":"https:\/\/www.europesays.com\/pl\/wp-json\/wp\/v2\/users\/2"}],"replies":[{"embeddable":true,"href":"https:\/\/www.europesays.com\/pl\/wp-json\/wp\/v2\/comments?post=182821"}],"version-history":[{"count":0,"href":"https:\/\/www.europesays.com\/pl\/wp-json\/wp\/v2\/posts\/182821\/revisions"}],"wp:featuredmedia":[{"embeddable":true,"href":"https:\/\/www.europesays.com\/pl\/wp-json\/wp\/v2\/media\/182822"}],"wp:attachment":[{"href":"https:\/\/www.europesays.com\/pl\/wp-json\/wp\/v2\/media?parent=182821"}],"wp:term":[{"taxonomy":"category","embeddable":true,"href":"https:\/\/www.europesays.com\/pl\/wp-json\/wp\/v2\/categories?post=182821"},{"taxonomy":"post_tag","embeddable":true,"href":"https:\/\/www.europesays.com\/pl\/wp-json\/wp\/v2\/tags?post=182821"}],"curies":[{"name":"wp","href":"https:\/\/api.w.org\/{rel}","templated":true}]}}