{"id":182868,"date":"2026-01-02T08:03:08","date_gmt":"2026-01-02T08:03:08","guid":{"rendered":"https:\/\/www.europesays.com\/pl\/182868\/"},"modified":"2026-01-02T08:03:08","modified_gmt":"2026-01-02T08:03:08","slug":"trump-zaatakowal-clooneya-aktor-wymownie-odpowiedzial","status":"publish","type":"post","link":"https:\/\/www.europesays.com\/pl\/182868\/","title":{"rendered":"Trump zaatakowa\u0142 Clooneya. Aktor wymownie odpowiedzia\u0142"},"content":{"rendered":"<p>Prezydent USA Donald Trump skrytykowa\u0142 George\u2019a Clooneya i\u00a0jego rodzin\u0119 po tym, jak aktor wraz z\u00a0\u017con\u0105 Amal i\u00a0dw\u00f3jk\u0105 dzieci otrzymali obywatelstwo Francji. &#8222;George i\u00a0Amal Clooney, dwaj najgorsi polityczni prognostycy wszech czas\u00f3w, oficjalnie zostali obywatelami Francji, kt\u00f3ra zmaga si\u0119 z\u00a0powa\u017cnym problemem przest\u0119pczo\u015bci z\u00a0powodu tragicznej polityki imigracyjnej&#8221; &#8211;\u00a0napisa\u0142 Trump na Truth Social.<\/p>\n<p>&#8222;Clooney zrobi\u0142 wi\u0119cej szumu politycznego ni\u017c przez swoje filmy. Nie by\u0142 prawdziw\u0105 gwiazd\u0105 filmow\u0105, tylko przeci\u0119tnym facetem, kt\u00f3ry ci\u0105gle narzeka\u0142 na zdrowy rozs\u0105dek w\u00a0polityce&#8221; &#8211;\u00a0doda\u0142 prezydent.<\/p>\n<p>&#8222;Ci\u0119\u017cko by\u0142o przej\u015b\u0107&#8221;. B\u0119dzie tam wielka zabawa. Pokaza\u0142 nagranie <\/p>\n<p>Clooney odpowiedzia\u0142 z\u00a0ironi\u0105 w\u00a0wywiadzie dla Hollywood Reporter. &#8222;Ca\u0142kowicie zgadzam si\u0119 z\u00a0obecnym prezydentem. Musimy uczyni\u0107 Ameryk\u0119 wielk\u0105 ponownie. Zaczniemy w\u00a0listopadzie (wtedy s\u0105 w\u00a0USA wybory \u015brodka kadencji &#8211;\u00a0red.)&#8221; &#8211;\u00a0stwierdzi\u0142.<\/p>\n<p>Aktor podkre\u015bli\u0142 te\u017c zalety \u017cycia we Francji, wskazuj\u0105c na prywatno\u015b\u0107 i\u00a0mo\u017cliwo\u015b\u0107 wychowywania dzieci z\u00a0dala od Hollywood. &#8211;\u00a0Tutaj nie robi\u0105 zdj\u0119\u0107 waszym dzieciakom, nie ma paparazzich ukrywaj\u0105cych si\u0119 przy wyj\u015bciu ze szko\u0142y. Dla nas to jest najwa\u017cniejsze &#8211;\u00a0doda\u0142 w\u00a0rozmowie z\u00a0radiem RTL.<\/p>\n<p>Francuskie w\u0142adze przyzna\u0142y obywatelstwo aktorowi i\u00a0jego rodzinie, wskazuj\u0105c na wk\u0142ad Clooney&#8217;a w\u00a0rozw\u00f3j kultury i\u00a0mi\u0119dzynarodowy presti\u017c kraju. Hollywoodzka s\u0142awa przyzna\u0142, \u017ce jego znajomo\u015b\u0107 j\u0119zyka francuskiego jest wci\u0105\u017c s\u0142aba, cho\u0107 jego \u017cona, prawniczka Amal, m\u00f3wi p\u0142ynnie po francusku. Od 2021 roku ma\u0142\u017ce\u0144stwo jest w\u0142a\u015bcicielami posiad\u0142o\u015bci w\u00a0Brignoles na po\u0142udniu Francji.<\/p>\n<p>\u0179r\u00f3d\u0142o: &#8222;The Guardian&#8221;<\/p>\n","protected":false},"excerpt":{"rendered":"Prezydent USA Donald Trump skrytykowa\u0142 George\u2019a Clooneya i\u00a0jego rodzin\u0119 po tym, jak aktor wraz z\u00a0\u017con\u0105 Amal i\u00a0dw\u00f3jk\u0105 dzieci&hellip;\n","protected":false},"author":2,"featured_media":182869,"comment_status":"","ping_status":"","sticky":false,"template":"","format":"standard","meta":{"footnotes":""},"categories":[14],"tags":[32,33,27,34,35,28,31,25,40,41,80,29,30,26,82,83,84],"class_list":{"0":"post-182868","1":"post","2":"type-post","3":"status-publish","4":"format-standard","5":"has-post-thumbnail","7":"category-swiat","8":"tag-breaking-news","9":"tag-breakingnews","10":"tag-headlines","11":"tag-latest-news","12":"tag-latestnews","13":"tag-naglowki","14":"tag-najwazniejsze-artykuly","15":"tag-news","16":"tag-polish","17":"tag-polski","18":"tag-swiat","19":"tag-top-stories","20":"tag-topstories","21":"tag-wiadomosci","22":"tag-world","23":"tag-world-news","24":"tag-worldnews"},"share_on_mastodon":{"url":"https:\/\/pubeurope.com\/@pl\/115824466544646302","error":""},"_links":{"self":[{"href":"https:\/\/www.europesays.com\/pl\/wp-json\/wp\/v2\/posts\/182868","targetHints":{"allow":["GET"]}}],"collection":[{"href":"https:\/\/www.europesays.com\/pl\/wp-json\/wp\/v2\/posts"}],"about":[{"href":"https:\/\/www.europesays.com\/pl\/wp-json\/wp\/v2\/types\/post"}],"author":[{"embeddable":true,"href":"https:\/\/www.europesays.com\/pl\/wp-json\/wp\/v2\/users\/2"}],"replies":[{"embeddable":true,"href":"https:\/\/www.europesays.com\/pl\/wp-json\/wp\/v2\/comments?post=182868"}],"version-history":[{"count":0,"href":"https:\/\/www.europesays.com\/pl\/wp-json\/wp\/v2\/posts\/182868\/revisions"}],"wp:featuredmedia":[{"embeddable":true,"href":"https:\/\/www.europesays.com\/pl\/wp-json\/wp\/v2\/media\/182869"}],"wp:attachment":[{"href":"https:\/\/www.europesays.com\/pl\/wp-json\/wp\/v2\/media?parent=182868"}],"wp:term":[{"taxonomy":"category","embeddable":true,"href":"https:\/\/www.europesays.com\/pl\/wp-json\/wp\/v2\/categories?post=182868"},{"taxonomy":"post_tag","embeddable":true,"href":"https:\/\/www.europesays.com\/pl\/wp-json\/wp\/v2\/tags?post=182868"}],"curies":[{"name":"wp","href":"https:\/\/api.w.org\/{rel}","templated":true}]}}