{"id":182888,"date":"2026-01-02T08:15:09","date_gmt":"2026-01-02T08:15:09","guid":{"rendered":"https:\/\/www.europesays.com\/pl\/182888\/"},"modified":"2026-01-02T08:15:09","modified_gmt":"2026-01-02T08:15:09","slug":"rok-2026-bez-iphonea-18-apple-moze-zaskoczyc","status":"publish","type":"post","link":"https:\/\/www.europesays.com\/pl\/182888\/","title":{"rendered":"Rok 2026 bez iPhone&#8217;a 18? Apple mo\u017ce zaskoczy\u0107"},"content":{"rendered":"<p><img decoding=\"async\" src=\"https:\/\/std.wpcdn.pl\/images\/adv\/placeholder_wp.svg\" alt=\"\"\/><\/p>\n<p>\n                Apple ma pomin\u0105\u0107 premier\u0119 standardowego iPhone\u2019a 18 w\u00a02026 r. Firma skupi si\u0119 jesieni\u0105 na modelach Pro, a\u00a0podstawowy wariant ma zadebiutowa\u0107 dopiero wiosn\u0105 2027 r. Jakie mog\u0105 by\u0107 powody takiej decyzji?\n            <\/p>\n<p>Ubieg\u0142oroczny iPhone 17 zosta\u0142 pozytywnie odebrany przez recenzent\u00f3w. Wi\u0119kszy ekran z\u00a0mniejszymi ramkami otrzyma\u0142 od\u015bwie\u017canie ProMotion 120 Hz. Wydajno\u015b\u0107 uk\u0142adu A19 zapewni wiele lat bezproblemowej pracy z\u00a0aplikacjami, a\u00a0nowy zestaw fotograficzny z\u00a0ulepszeniem w\u00a0postaci aparatu przedniego zyska\u0142 uznanie u\u017cytkownik\u00f3w. W\u00a0<a href=\"https:\/\/www.benchmark.pl\/testy_i_recenzje\/iphone-17-test-opinia-czy-warto-kupic.html\" target=\"_blank\" rel=\"nofollow noopener\">recenzji iPhone 17<\/a> Norbert napisa\u0142, \u017ce w\u00a02025 roku lepszego nie znajdziesz. A\u00a0jak b\u0119dzie w\u00a02026?\u00a0<\/p>\n<p>Apple przygotowuje roszad\u0119 w\u00a0cyklu premier. Zamiast jednoczesnego debiutu ca\u0142ej serii jesieni\u0105, firma rozdzieli okna sprzeda\u017cowe. Wed\u0142ug doniesie\u0144 w\u00a02026 roku\u00a0zobaczymy iPhone\u2019a\u00a018 Pro, 18 Pro Max oraz sk\u0142adany model, a\u00a0standardowy iPhone 18 poczeka do wiosny 2027 roku.<\/p>\n<p>iPhone 18 dopiero w\u00a02027. Co z\u00a0reszt\u0105 oferty?\u00a0<\/p>\n<p>Dlaczego Apple mia\u0142oby podj\u0105\u0107 tak\u0105 decyzj\u0119? Zmiana ma wynika\u0107 z\u00a0rozbudowy portfolio. Po wprowadzeniu iPhone\u2019a\u00a016e i\u00a0iPhone\u2019a\u00a0Air w\u00a02025 r. oraz utrzymaniu starszych modeli, pod koniec tego roku\u00a0w\u00a0sprzeda\u017cy mo\u017ce by\u0107 nawet osiem iPhone\u2019\u00f3w. Roz\u0142o\u017cenie premier ma wyd\u0142u\u017cy\u0107 okno sprzeda\u017cy i\u00a0ograniczy\u0107 wewn\u0119trzn\u0105 konkurencj\u0119.\u00a0<\/p>\n<p><img loading=\"lazy\" decoding=\"async\" class=\"wpplayer-ph\" id=\"zntjox0ip\" src=\"data:image\/svg+xml;base64,PHN2ZyB4bWxucz0iaHR0cDovL3d3dy53My5vcmcvMjAwMC9zdmciIHZpZXdCb3g9IjAgMCAxMDUwIDU5MCI+PHJlY3QgZmlsbD0iI2VlZSIgeD0iMCIgeT0iMCIgd2lkdGg9IjEwNTAiIGhlaWdodD0iNTkwIiAvPjwvc3ZnPg==\" width=\"1050\" height=\"590\" alt=\"\"\/><\/p>\n<p>Analitycy \u0142a\u0144cucha dostaw wskazuj\u0105 te\u017c na wzgl\u0119dy operacyjne. Przesuni\u0119cie premiery mo\u017ce zmniejszy\u0107 w\u0105skie gard\u0142a produkcyjne, u\u0142atwi\u0107 zarz\u0105dzanie komponentami dla nowych technologii i\u00a0wyr\u00f3wna\u0107 przychody mi\u0119dzy kwarta\u0142ami, zamiast kumulowa\u0107 sprzeda\u017c w\u00a0jednym okresie.<\/p>\n<p>Je\u015bli plan si\u0119 potwierdzi, by\u0142by to pierwszy przypadek, gdy Apple przez ca\u0142y rok nie wypuszcza\u00a0flagowego iPhone\u2019a\u00a0w wersji nie Pro. iPhone 17, popularny ju\u017c od momentu premiery w\u00a02025 roku,\u00a0pozosta\u0142by najnowszym standardowym modelem przez ponad 18 miesi\u0119cy.<\/p>\n<p style=\"text-align: center;\" class=\" wideImage\"><a href=\"https:\/\/cdn.benchmark.pl\/uploads\/backend_img\/c\/newsy\/2025-12\/MM\/2026-01\/iphone-17-kolory.jpg\" target=\"_blank\" rel=\"nofollow noopener\"><img loading=\"lazy\" decoding=\"async\" src=\"https:\/\/www.europesays.com\/pl\/wp-content\/uploads\/2026\/01\/330x0x1.jpg\" alt=\"iPhone 17 - wersje kolorystyczna\" class=\"lazy\" width=\"2000\" height=\"1368\" data-\/><\/a>iPhone 17 mo\u017ce zosta\u0107 z\u00a0Apple przez ca\u0142y 2026 rok<\/p>\n<p>W erze corocznych premier by\u0142by to zapewne zaskakuj\u0105cy ruch, ale od lat wyniki globalnej sprzeda\u017cy pokazuj\u0105, \u017ce podstawowe modele maj\u0105 d\u0142ugi cykl \u017cycia i\u00a0sprzedaj\u0105 si\u0119 dobrze tak\u017ce lata po premierze. Wed\u0142ug bada\u0144 Counterpoint Research w\u00a0trzech pierwszych kwarta\u0142ach 2025 roku najlepiej sprzedawa\u0142 si\u0119 iPhone 16, kt\u00f3ry swoj\u0105 premier\u0119 mia\u0142 we wrze\u015bniu 2024 roku. Z\u00a0kolei model 16 Pro Max dominowa\u0142 w\u00a0ostatnim kwartale 2024 roku. Decyzja mia\u0142aby zatem oparcie w\u00a0wynikach z\u00a0ubieg\u0142ych lat.<\/p>\n<p>\u0179r\u00f3d\u0142o: <a href=\"https:\/\/www.macrumors.com\/2026\/01\/01\/no-iphone-18-launch-this-year\/\" rel=\"nofollow noopener\" target=\"_blank\">MacRumors<\/a><\/p>\n<p><img decoding=\"async\" src=\"https:\/\/std.wpcdn.pl\/images\/adv\/placeholder_wp.svg\" alt=\"\"\/><\/p>\n","protected":false},"excerpt":{"rendered":"Apple ma pomin\u0105\u0107 premier\u0119 standardowego iPhone\u2019a 18 w\u00a02026 r. Firma skupi si\u0119 jesieni\u0105 na modelach Pro, a\u00a0podstawowy wariant&hellip;\n","protected":false},"author":2,"featured_media":182889,"comment_status":"","ping_status":"","sticky":false,"template":"","format":"standard","meta":{"footnotes":""},"categories":[20],"tags":[120,118,119,42,38,40,39,41,116,114,115,121,117],"class_list":{"0":"post-182888","1":"post","2":"type-post","3":"status-publish","4":"format-standard","5":"has-post-thumbnail","7":"category-nauka-i-technika","8":"tag-nauka","9":"tag-nauka-i-technika","10":"tag-naukatechnika","11":"tag-pl","12":"tag-poland","13":"tag-polish","14":"tag-polska","15":"tag-polski","16":"tag-science","17":"tag-science-and-technology","18":"tag-sciencetechnology","19":"tag-technika","20":"tag-technology"},"share_on_mastodon":{"url":"https:\/\/pubeurope.com\/@pl\/115824513888946669","error":""},"_links":{"self":[{"href":"https:\/\/www.europesays.com\/pl\/wp-json\/wp\/v2\/posts\/182888","targetHints":{"allow":["GET"]}}],"collection":[{"href":"https:\/\/www.europesays.com\/pl\/wp-json\/wp\/v2\/posts"}],"about":[{"href":"https:\/\/www.europesays.com\/pl\/wp-json\/wp\/v2\/types\/post"}],"author":[{"embeddable":true,"href":"https:\/\/www.europesays.com\/pl\/wp-json\/wp\/v2\/users\/2"}],"replies":[{"embeddable":true,"href":"https:\/\/www.europesays.com\/pl\/wp-json\/wp\/v2\/comments?post=182888"}],"version-history":[{"count":0,"href":"https:\/\/www.europesays.com\/pl\/wp-json\/wp\/v2\/posts\/182888\/revisions"}],"wp:featuredmedia":[{"embeddable":true,"href":"https:\/\/www.europesays.com\/pl\/wp-json\/wp\/v2\/media\/182889"}],"wp:attachment":[{"href":"https:\/\/www.europesays.com\/pl\/wp-json\/wp\/v2\/media?parent=182888"}],"wp:term":[{"taxonomy":"category","embeddable":true,"href":"https:\/\/www.europesays.com\/pl\/wp-json\/wp\/v2\/categories?post=182888"},{"taxonomy":"post_tag","embeddable":true,"href":"https:\/\/www.europesays.com\/pl\/wp-json\/wp\/v2\/tags?post=182888"}],"curies":[{"name":"wp","href":"https:\/\/api.w.org\/{rel}","templated":true}]}}