{"id":182931,"date":"2026-01-02T08:42:12","date_gmt":"2026-01-02T08:42:12","guid":{"rendered":"https:\/\/www.europesays.com\/pl\/182931\/"},"modified":"2026-01-02T08:42:12","modified_gmt":"2026-01-02T08:42:12","slug":"fala-komentarzy-po-wystepie-edyty-gorniak-na-sylwestrze-internauci-jednoglosni","status":"publish","type":"post","link":"https:\/\/www.europesays.com\/pl\/182931\/","title":{"rendered":"Fala komentarzy po wyst\u0119pie Edyty G\u00f3rniak na sylwestrze. Internauci jednog\u0142o\u015bni"},"content":{"rendered":"<p class=\"ods-c-paragraph \">Na &#8222;Sylwestrowej mocy przeboj\u00f3w&#8221; zaprezentowa\u0142o si\u0119 wiele gwiazd. Na scenie w Toruniu pojawili si\u0119 m.in. Beata Kozidrak, Skolim, Zenek Martyniuk, Smolasty, Anna Wyszkoni oraz Thomas Anders. Szczeg\u00f3ln\u0105 uwag\u0119 przyci\u0105gn\u0119\u0142a Edyta G\u00f3rniak, kt\u00f3ra przed kamerami pojawi\u0142a si\u0119 w eleganckiej, czarnej dopasowanej sukience i bia\u0142ym p\u0142aszczu. Furor\u0119 zrobi\u0142a tak\u017ce jej fryzura \u2014 artystka pokaza\u0142a si\u0119 w grzywce.<\/p>\n<p>Dalszy ci\u0105g artyku\u0142u pod materia\u0142em wideo<\/p>\n<p> Jaki utw\u00f3r wykona\u0142a Edyta G\u00f3rniak na sylwestrze? <\/p>\n<p> Jak\u0105 stylizacj\u0119 mia\u0142a Edyta G\u00f3rniak podczas wyst\u0119pu? <\/p>\n<p> Kto jeszcze wyst\u0105pi\u0142 na 'Sylwestrowej mocy przeboj\u00f3w&#8217;? <\/p>\n<p> Jakie komentarze zostawili internauci pod wyst\u0119pem Edyty G\u00f3rniak? <\/p>\n<p>  Edyta G\u00f3rniak wykona\u0142a s\u0142ynny przeb\u00f3j. Internauci jednog\u0142o\u015bni<\/p>\n<p class=\"ods-c-paragraph \">Na sylwestrze w Polsacie artystka m.in. wyst\u0105pi\u0142a z Miuoshem, a tak\u017ce wykona\u0142a s\u0142ynny przeb\u00f3j &#8222;Can&#8217;t Get You Out of My Head&#8221; Kylie Minogue. Kultowy hit w wersji Edyty G\u00f3rniak w\u0142a\u015bnie trafi\u0142 do sieci. Pod nagraniem na YouTube b\u0142yskawicznie pojawi\u0142y si\u0119 komentarze \u2014 internauci nie kryj\u0105 zachwytu nad piosenkark\u0105.<\/p>\n<blockquote class=\"ods-o-quota\"><\/blockquote>\n<blockquote class=\"ods-o-quota\"><\/blockquote>\n<blockquote class=\"ods-o-quota\">\n<p class=\"ods-o-quota__paragraph\">Znakomity wyst\u0119p, Edyta ma \u015bwietny wokal<\/p>\n<\/blockquote>\n<blockquote class=\"ods-o-quota\">\n<p class=\"ods-o-quota__paragraph\">Cudowna, jedyna i niepowtarzalna. Talent wszechczas\u00f3w<\/p>\n<\/blockquote>\n<p class=\"ods-c-paragraph \">&#8222;Pi\u0119kny wokal bez playbacku. Wielka klasa&#8221;, &#8222;Wygl\u0105da\u0142a przepi\u0119knie. Stylizacja cudna. A g\u0142os jedyny najpi\u0119kniejszy&#8221;, &#8222;Sztos wyst\u0119p, jak ogl\u0105da\u0142em a\u017c mia\u0142em ciary&#8221;, &#8222;\u015apiewa cover, ale bardzo dobrze, a wygl\u0105da naprawd\u0119 super. Mi\u0142o popatrze\u0107&#8221; \u2014 czytamy.<\/p>\n<p>   <img decoding=\"async\" src=\"https:\/\/www.europesays.com\/pl\/wp-content\/uploads\/2025\/12\/mGRk9lGaHR0cHM6Ly9vY2RuLmV1L3B1bHNjbXMvTURBXy80M2JjNGM0Ny04ODFmLTRhZjgtOGE4Mi0xZDQyNDhkMDE0NDYuanBlZ.jpeg\" height=\"617\" width=\"940\" alt=\"Edyta G\u00f3rniak\" loading=\"lazy\" class=\"ods-c-image__img ods-c-image__img--viewport-width\"\/><\/p>\n<p>Edyta G\u00f3rniakPAP\/Agnieszka Bielecka<\/p>\n<p> <img decoding=\"async\" src=\"https:\/\/www.europesays.com\/pl\/wp-content\/uploads\/2025\/12\/13-k9lGaHR0cHM6Ly9vY2RuLmV1L3B1bHNjbXMvTURBXy9mMTNlNDkxOC0xMTJiLTQ4YjUtYTA3MS0yZGU2NDExZjg0M2EuanBlZ.jpeg\" height=\"608\" width=\"940\" alt=\"Edyta G\u00f3rniak\" loading=\"lazy\" class=\"ods-c-image__img ods-c-image__img--viewport-width\"\/><\/p>\n<p>Edyta G\u00f3rniakPAP\/Agnieszka Bielecka<\/p>\n<p class=\"ods-c-paragraph \">Dzi\u0119kujemy, \u017ce przeczyta\u0142a\u015b\/e\u015b nasz artyku\u0142 do ko\u0144ca.\u202fW serwisie Plejada.pl ka\u017cdego dnia piszemy o najwa\u017cniejszych wydarzeniach show-biznesowych.\u202fB\u0105d\u017a na bie\u017c\u0105co!\u202f<a rel=\"nofollow noopener\" href=\"https:\/\/news.google.com\/publications\/CAAiEF0PeAlb7W1llpV_mwV2rL4qFAgKIhBdD3gJW-1tZZaVf5sFdqy-?hl=pl&amp;gl=PL&amp;ceid=PL%3Apl\" id=\"cd884f09-3f03-4675-b972-56364eadcc74\" target=\"_blank\">Obserwuj<\/a>\u202fPlejad\u0119 w Google. Odwied\u017a nas tak\u017ce na\u202f<a rel=\"nofollow noopener\" href=\"https:\/\/www.facebook.com\/plejadapl\" id=\"a94a6340-a91a-495c-a2a5-3a91009fc41d\" target=\"_blank\">Facebooku<\/a>,\u202f<a rel=\"nofollow noopener\" href=\"https:\/\/www.instagram.com\/plejadapl\/\" id=\"6f285464-b058-4ac7-9c38-a1e971c8db42\" target=\"_blank\">Instagramie<\/a>,\u202f<a rel=\"nofollow noopener\" href=\"https:\/\/www.youtube.com\/c\/plejada\" id=\"1a54ae03-054a-4669-aa57-4e189b877099\" target=\"_blank\">YouTubie<\/a>\u202foraz\u202f<a rel=\"nofollow noopener\" href=\"https:\/\/www.tiktok.com\/@plejada_pl\" id=\"89f581d8-4520-41e7-a5d4-4918bcd3a30a\" target=\"_blank\">TikToku<\/a>.<\/p>\n<p class=\"ods-c-paragraph \">Chcesz podzieli\u0107 si\u0119 ciekawym newsem lub zaproponowa\u0107 temat? Skontaktuj si\u0119 z nami, pisz\u0105c maila na adres:\u202f<a rel=\"nofollow noopener\" href=\"https:\/\/plejada.pl\/newsy\/fala-komentarzy-po-wystepie-edyty-gorniak-na-sylwestrze-internauci-jednoglosni\/mailto:plejada@redakcjaonet.pl\" id=\"0eea5a70-44ba-462c-a07d-2cb802261760\" target=\"_blank\">plejada@redakcjaonet.pl<\/a>.<\/p>\n<p><script async src=\"\/\/www.instagram.com\/embed.js\"><\/script><script async src=\"\/\/www.tiktok.com\/embed.js\"><\/script><\/p>\n","protected":false},"excerpt":{"rendered":"Na &#8222;Sylwestrowej mocy przeboj\u00f3w&#8221; zaprezentowa\u0142o si\u0119 wiele gwiazd. Na scenie w Toruniu pojawili si\u0119 m.in. Beata Kozidrak, Skolim,&hellip;\n","protected":false},"author":2,"featured_media":182932,"comment_status":"","ping_status":"","sticky":false,"template":"","format":"standard","meta":{"footnotes":""},"categories":[22],"tags":[14409,122,48,125,46,42,38,40,39,41,123,47,12357,10754],"class_list":{"0":"post-182931","1":"post","2":"type-post","3":"status-publish","4":"format-standard","5":"has-post-thumbnail","7":"category-rozrywka","8":"tag-edyta_gorniak","9":"tag-entertainment","10":"tag-nat_styl","11":"tag-newsy","12":"tag-omp","13":"tag-pl","14":"tag-poland","15":"tag-polish","16":"tag-polska","17":"tag-polski","18":"tag-rozrywka","19":"tag-screening_general","20":"tag-sylwester","21":"tag-sylwestrowa_moc_przebojow"},"share_on_mastodon":{"url":"https:\/\/pubeurope.com\/@pl\/115824619934373441","error":""},"_links":{"self":[{"href":"https:\/\/www.europesays.com\/pl\/wp-json\/wp\/v2\/posts\/182931","targetHints":{"allow":["GET"]}}],"collection":[{"href":"https:\/\/www.europesays.com\/pl\/wp-json\/wp\/v2\/posts"}],"about":[{"href":"https:\/\/www.europesays.com\/pl\/wp-json\/wp\/v2\/types\/post"}],"author":[{"embeddable":true,"href":"https:\/\/www.europesays.com\/pl\/wp-json\/wp\/v2\/users\/2"}],"replies":[{"embeddable":true,"href":"https:\/\/www.europesays.com\/pl\/wp-json\/wp\/v2\/comments?post=182931"}],"version-history":[{"count":0,"href":"https:\/\/www.europesays.com\/pl\/wp-json\/wp\/v2\/posts\/182931\/revisions"}],"wp:featuredmedia":[{"embeddable":true,"href":"https:\/\/www.europesays.com\/pl\/wp-json\/wp\/v2\/media\/182932"}],"wp:attachment":[{"href":"https:\/\/www.europesays.com\/pl\/wp-json\/wp\/v2\/media?parent=182931"}],"wp:term":[{"taxonomy":"category","embeddable":true,"href":"https:\/\/www.europesays.com\/pl\/wp-json\/wp\/v2\/categories?post=182931"},{"taxonomy":"post_tag","embeddable":true,"href":"https:\/\/www.europesays.com\/pl\/wp-json\/wp\/v2\/tags?post=182931"}],"curies":[{"name":"wp","href":"https:\/\/api.w.org\/{rel}","templated":true}]}}