{"id":183051,"date":"2026-01-02T09:44:16","date_gmt":"2026-01-02T09:44:16","guid":{"rendered":"https:\/\/www.europesays.com\/pl\/183051\/"},"modified":"2026-01-02T09:44:16","modified_gmt":"2026-01-02T09:44:16","slug":"ps-oberstdorf-nika-prevc-wygrywa-kwalifikacje-twardosz-z-takanashi-w-parze","status":"publish","type":"post","link":"https:\/\/www.europesays.com\/pl\/183051\/","title":{"rendered":"P\u015a Oberstdorf: Nika Prevc wygrywa kwalifikacje, Twardosz z\u00a0Takanashi w\u00a0parze"},"content":{"rendered":"<p>\t&#13;<br \/>\n\t\tP\u015a Oberstdorf: Nika Prevc wygrywa kwalifikacje, Twardosz z\u00a0Takanashi w\u00a0parze\t<\/p>\n<p>Opublikowano: 1 stycznia 2026, 15:58<\/p>\n<p>\t<img decoding=\"async\" itemprop=\"image\" class=\"content\" src=\"https:\/\/www.europesays.com\/pl\/wp-content\/uploads\/2026\/01\/prevc_n3.jpg\" alt=\"P\u015a Oberstdorf: Nika Prevc wygrywa kwalifikacje, Twardosz z\u00a0Takanashi w\u00a0parze\" title=\"P\u015a Oberstdorf: Nika Prevc wygrywa kwalifikacje, Twardosz z\u00a0Takanashi w\u00a0parze\"\/><\/p>\n<p>\t&#13;<br \/>\n\t\tKwalifikacje do\u00a0konkursu P\u015a pa\u0144 w\u00a0Oberstdorfie wygra\u0142a Nika Prevc skacz\u0105c 134,5 metra. Druga by\u0142a Nozomi Maruyama (126,5 m), a\u00a0trzecia Anna Odine Stroem (127,5 m).&#13;<br \/>\n&#13;<br \/>\nW czo\u0142\u00f3wce by\u0142y te\u017c Lisa Eder, Abigail Strate i\u00a0Selina Freitag. Do konkursu awansowa\u0142o tylko 30 zawodniczek. Ledwo zakwalifikowa\u0142y si\u0119 Katharina Schmid i\u00a0Yuki Ito, a\u00a0nie wesz\u0142a Heidi Dyhre Traaserud.&#13;<\/p>\n<p>Anna Twardosz polecia\u0142a na\u00a0117,5 metra i\u00a0zaj\u0119\u0142a dobr\u0105 20. lokat\u0119. Pola Be\u0142towska uzyska\u0142a 104 metry, co nie pozwoli\u0142o jej cieszy\u0107 si\u0119 z\u00a0awansu (48. miejsce).&#13;\n<\/p>\n<p>Zawodniczki skaka\u0142y z\u00a028. i\u00a030. belki startowej (Westman z\u00a026., Maruyama z\u00a029.).&#13;\n<\/p>\n<p>Anna Twardosz w\u00a0konkursie zmierzy si\u0119 z\u00a0Sar\u0105 Takanashi. Inne ciekawe pary to: Sato &#8211; Zeng, Muehlbacher &#8211; Strate, Schmid &#8211; Stroem czy Ito &#8211; Prevc.&#13;<br \/>\n<br \/>&#13;\n<\/p>\n<p>&#13;<\/p>\n<p>przesu\u0144 kursor myszy nad odleg\u0142o\u015b\u0107, aby zobaczy\u0107 szczeg\u00f3\u0142y skoku<\/p>\n<p>&#13;<\/p>\n<p>Autor: Pawe\u0142 Stawowczyk<\/p>\n<p>\u0179r\u00f3d\u0142o: wiadomo\u015b\u0107 w\u0142asna<\/p>\n<p>\t&#13;<br \/>\n\t\t&#13;<\/p>\n<p>Zaloguj si\u0119, aby komentowa\u0107<\/p>\n<p>\t&#13;<\/p>\n<ol class=\"komentarze_regulamin\">&#13;<\/p>\n<li>Redakcja zastrzega sobie prawo do usuni\u0119cia b\u0105d\u017a zmodyfikowania komentarzy nie zwi\u0105zanych z komentowan\u0105 tre\u015bci\u0105 (artyku\u0142em, tekstem na blogu, zdj\u0119ciami, relacj\u0105 LIVE itd.), a tak\u017ce obra\u017caj\u0105cych skoczk\u00f3w, cz\u0142onk\u00f3w redakcji i innych u\u017cytkownik\u00f3w portalu oraz zawieraj\u0105cych wulgaryzmy. R\u00f3wnie\u017c &#8222;czaty&#8221; prowadzone w komentarzach nie s\u0105 mile widziane.<\/li>\n<p>&#13;<\/p>\n<li>Zabronione jest zamieszczanie w komentarzach jakichkolwiek reklam, w tym odno\u015bnik\u00f3w do stron internetowych.<\/li>\n<p>&#13;<\/p>\n<li>Zabronione jest wielokrotne wysy\u0142anie komentarza o tej samej tre\u015bci.<\/li>\n<p>&#13;<\/p>\n<li>Redakcja pragnie r\u00f3wnie\u017c zaznaczy\u0107, \u017ce niekoniecznie odpowiada na typowe prowokacje (dotycz\u0105ce np. tematyki artyku\u0142u, kt\u00f3ra nie odpowiada indywidualnemu u\u017cytkownikowi).<\/li>\n<p>&#13;<\/p>\n<li>Wszelkie opinie krytyczne pod adresem redakcji prosimy kierowa\u0107 na adres e-mail redakcji &#8211; te zamieszczone w komentarzach b\u0119d\u0105 ignorowane, aby unikn\u0105\u0107 zej\u015bcia z tematu.<\/li>\n<p>&#13;<\/p>\n<li>W komentarzach zamieszczanych w reklacji LIVE zabronione jest zamieszczanie informacji zawieraj\u0105cych jedynie wynik zawodnika (odleg\u0142o\u015b\u0107, miejsce).<\/li>\n<p>&#13;<\/p>\n<li>Za nagminne \u0142amanie regu\u0142 wymienionych w regulaminie, og\u00f3lnie poj\u0119tych zasad dobrego wychowania oraz netykiety na dany adres IP mo\u017ce zosta\u0107 na\u0142o\u017cona czasowa blokada adresu IP.<\/li>\n<p>&#13;<\/p>\n<li>Redakcja nie ponosi odpowiedzialno\u015bci za tre\u015b\u0107 wypowiedzi zamieszczanych przez u\u017cytkownik\u00f3w. Osoby zamieszczaj\u0105ce wypowiedzi naruszaj\u0105ce prawo lub prawem chronione dobra os\u00f3b trzecich mog\u0105 ponie\u015b\u0107 z tego tytu\u0142u odpowiedzialno\u015b\u0107 karn\u0105 lub cywiln\u0105.<\/li>\n<p>&#13;<\/p>\n<li>Redakcja informuje, \u017ce podczas dodawania komentarza zbierane s\u0105 informacje o adresie IP komputera, z kt\u00f3rego komentarz jest dodawany. Informacje te w razie potrzeby mog\u0105 zosta\u0107 udost\u0119pnione organom \u015bcigania w celu poci\u0105gni\u0119cia autora komentarza do odpowiedzialno\u015bci karnej lub cywilnej.<\/li>\n<p>&#13;<\/p>\n<li>Redakcja gor\u0105co zach\u0119ca do rozwagi i zachowania zdrowego rozs\u0105dku podczas umieszczania komentarzy.<\/li>\n<p>&#13;<\/p>\n<li>Wysy\u0142anie komentarza jest jednoznaczne z akceptacj\u0105 powy\u017cszych zasad.<\/li>\n<p>&#13;\n\t<\/ol>\n<p>&#13;<br \/>\n&#13;<\/p>\n<p>Komentarze (0)<\/p>\n<p>kategorie u\u017cytkownik\u00f3w:<\/p>\n<p>niezarejestrowany<\/p>\n<p>zarejestrowany<\/p>\n<p>redaktor<\/p>\n<p>VIP<\/p>\n<p>\t&#13;<br \/>\n\t&#13;<\/p>\n<p>\t\t\t\t<a onclick=\"gtag(&#039;event&#039;,&#039;Adas1,5%-5-click&#039;,{&#039;event_category&#039;:&#039;Reklama&#039;,&#039;event_label&#039;:&#039;Sezon20222023&#039;});\" href=\"https:\/\/sercadlamaluszka.pl\/nasi-podopieczni\/adam-mysiak\" target=\"_blank\" rel=\"nofollow noopener\">&#13;<br \/>\n\t\t\t\t\t<img decoding=\"async\" onload=\"gtag('event','Adas1,5%-5-Wyswietl',{'event_category':'Reklama','event_label':'Sezon20222023'});\" class=\"obrazek_maly\" style=\"margin-top: 0px; max-width: 351px; width: 100%;\" src=\"https:\/\/www.europesays.com\/pl\/wp-content\/uploads\/2025\/12\/adas_15proc_5.jpg\" alt=\"Przeka\u017c 1,5% podatku na rehabilitacj\u0119 syna naszego redaktora - Adam Mysiak\" title=\"Przeka\u017c 1,5% podatku na rehabilitacj\u0119 syna naszego redaktora - Adam Mysiak\"\/>&#13;<br \/>\n\t\t\t\t<\/a><\/p>\n","protected":false},"excerpt":{"rendered":"&#13; P\u015a Oberstdorf: Nika Prevc wygrywa kwalifikacje, Twardosz z\u00a0Takanashi w\u00a0parze Opublikowano: 1 stycznia 2026, 15:58 &#13; Kwalifikacje do\u00a0konkursu&hellip;\n","protected":false},"author":2,"featured_media":183052,"comment_status":"","ping_status":"","sticky":false,"template":"","format":"standard","meta":{"footnotes":""},"categories":[24],"tags":[1557,27728,27730,16103,27725,27727,27726,1547,27731,1540,42,38,40,39,41,27722,27721,17495,27729,1567,1559,27723,1566,1569,27724,1539,1538,127,126,4038,27732,4112],"class_list":{"0":"post-183051","1":"post","2":"type-post","3":"status-publish","4":"format-standard","5":"has-post-thumbnail","7":"category-sport","8":"tag-adam-malysz","9":"tag-ahonen","10":"tag-gregor-schlierenzauer","11":"tag-janne-ahonen","12":"tag-klasyfikacja","13":"tag-klasyfikacja-generalna","14":"tag-klasyfikacje","15":"tag-malysz","16":"tag-morgenstern","17":"tag-narciarskie","18":"tag-pl","19":"tag-poland","20":"tag-polish","21":"tag-polska","22":"tag-polski","23":"tag-ps","24":"tag-puchar-swiata","25":"tag-puchar-swiata-w-skokach-narciarskich","26":"tag-schlierenzauer","27":"tag-ski-jumping","28":"tag-skijumping","29":"tag-skoczek","30":"tag-skoczkowie","31":"tag-skocznie","32":"tag-skocznie-narciarskie","33":"tag-skoki","34":"tag-skoki-narciarskie","35":"tag-sport","36":"tag-sports","37":"tag-sylwetki","38":"tag-thomas-morgenstern","39":"tag-wyniki"},"share_on_mastodon":{"url":"https:\/\/pubeurope.com\/@pl\/115824864086756097","error":""},"_links":{"self":[{"href":"https:\/\/www.europesays.com\/pl\/wp-json\/wp\/v2\/posts\/183051","targetHints":{"allow":["GET"]}}],"collection":[{"href":"https:\/\/www.europesays.com\/pl\/wp-json\/wp\/v2\/posts"}],"about":[{"href":"https:\/\/www.europesays.com\/pl\/wp-json\/wp\/v2\/types\/post"}],"author":[{"embeddable":true,"href":"https:\/\/www.europesays.com\/pl\/wp-json\/wp\/v2\/users\/2"}],"replies":[{"embeddable":true,"href":"https:\/\/www.europesays.com\/pl\/wp-json\/wp\/v2\/comments?post=183051"}],"version-history":[{"count":0,"href":"https:\/\/www.europesays.com\/pl\/wp-json\/wp\/v2\/posts\/183051\/revisions"}],"wp:featuredmedia":[{"embeddable":true,"href":"https:\/\/www.europesays.com\/pl\/wp-json\/wp\/v2\/media\/183052"}],"wp:attachment":[{"href":"https:\/\/www.europesays.com\/pl\/wp-json\/wp\/v2\/media?parent=183051"}],"wp:term":[{"taxonomy":"category","embeddable":true,"href":"https:\/\/www.europesays.com\/pl\/wp-json\/wp\/v2\/categories?post=183051"},{"taxonomy":"post_tag","embeddable":true,"href":"https:\/\/www.europesays.com\/pl\/wp-json\/wp\/v2\/tags?post=183051"}],"curies":[{"name":"wp","href":"https:\/\/api.w.org\/{rel}","templated":true}]}}