{"id":183270,"date":"2026-01-02T11:45:12","date_gmt":"2026-01-02T11:45:12","guid":{"rendered":"https:\/\/www.europesays.com\/pl\/183270\/"},"modified":"2026-01-02T11:45:12","modified_gmt":"2026-01-02T11:45:12","slug":"medieval-uczta-dla-fanow-kingdom-come-i-mount-blade","status":"publish","type":"post","link":"https:\/\/www.europesays.com\/pl\/183270\/","title":{"rendered":"Medieval uczt\u0105 dla fan\u00f3w Kingdom Come i Mount &#038; Blade"},"content":{"rendered":"<p>Autorzy Chronicles: Medieval przedstawiaj\u0105 kolejne materia\u0142y ze swojego dzie\u0142a, kt\u00f3re zrobi\u0142o na nas wielkie wra\u017cenie <a href=\"https:\/\/www.ppe.pl\/news\/377595\/gra-z-muzyka-kompozytora-wiedzmina-2-podbije-rynek-sredniowiecze-z-gigantycznym-rozmachem.html\" rel=\"nofollow noopener\" target=\"_blank\">ju\u017c w sierpniu.<\/a><\/p>\n<p>Wygl\u0105da na to, \u017ce dla fan\u00f3w Mount &amp; Blade 2: Bannerlord oraz Kingdom Come 2 to b\u0119dzie prawdziwa uczta. Tw\u00f3rcy Chronicles: Medieval przedstawili nowe materia\u0142y wideo, w kt\u00f3rych prezentuj\u0105 sw\u00f3j projekt, podejmuj\u0105cy \u015bredniowieczn\u0105 tematyk\u0119.<\/p>\n<p>    Dalsza cz\u0119\u015b\u0107 tekstu pod wideo<\/p>\n<p>Dzi\u0119ki nowym filmikom mo\u017cemy przyjrze\u0107 si\u0119 wykonaniu lokacji, kt\u00f3re b\u0119dziemy zwiedza\u0107 w Chronicles: Medieval. Deweloperzy zaprosili graczy r\u00f3wnie\u017c do swojego studia, pokazuj\u0105c, jak post\u0119puj\u0105 prace nad tytu\u0142em.<\/p>\n<p>        <img loading=\"lazy\" decoding=\"async\" src=\"https:\/\/www.europesays.com\/pl\/wp-content\/uploads\/2026\/01\/B32963402.414688363;dc_trk_aid=607216972;dc_trk_cid=228291445;ord=[timestamp];dc_lat=;dc_rdid=;tag_f.gif\" attributionsrc=\"\" border=\"0\" height=\"1\" width=\"1\" alt=\"Advertisement\"\/><\/p>\n<p>Gameplay wywo\u0142uje mocne skojarzenia z mark\u0105 Mount &amp; Blade. Tytu\u0142 zaoferuje sandboksow\u0105 rozgrywk\u0119 w ogromnym \u015bwiecie, gdzie opr\u00f3cz prowadzenia wielkich batalii, b\u0119dziemy te\u017c podr\u00f3\u017cowa\u0107 po r\u00f3\u017cnych miastach, wioskach i zamkach. W przeciwie\u0144stwie do Bannerlord, gdzie dzia\u0142amy w fikcyjnym \u015bwiecie, Chronicles: Medieval przeniesie nas w historyczne realia dawnej Europy.<\/p>\n<p>W filmiku tw\u00f3rcy podkre\u015blaj\u0105, jak wa\u017cny dla nich jest realizm walki broni\u0105 bia\u0142\u0105. By uzyska\u0107 najwy\u017cszy poziom rozgrywki, autorzy korzystaj\u0105 z motion capture i porad ekspert\u00f3w historii \u015bredniowiecza i fechtunku.<\/p>\n<p>Wi\u0119cej na temat Chronicles, w kt\u00f3rym us\u0142yszymy muzyk\u0119 kompozytora Wied\u017amina 2, <a href=\"https:\/\/www.ppe.pl\/news\/377595\/gra-z-muzyka-kompozytora-wiedzmina-2-podbije-rynek-sredniowiecze-z-gigantycznym-rozmachem.html\" rel=\"nofollow noopener\" target=\"_blank\">przeczytacie tutaj.<\/a><\/p>\n","protected":false},"excerpt":{"rendered":"Autorzy Chronicles: Medieval przedstawiaj\u0105 kolejne materia\u0142y ze swojego dzie\u0142a, kt\u00f3re zrobi\u0142o na nas wielkie wra\u017cenie ju\u017c w sierpniu.&hellip;\n","protected":false},"author":2,"featured_media":183271,"comment_status":"","ping_status":"","sticky":false,"template":"","format":"standard","meta":{"footnotes":""},"categories":[20],"tags":[120,118,119,42,38,40,39,41,116,114,115,121,117],"class_list":{"0":"post-183270","1":"post","2":"type-post","3":"status-publish","4":"format-standard","5":"has-post-thumbnail","7":"category-nauka-i-technika","8":"tag-nauka","9":"tag-nauka-i-technika","10":"tag-naukatechnika","11":"tag-pl","12":"tag-poland","13":"tag-polish","14":"tag-polska","15":"tag-polski","16":"tag-science","17":"tag-science-and-technology","18":"tag-sciencetechnology","19":"tag-technika","20":"tag-technology"},"share_on_mastodon":{"url":"https:\/\/pubeurope.com\/@pl\/115825339579059874","error":""},"_links":{"self":[{"href":"https:\/\/www.europesays.com\/pl\/wp-json\/wp\/v2\/posts\/183270","targetHints":{"allow":["GET"]}}],"collection":[{"href":"https:\/\/www.europesays.com\/pl\/wp-json\/wp\/v2\/posts"}],"about":[{"href":"https:\/\/www.europesays.com\/pl\/wp-json\/wp\/v2\/types\/post"}],"author":[{"embeddable":true,"href":"https:\/\/www.europesays.com\/pl\/wp-json\/wp\/v2\/users\/2"}],"replies":[{"embeddable":true,"href":"https:\/\/www.europesays.com\/pl\/wp-json\/wp\/v2\/comments?post=183270"}],"version-history":[{"count":0,"href":"https:\/\/www.europesays.com\/pl\/wp-json\/wp\/v2\/posts\/183270\/revisions"}],"wp:featuredmedia":[{"embeddable":true,"href":"https:\/\/www.europesays.com\/pl\/wp-json\/wp\/v2\/media\/183271"}],"wp:attachment":[{"href":"https:\/\/www.europesays.com\/pl\/wp-json\/wp\/v2\/media?parent=183270"}],"wp:term":[{"taxonomy":"category","embeddable":true,"href":"https:\/\/www.europesays.com\/pl\/wp-json\/wp\/v2\/categories?post=183270"},{"taxonomy":"post_tag","embeddable":true,"href":"https:\/\/www.europesays.com\/pl\/wp-json\/wp\/v2\/tags?post=183270"}],"curies":[{"name":"wp","href":"https:\/\/api.w.org\/{rel}","templated":true}]}}