{"id":183417,"date":"2026-01-02T13:19:09","date_gmt":"2026-01-02T13:19:09","guid":{"rendered":"https:\/\/www.europesays.com\/pl\/183417\/"},"modified":"2026-01-02T13:19:09","modified_gmt":"2026-01-02T13:19:09","slug":"litwin-przyjechal-do-polski-i-oniemial-prawie-nic-tam-nie-bylo","status":"publish","type":"post","link":"https:\/\/www.europesays.com\/pl\/183417\/","title":{"rendered":"Litwin przyjecha\u0142 do Polski i oniemia\u0142. &#8222;Prawie nic tam nie by\u0142o&#8221;"},"content":{"rendered":"<p class=\"ods-c-paragraph \">Okres \u015bwi\u0105t Bo\u017cego Narodzenia dla wielu Polak\u00f3w jest szczeg\u00f3lnym momentem wyciszenia i oderwania si\u0119 od codziennego po\u015bpiechu. To czas, gdy na chwil\u0119 zwalnia tempo \u017cycia, a dla niekt\u00f3rych na pierwszy plan wysuwaj\u0105 si\u0119 dom, bliscy oraz wsp\u00f3lnie sp\u0119dzone chwile. Inni z kolei decyduj\u0105 si\u0119 na podr\u00f3\u017c. Tak w\u0142a\u015bnie zrobi\u0142 Tomas Bagdonavi\u010dius wraz z \u017con\u0105. M\u0119\u017cczyzna w rozmowie z portalem tv3.lt przyzna\u0142, \u017ce wyjazd do Polski by\u0142 ca\u0142kowicie impulsywny. Wszystko zacz\u0119\u0142o si\u0119 w \u015bwi\u0105teczny poranek.<\/p>\n<p>Dalszy ci\u0105g artyku\u0142u pod materia\u0142em wideo<\/p>\n<p> Jakie miejsca odwiedzi\u0142 Litwin w Polsce? <\/p>\n<p> Czym Tomas Bagdonavi\u010dius by\u0142 zaskoczony w Suwa\u0142kach? <\/p>\n<p> Jakie by\u0142o \u015bwi\u0105teczne wra\u017cenie artysty w Polsce? <\/p>\n<p> Dlaczego Polska nie jest odpowiednia dla os\u00f3b szukaj\u0105cych g\u0142o\u015bnych \u015bwi\u0105t? <\/p>\n<p class=\"ods-c-paragraph \">\u2014 Rano by\u0142y \u017cyczenia i \u015bwi\u0105teczne \u015bniadanie, a potem kr\u00f3tka drzemka. Budz\u0119 si\u0119 i m\u00f3wi\u0119: &#8222;Audrute, jed\u017amy gdzie\u015b, gdzie jest \u0142adna pogoda&#8221;. Ona pyta: &#8222;To dok\u0105d chcesz?&#8221;. A ja bez zastanowienia: &#8222;Mo\u017ce do Polski?&#8221;. Wsiedli\u015bmy do samochodu i ruszyli\u015bmy w drog\u0119 \u2014 opowiada\u0142 artysta w rozmowie z portalem tv3.lt<\/p>\n<p class=\"ods-c-paragraph \">Para nie planowa\u0142a d\u0142u\u017cszego pobytu ani zwiedzania odleg\u0142ych miejsc. Ich celem by\u0142y Suwa\u0142ki.<\/p>\n<p class=\"ods-c-paragraph \">Po dotarciu na miejsce szybko okaza\u0142o si\u0119 jednak, \u017ce \u015bwi\u0105teczna rzeczywisto\u015b\u0107 w Polsce wygl\u0105da inaczej, ni\u017c si\u0119 spodziewali. M\u0119\u017cczyzna by\u0142 zaskoczony.<\/p>\n<blockquote class=\"ods-o-quota\">\n<p class=\"ods-o-quota__paragraph\">Kiedy dotarli\u015bmy na miejsce, okaza\u0142o si\u0119, \u017ce prawie nic tam nie by\u0142o otwarte: \u017cadnych kawiarni, bar\u00f3w ani sklep\u00f3w \u2014 tylko McDonald\u2019s<\/p>\n<\/blockquote>\n<p class=\"ods-c-paragraph \">\u2014 wyjawi\u0142.<\/p>\n<p class=\"ods-c-paragraph \">Tomas Bagdonavi\u010dius podzieli\u0142 si\u0119 r\u00f3wnie\u017c tym, co zrobi\u0142o na nim najwi\u0119ksze wra\u017cenie. \u2014 W Polsce naprawd\u0119 zaskoczy\u0142a mnie atmosfera \u015bwi\u0105t Bo\u017cego Narodzenia. Wszystkie balkony w blokach by\u0142y pi\u0119knie udekorowane, domy l\u015bni\u0142y i mieni\u0142y si\u0119 \u2014 to naprawd\u0119 pozostawi\u0142o ciep\u0142e wra\u017cenie \u2014 powiedzia\u0142.<\/p>\n<p class=\"ods-c-paragraph \">\u2014 Je\u015bli chcecie \u015bwi\u0119towa\u0107 Bo\u017ce Narodzenie g\u0142o\u015bno i rado\u015bnie, Polska nie jest krajem dla was, bo nikt tam nie pracuje i b\u0119dziecie rozczarowani. Jednak je\u015bli zale\u017cy wam na dobrej \u015bwi\u0105tecznej atmosferze i nastroju \u2014 zdecydowanie polecam \u2014 doda\u0142.<\/p>\n","protected":false},"excerpt":{"rendered":"Okres \u015bwi\u0105t Bo\u017cego Narodzenia dla wielu Polak\u00f3w jest szczeg\u00f3lnym momentem wyciszenia i oderwania si\u0119 od codziennego po\u015bpiechu. To&hellip;\n","protected":false},"author":2,"featured_media":183418,"comment_status":"","ping_status":"","sticky":false,"template":"","format":"standard","meta":{"footnotes":""},"categories":[12],"tags":[210,32,33,36,37,27,34,35,28,31,48,25,46,42,38,40,39,41,47,16319,26864,29,30,26],"class_list":{"0":"post-183417","1":"post","2":"type-post","3":"status-publish","4":"format-standard","5":"has-post-thumbnail","7":"category-polska","8":"tag-aktualnosci","9":"tag-breaking-news","10":"tag-breakingnews","11":"tag-featured-news","12":"tag-featurednews","13":"tag-headlines","14":"tag-latest-news","15":"tag-latestnews","16":"tag-naglowki","17":"tag-najwazniejsze-artykuly","18":"tag-nat_styl","19":"tag-news","20":"tag-omp","21":"tag-pl","22":"tag-poland","23":"tag-polish","24":"tag-polska","25":"tag-polski","26":"tag-screening_general","27":"tag-suwalki","28":"tag-swieta_bozego_narodzenia","29":"tag-top-stories","30":"tag-topstories","31":"tag-wiadomosci"},"share_on_mastodon":{"url":"https:\/\/pubeurope.com\/@pl\/115825709181080180","error":""},"_links":{"self":[{"href":"https:\/\/www.europesays.com\/pl\/wp-json\/wp\/v2\/posts\/183417","targetHints":{"allow":["GET"]}}],"collection":[{"href":"https:\/\/www.europesays.com\/pl\/wp-json\/wp\/v2\/posts"}],"about":[{"href":"https:\/\/www.europesays.com\/pl\/wp-json\/wp\/v2\/types\/post"}],"author":[{"embeddable":true,"href":"https:\/\/www.europesays.com\/pl\/wp-json\/wp\/v2\/users\/2"}],"replies":[{"embeddable":true,"href":"https:\/\/www.europesays.com\/pl\/wp-json\/wp\/v2\/comments?post=183417"}],"version-history":[{"count":0,"href":"https:\/\/www.europesays.com\/pl\/wp-json\/wp\/v2\/posts\/183417\/revisions"}],"wp:featuredmedia":[{"embeddable":true,"href":"https:\/\/www.europesays.com\/pl\/wp-json\/wp\/v2\/media\/183418"}],"wp:attachment":[{"href":"https:\/\/www.europesays.com\/pl\/wp-json\/wp\/v2\/media?parent=183417"}],"wp:term":[{"taxonomy":"category","embeddable":true,"href":"https:\/\/www.europesays.com\/pl\/wp-json\/wp\/v2\/categories?post=183417"},{"taxonomy":"post_tag","embeddable":true,"href":"https:\/\/www.europesays.com\/pl\/wp-json\/wp\/v2\/tags?post=183417"}],"curies":[{"name":"wp","href":"https:\/\/api.w.org\/{rel}","templated":true}]}}