{"id":183427,"date":"2026-01-02T13:25:07","date_gmt":"2026-01-02T13:25:07","guid":{"rendered":"https:\/\/www.europesays.com\/pl\/183427\/"},"modified":"2026-01-02T13:25:07","modified_gmt":"2026-01-02T13:25:07","slug":"wazne-spotkanie-w-kijowie-wiadomo-kto-bedzie-reprezentowal-polske","status":"publish","type":"post","link":"https:\/\/www.europesays.com\/pl\/183427\/","title":{"rendered":"Wa\u017cne spotkanie w Kijowie. Wiadomo, kto b\u0119dzie reprezentowa\u0142 Polsk\u0119"},"content":{"rendered":"<p class=\"ods-c-paragraph \">Wewi\u00f3r powiedzia\u0142, \u017ce wiceminister Kupiecki, b\u0119d\u0105cy te\u017c doradc\u0105 premiera Donalda Tuska ds. bezpiecze\u0144stwa narodowego, udaje si\u0119 do Kijowa na sobotnie spotkanie doradc\u00f3w ds. bezpiecze\u0144stwa z kraj\u00f3w wchodz\u0105cych w sk\u0142ad tzw. koalicji ch\u0119tnych.<\/p>\n<p>Dalszy ci\u0105g artyku\u0142u pod materia\u0142em wideo<\/p>\n<p> Kto reprezentuje Polsk\u0119 na spotkaniu w Kijowie? <\/p>\n<p> Kiedy odbywa si\u0119 to spotkanie? <\/p>\n<p> Jakie tematy b\u0119d\u0105 poruszane na spotkaniu? <\/p>\n<p> Co to jest koalicja ch\u0119tnych? <\/p>\n<p class=\"ods-c-paragraph \">\u2014 B\u0119d\u0105 poruszane tematy zwi\u0105zane z dochodzeniem do pokoju, tak to nazwijmy. To s\u0105 elementy procesu i samego porozumienia pokojowego \u2014 powiedzia\u0142 rzecznik MSZ zaznaczaj\u0105c, \u017ce chodzi o prac\u0119 na konkretnych dokumentach. Doda\u0142, \u017ce spotkania b\u0119d\u0105 odbywa\u0107 si\u0119 na szczeblu rz\u0105dowym i wojskowym, stanowisko Polski ma by\u0107 jasno przedstawione, a \u2014 zapewni\u0142 \u2014 &#8222;nasz g\u0142os b\u0119dzie s\u0142yszany&#8221;.<\/p>\n<p class=\"ods-c-paragraph \">Sobotnie spotkanie w Kijowie odb\u0119dzie si\u0119 kilka dni przed zaplanowanymi na 6 stycznia rozmowami przyw\u00f3dc\u00f3w kraj\u00f3w tzw. koalicji ch\u0119tnych we Francji.<\/p>\n<p>Spotkanie na linii Trump-Ze\u0142enski. &#8222;Plan w 90 proc. uzgodniony&#8221;<\/p>\n<p class=\"ods-c-paragraph \">28 grudnia ub.r. prezydent Ukrainy Wo\u0142odymyr Ze\u0142enski spotka\u0142 si\u0119 z prezydentem USA Donaldem Trumpem na Florydzie, po czym obaj og\u0142osili, \u017ce poczynili post\u0119py w kierunku zako\u0144czenia wojny. Ze\u0142enski stwierdzi\u0142, \u017ce 20-punktowy plan pokojowy jest w 90 proc. uzgodniony, gwarancje bezpiecze\u0144stwa USA dla Ukrainy w 100 proc., za\u015b europejskie gwarancje prawie w 100 proc., w tym w 100 proc. w wymiarze militarnym.<\/p>\n<p class=\"ods-c-paragraph \">Dzie\u0144 p\u00f3\u017aniej prezydent Francji Emmanuel Macron zapowiedzia\u0142, \u017ce na pocz\u0105tku stycznia odb\u0119dzie si\u0119 w Pary\u017cu spotkanie &#8222;koalicji ch\u0119tnych&#8221; w sprawie gwarancji bezpiecze\u0144stwa dla Ukrainy w ramach negocjowanego obecnie porozumienia pokojowego z Rosj\u0105. Doda\u0142, \u017ce &#8222;kraje wchodz\u0105ce w sk\u0142ad koalicji ch\u0119tnych spotkaj\u0105 si\u0119 na pocz\u0105tku stycznia w Pary\u017cu aby sfinalizowa\u0107 konkretny wk\u0142ad ka\u017cdego z nich&#8221; na rzecz gwarancji bezpiecze\u0144stwa dla Ukrainy.<\/p>\n<p>   Czym jest koalicja ch\u0119tnych?<\/p>\n<p class=\"ods-c-paragraph \">&#8222;Koalicja ch\u0119tnych&#8221; powsta\u0142a 2 marca br. z inicjatywy premiera Wielkiej Brytanii Keira Starmera w celu opracowania kompleksowego planu wsparcia dla Ukrainy, zapewnienia jej sta\u0142ego dost\u0119pu do broni oraz podejmowania dzia\u0142a\u0144 zmierzaj\u0105cych do zako\u0144czenia wojny. Nale\u017c\u0105 do niej 33 pa\u0144stwa \u2014 g\u0142\u00f3wnie europejskie, w tym Polska a tak\u017ce Australia, Nowa Zelandia, Japonia i Turcja. W sk\u0142ad koalicji nie wesz\u0142y m.in. USA, niekt\u00f3re pa\u0144stwa ba\u0142ka\u0144skie, W\u0119gry oraz S\u0142owacja.<\/p>\n<p class=\"ods-c-paragraph \">30 grudnia ub.r. premier Donald Tusk uczestniczy\u0142 w rozmowach na wysokim szczeblu w sprawie zako\u0144czenia wojny w Ukrainie, z udzia\u0142em lider\u00f3w kluczowych pa\u0144stw europejskich, a tak\u017ce premiera Kanady Marka Carneya, szef\u00f3w instytucji europejskich oraz sekretarza generalnego NATO Marka Rutte. Tusk oceni\u0142 po rozmowach, \u017ce pok\u00f3j w Ukrainie jest na horyzoncie.<\/p>\n","protected":false},"excerpt":{"rendered":"Wewi\u00f3r powiedzia\u0142, \u017ce wiceminister Kupiecki, b\u0119d\u0105cy te\u017c doradc\u0105 premiera Donalda Tuska ds. bezpiecze\u0144stwa narodowego, udaje si\u0119 do Kijowa&hellip;\n","protected":false},"author":2,"featured_media":183428,"comment_status":"","ping_status":"","sticky":false,"template":"","format":"standard","meta":{"footnotes":""},"categories":[14],"tags":[32,33,27,76,34,35,1162,28,31,48,25,46,40,39,41,47,80,29,30,26,82,83,84],"class_list":{"0":"post-183427","1":"post","2":"type-post","3":"status-publish","4":"format-standard","5":"has-post-thumbnail","7":"category-swiat","8":"tag-breaking-news","9":"tag-breakingnews","10":"tag-headlines","11":"tag-inwazja_rosji_na_ukraine","12":"tag-latest-news","13":"tag-latestnews","14":"tag-msz","15":"tag-naglowki","16":"tag-najwazniejsze-artykuly","17":"tag-nat_styl","18":"tag-news","19":"tag-omp","20":"tag-polish","21":"tag-polska","22":"tag-polski","23":"tag-screening_general","24":"tag-swiat","25":"tag-top-stories","26":"tag-topstories","27":"tag-wiadomosci","28":"tag-world","29":"tag-world-news","30":"tag-worldnews"},"share_on_mastodon":{"url":"https:\/\/pubeurope.com\/@pl\/115825732796283035","error":""},"_links":{"self":[{"href":"https:\/\/www.europesays.com\/pl\/wp-json\/wp\/v2\/posts\/183427","targetHints":{"allow":["GET"]}}],"collection":[{"href":"https:\/\/www.europesays.com\/pl\/wp-json\/wp\/v2\/posts"}],"about":[{"href":"https:\/\/www.europesays.com\/pl\/wp-json\/wp\/v2\/types\/post"}],"author":[{"embeddable":true,"href":"https:\/\/www.europesays.com\/pl\/wp-json\/wp\/v2\/users\/2"}],"replies":[{"embeddable":true,"href":"https:\/\/www.europesays.com\/pl\/wp-json\/wp\/v2\/comments?post=183427"}],"version-history":[{"count":0,"href":"https:\/\/www.europesays.com\/pl\/wp-json\/wp\/v2\/posts\/183427\/revisions"}],"wp:featuredmedia":[{"embeddable":true,"href":"https:\/\/www.europesays.com\/pl\/wp-json\/wp\/v2\/media\/183428"}],"wp:attachment":[{"href":"https:\/\/www.europesays.com\/pl\/wp-json\/wp\/v2\/media?parent=183427"}],"wp:term":[{"taxonomy":"category","embeddable":true,"href":"https:\/\/www.europesays.com\/pl\/wp-json\/wp\/v2\/categories?post=183427"},{"taxonomy":"post_tag","embeddable":true,"href":"https:\/\/www.europesays.com\/pl\/wp-json\/wp\/v2\/tags?post=183427"}],"curies":[{"name":"wp","href":"https:\/\/api.w.org\/{rel}","templated":true}]}}