{"id":183431,"date":"2026-01-02T13:27:09","date_gmt":"2026-01-02T13:27:09","guid":{"rendered":"https:\/\/www.europesays.com\/pl\/183431\/"},"modified":"2026-01-02T13:27:09","modified_gmt":"2026-01-02T13:27:09","slug":"tyle-osob-wybralo-sylwestra-z-republika-liczby-mowia-same-za-siebie","status":"publish","type":"post","link":"https:\/\/www.europesays.com\/pl\/183431\/","title":{"rendered":"Tyle os\u00f3b wybra\u0142o sylwestra z Republik\u0105. Liczby m\u00f3wi\u0105 same za siebie"},"content":{"rendered":"<p class=\"Paragraph_desktopParagraph__U31Gm\">&#8222;Sylwester z Dw\u00f3jk\u0105&#8221; by\u0142 najch\u0119tniej ogl\u0105dan\u0105 telewizyjn\u0105 imprez\u0105 sylwestrow\u0105 w Polsce. Z danych wynika, \u017ce transmitowany przez TVP2 koncert zgromadzi\u0142 \u015brednio 2,6 mln widz\u00f3w. Widowisko emitowane w godzinach 19.50\u20130.30 zapewni\u0142o stacji 21,93 proc. udzia\u0142u w rynku w grupie og\u00f3lnej 4+.<\/p>\n<p class=\"Paragraph_desktopParagraph__U31Gm\">Ponadto transmisja cieszy\u0142a si\u0119 tak\u017ce du\u017cym zainteresowaniem w internecie. Wed\u0142ug informacji przekazanych przez publicznego nadawc\u0119, wydarzenie w serwisie TVP VOD \u015bledzi\u0142o 370 tys. u\u017cytkownik\u00f3w.<\/p>\n<p class=\"Paragraph_desktopParagraph__U31Gm\">W przeciwie\u0144stwie do konkurencji Telewizja Polska jako jedyna zako\u0144czy\u0142a sylwestrow\u0105 noc ze wzrostem ogl\u0105dalno\u015bci. Polsat, kt\u00f3ry uplasowa\u0142 si\u0119 na drugim miejscu, przyci\u0105gn\u0105\u0142 w godzinach 19.45\u20130.30 \u015brednio 2,32 mln widz\u00f3w, co prze\u0142o\u017cy\u0142o si\u0119 na 19,57 proc. udzia\u0142u w rynku. Rok wcze\u015bniej transmisj\u0119 ogl\u0105da\u0142o 3,05 mln os\u00f3b.<\/p>\n<ul class=\"OchatFollowUps_wrapper__1ry7X\">\n<li class=\"OchatFollowUps_item__Dhyly OchatFollowUps_itemDesktop__R6aBv\">Ile os\u00f3b ogl\u0105da\u0142o Sylwester z Dw\u00f3jk\u0105?<\/li>\n<li class=\"OchatFollowUps_item__Dhyly OchatFollowUps_itemDesktop__R6aBv\">Jakie miejsce zaj\u0119\u0142a TV Republika w sylwestrowej rywalizacji?<\/li>\n<li class=\"OchatFollowUps_item__Dhyly OchatFollowUps_itemDesktop__R6aBv\">Jaka by\u0142a ogl\u0105dalno\u015b\u0107 Polsatu w sylwestrow\u0105 noc?<\/li>\n<li class=\"OchatFollowUps_item__Dhyly OchatFollowUps_itemDesktop__R6aBv\">Gdzie odby\u0142 si\u0119 Sylwester z Republik\u0105?<\/li>\n<\/ul>\n<p>TV Republika przegrywa sylwestrow\u0105 rywalizacj\u0119 <\/p>\n<p class=\"Paragraph_desktopParagraph__U31Gm\">Znacznie s\u0142abszy wynik zanotowa\u0142a <a href=\"https:\/\/plejada.pl\/temat\/tv-republika\/gnzyt9s\" id=\"85d999cd-1e76-4f96-90af-a3ea9d2015b5\" rel=\"nofollow noopener\" target=\"_blank\">TV Republika<\/a>. Jej sylwestrow\u0105 transmisj\u0119 z Che\u0142ma ogl\u0105da\u0142o \u015brednio 1,15 mln widz\u00f3w, co prze\u0142o\u017cy\u0142o si\u0119 na 9,69 proc. udzia\u0142u w rynku. Dla por\u00f3wnania rok wcze\u015bniej &#8222;Wystrza\u0142owy Sylwester z Republik\u0105&#8221; zgromadzi\u0142 1,33 mln os\u00f3b, przy 10,7 proc. udzia\u0142u.<\/p>\n<p class=\"Paragraph_desktopParagraph__U31Gm\">Przypomnijmy, \u017ce Telewizja Republika po raz drugi wybra\u0142a Lubelszczyzn\u0119 na miejsce sylwestrowej zabawy. &#8222;Wystrza\u0142owy Sylwester z Republik\u0105&#8221; ponownie odby\u0142 si\u0119 na Placu Niepodleg\u0142o\u015bci w Che\u0142mie. Na scenie pojawili si\u0119 arty\u015bci zar\u00f3wno polskiej, jak i zagranicznej muzyki tanecznej, w\u015br\u00f3d nich mi\u0119dzy innymi Fun Factory, Fancy, Corona, Defis, Weekend oraz Playboys. Zabawie towarzyszy\u0142y jednak wzmo\u017cone \u015brodki bezpiecze\u0144stwa oraz szczeg\u00f3\u0142owe kontrole przy wej\u015bciach pod scen\u0119, <a href=\"https:\/\/plejada.pl\/newsy\/zaskoczenie-na-sylwestrze-tv-republiki-juz-na-starcie-zrobilo-sie-nerwowo\/jztrkfs?utm_source=plejada.pl_viasg_plejada&amp;utm_medium=referal&amp;utm_campaign=leo_automatic&amp;srcc=undefined&amp;utm_v=2\" id=\"de81ed7d-9663-4eb3-87af-958f12b0dc2e\" rel=\"nofollow noopener\" target=\"_blank\">na co skar\u017cyli si\u0119 uczestnicy obecni na miejscu<\/a>.<\/p>\n<p class=\"Paragraph_desktopParagraph__U31Gm\">Dzi\u0119kujemy, \u017ce przeczyta\u0142a\u015b\/e\u015b nasz artyku\u0142 do ko\u0144ca. W serwisie Plejada.pl ka\u017cdego dnia piszemy o najwa\u017cniejszych wydarzeniach show-biznesowych. B\u0105d\u017a na bie\u017c\u0105co! <a rel=\"nofollow noopener\" href=\"https:\/\/profile.google.com\/cp\/Cg0vZy8xMWJ6X19wdHBx\" id=\"289f719b-593d-4696-8618-9dfe4fb8ea66\" target=\"_blank\">Obserwuj<\/a> Plejad\u0119 w Google. Odwied\u017a nas tak\u017ce na <a rel=\"nofollow noopener\" href=\"https:\/\/www.facebook.com\/plejadapl\" id=\"96fead82-7664-421d-a8c4-694b8e04ddeb\" target=\"_blank\">Facebooku<\/a>, <a rel=\"nofollow noopener\" href=\"https:\/\/www.instagram.com\/plejadapl\/\" id=\"8d47b3b2-a3d8-4457-8ca2-cb69757de500\" target=\"_blank\">Instagramie<\/a>, <a rel=\"nofollow noopener\" href=\"https:\/\/www.youtube.com\/c\/plejada\" id=\"8a8e508b-e2ac-415b-82ac-a24110009690\" target=\"_blank\">YouTubie<\/a> oraz <a rel=\"nofollow noopener\" href=\"https:\/\/www.tiktok.com\/@plejada_pl\" id=\"a7a49c10-794c-47cc-9572-51f6ae5245fc\" target=\"_blank\">TikToku<\/a>.<\/p>\n<p class=\"Paragraph_desktopParagraph__U31Gm\">Chcesz podzieli\u0107 si\u0119 ciekawym newsem lub zaproponowa\u0107 temat? Skontaktuj si\u0119 z nami, pisz\u0105c maila na adres: <a href=\"https:\/\/www.onet.pl\/styl-zycia\/plejada\/tyle-osob-wybralo-sylwestra-z-republika-liczby-mowia-same-za-siebie\/mailto:plejada@redakcjaonet.pl\" id=\"3271f7d2-529e-4194-9866-568ce4a9b84f\" rel=\"nofollow noopener\" target=\"_blank\">plejada@redakcjaon<\/a><a rel=\"nofollow noopener\" href=\"https:\/\/et.pl\/\" id=\"114cb25c-87a5-4e27-9100-92430cf731ad\" target=\"_blank\">et.pl<\/a>.<\/p>\n<p><script async src=\"\/\/www.instagram.com\/embed.js\"><\/script><script async src=\"\/\/www.tiktok.com\/embed.js\"><\/script><\/p>\n","protected":false},"excerpt":{"rendered":"&#8222;Sylwester z Dw\u00f3jk\u0105&#8221; by\u0142 najch\u0119tniej ogl\u0105dan\u0105 telewizyjn\u0105 imprez\u0105 sylwestrow\u0105 w Polsce. Z danych wynika, \u017ce transmitowany przez TVP2&hellip;\n","protected":false},"author":2,"featured_media":183432,"comment_status":"","ping_status":"","sticky":false,"template":"","format":"standard","meta":{"footnotes":""},"categories":[5],"tags":[32,33,36,37,27,67,34,35,28,31,53,25,52,68,51,55,42,38,40,39,41,47,196,12357,29,30,745,65,50,26],"class_list":{"0":"post-183431","1":"post","2":"type-post","3":"status-publish","4":"format-standard","5":"has-post-thumbnail","7":"category-naglowki","8":"tag-breaking-news","9":"tag-breakingnews","10":"tag-featured-news","11":"tag-featurednews","12":"tag-headlines","13":"tag-intextvideo_splayer","14":"tag-latest-news","15":"tag-latestnews","16":"tag-naglowki","17":"tag-najwazniejsze-artykuly","18":"tag-new_header","19":"tag-news","20":"tag-onet3","21":"tag-onet3d","22":"tag-onet3d_2i","23":"tag-phx","24":"tag-pl","25":"tag-poland","26":"tag-polish","27":"tag-polska","28":"tag-polski","29":"tag-screening_general","30":"tag-styl_zycia","31":"tag-sylwester","32":"tag-top-stories","33":"tag-topstories","34":"tag-tv_republika_telewizja_republika","35":"tag-update_me","36":"tag-v2021","37":"tag-wiadomosci"},"share_on_mastodon":{"url":"https:\/\/pubeurope.com\/@pl\/115825740685241883","error":""},"_links":{"self":[{"href":"https:\/\/www.europesays.com\/pl\/wp-json\/wp\/v2\/posts\/183431","targetHints":{"allow":["GET"]}}],"collection":[{"href":"https:\/\/www.europesays.com\/pl\/wp-json\/wp\/v2\/posts"}],"about":[{"href":"https:\/\/www.europesays.com\/pl\/wp-json\/wp\/v2\/types\/post"}],"author":[{"embeddable":true,"href":"https:\/\/www.europesays.com\/pl\/wp-json\/wp\/v2\/users\/2"}],"replies":[{"embeddable":true,"href":"https:\/\/www.europesays.com\/pl\/wp-json\/wp\/v2\/comments?post=183431"}],"version-history":[{"count":0,"href":"https:\/\/www.europesays.com\/pl\/wp-json\/wp\/v2\/posts\/183431\/revisions"}],"wp:featuredmedia":[{"embeddable":true,"href":"https:\/\/www.europesays.com\/pl\/wp-json\/wp\/v2\/media\/183432"}],"wp:attachment":[{"href":"https:\/\/www.europesays.com\/pl\/wp-json\/wp\/v2\/media?parent=183431"}],"wp:term":[{"taxonomy":"category","embeddable":true,"href":"https:\/\/www.europesays.com\/pl\/wp-json\/wp\/v2\/categories?post=183431"},{"taxonomy":"post_tag","embeddable":true,"href":"https:\/\/www.europesays.com\/pl\/wp-json\/wp\/v2\/tags?post=183431"}],"curies":[{"name":"wp","href":"https:\/\/api.w.org\/{rel}","templated":true}]}}