{"id":183666,"date":"2026-01-02T15:40:15","date_gmt":"2026-01-02T15:40:15","guid":{"rendered":"https:\/\/www.europesays.com\/pl\/183666\/"},"modified":"2026-01-02T15:40:15","modified_gmt":"2026-01-02T15:40:15","slug":"ambasador-usa-nie-kryl-zachwytu-nad-polska-europa-powinna-brac-przyklad-onet","status":"publish","type":"post","link":"https:\/\/www.europesays.com\/pl\/183666\/","title":{"rendered":"Ambasador USA nie kry\u0142 zachwytu nad Polsk\u0105. &quot;Europa powinna bra\u0107 przyk\u0142ad&quot; &#8211; Onet"},"content":{"rendered":"<ol>\n<li><a href=\"https:\/\/news.google.com\/rss\/articles\/CBMiywFBVV95cUxNSUI5eFJZaDc0SmtZcHptQktSUlNWQ0NZS1dDRDlwUUJDRDF5WGlmRjdaXzhqV3hMdW01V0QybmJpUFVROW5mUTJvWkFsUW52Z1cxU0xONXViUHhpS1c0YUFzbHNyNkVQU3RZcmhCMS1YelhPcUd4YkVhUkRKQjZCb2hQN3hBbkpRd2wwMFdQYjNFeDgtODJXQ1pHY0R1Vkd1QS1BNTBnWmpRb3otbE1jNWd5dzY4d2dsYmxIVnNldzZ4bURIZFdNYUYwWQ?oc=5\" target=\"_blank\" rel=\"nofollow noopener\">Ambasador USA nie kry\u0142 zachwytu nad Polsk\u0105. &#8222;Europa powinna bra\u0107 przyk\u0142ad&#8221;<\/a>&nbsp;&nbsp;Onet<\/li>\n<li><a href=\"https:\/\/news.google.com\/rss\/articles\/CBMirgFBVV95cUxONm16QUs4WjY1RmkxV25DZk1PalgwZVVEd2NsQnJHYzY1eTg3TjUzNFAzSTFvelVsVzdrTjRlaW83YXJBcnpmMTBhYXRpUGwyS2ZQd05BelBWSExWZGlmNzdOdTBWSWVRbFowZFFsYkJtam13VXZ0cUU0aFQ0dEU0dnlLd21DcEhLeXRrNXNta0o2NTlUdWgybWVpUmlTNTBBNXZtV1loam82M2NwMlE?oc=5\" target=\"_blank\" rel=\"nofollow noopener\">Gor\u0105co po or\u0119dziu Donalda Tuska. Rzecznik rz\u0105du szybko reaguje<\/a>&nbsp;&nbsp;Przegl\u0105d Sportowy Onet<\/li>\n<li><a href=\"https:\/\/news.google.com\/rss\/articles\/CBMiswFBVV95cUxObE5PQnRIUmY0R0g4a3IzelF1N2dMT05WazlHTmRLSEdBMlZ2TmZ1UUtMakdsb1FibU1paEZsYmJrX2lyaWxUYm9YLUp4aE5jTl9tY0gtM29LTXExWGtBcUJzdjI0SUV2cTFDREVGemZNLThuWG5sSWNQUU9uVHZPcVNEVDR3djUwOFFZY2RBUTFRQVo3MU5CdGhTcGo1MmJHNkxTUUdNZVl2RGthZ3pLSGdsaw?oc=5\" target=\"_blank\" rel=\"nofollow noopener\">&#8222;Rok polskiego przyspieszenia&#8221;. Priorytety rz\u0105du w or\u0119dziu Donalda Tuska<\/a>&nbsp;&nbsp;Wydarzenia w INTERIA.PL<\/li>\n<li><a href=\"https:\/\/news.google.com\/rss\/articles\/CBMitwFBVV95cUxPZVFyVnpjZTF2WUZsVHRndXN0WXVueEhVSlZZZS15ZDVSUGNUNWNMY0xfSW5uVWZYNlRIREk5andzSDVrYkVwYndQYVNybGIyTTkyaXFxRmFlWGIxb2pOaDYxcDAxalJhQzVIQmpKYTN0VTFneDRTY1ZLRldiclJsSlYzdXNxdGs3UmZZOUZvenl4enBzTm5vNnBWQ18tc1VNTEcxOTVFSnNFY0NhUDBTQWFDR0syRU0?oc=5\" target=\"_blank\" rel=\"nofollow noopener\">Noworoczne or\u0119dzie premiera. Przyspieszenie i doci\u015bni\u0119cie \u015bruby<\/a>&nbsp;&nbsp;Business Insider Polska<\/li>\n<li><a href=\"https:\/\/news.google.com\/rss\/articles\/CBMioAFBVV95cUxOWERYZ0FIZnVqaTB2QnpubkU5QTdHLXZnbHNLVEJyVFFZNjlYOS1lOW91NXJ3ZjBVa0lpUVU5azk2YnBwZ3pad25ON0xwNG82bmJGM3YtclR5UXZMOEtCdnF1anV1RF8tVXVQVVNBOVRZenpWbkdqdU1DX19fN3RiY2lIUzBuUE1rcHE1aXhxNVhJZmpyeThrU0p4STFab3Vw?oc=5\" target=\"_blank\" rel=\"nofollow noopener\">Historyk reaguje na burz\u0119 po or\u0119dziu Tuska. &#8222;Dziwi mnie sama decyzja&#8221;<\/a>&nbsp;&nbsp;Fakt<\/li>\n<\/ol>\n","protected":false},"excerpt":{"rendered":"Ambasador USA nie kry\u0142 zachwytu nad Polsk\u0105. &#8222;Europa powinna bra\u0107 przyk\u0142ad&#8221;&nbsp;&nbsp;Onet Gor\u0105co po or\u0119dziu Donalda Tuska. Rzecznik rz\u0105du&hellip;\n","protected":false},"author":2,"featured_media":183667,"comment_status":"","ping_status":"","sticky":false,"template":"","format":"standard","meta":{"footnotes":""},"categories":[5],"tags":[32,33,200,36,37,27,34,35,28,31,53,25,52,68,51,55,42,38,40,39,41,47,1998,59,11312,29,30,65,50,26],"class_list":{"0":"post-183666","1":"post","2":"type-post","3":"status-publish","4":"format-standard","5":"has-post-thumbnail","7":"category-naglowki","8":"tag-breaking-news","9":"tag-breakingnews","10":"tag-donald_tusk_polityk","11":"tag-featured-news","12":"tag-featurednews","13":"tag-headlines","14":"tag-latest-news","15":"tag-latestnews","16":"tag-naglowki","17":"tag-najwazniejsze-artykuly","18":"tag-new_header","19":"tag-news","20":"tag-onet3","21":"tag-onet3d","22":"tag-onet3d_2i","23":"tag-phx","24":"tag-pl","25":"tag-poland","26":"tag-polish","27":"tag-polska","28":"tag-polski","29":"tag-screening_general","30":"tag-short_news","31":"tag-stany_zjednoczone_usa","32":"tag-thomas_rose_dyplomata","33":"tag-top-stories","34":"tag-topstories","35":"tag-update_me","36":"tag-v2021","37":"tag-wiadomosci"},"share_on_mastodon":{"url":"https:\/\/pubeurope.com\/@pl\/115826263603885225","error":""},"_links":{"self":[{"href":"https:\/\/www.europesays.com\/pl\/wp-json\/wp\/v2\/posts\/183666","targetHints":{"allow":["GET"]}}],"collection":[{"href":"https:\/\/www.europesays.com\/pl\/wp-json\/wp\/v2\/posts"}],"about":[{"href":"https:\/\/www.europesays.com\/pl\/wp-json\/wp\/v2\/types\/post"}],"author":[{"embeddable":true,"href":"https:\/\/www.europesays.com\/pl\/wp-json\/wp\/v2\/users\/2"}],"replies":[{"embeddable":true,"href":"https:\/\/www.europesays.com\/pl\/wp-json\/wp\/v2\/comments?post=183666"}],"version-history":[{"count":0,"href":"https:\/\/www.europesays.com\/pl\/wp-json\/wp\/v2\/posts\/183666\/revisions"}],"wp:featuredmedia":[{"embeddable":true,"href":"https:\/\/www.europesays.com\/pl\/wp-json\/wp\/v2\/media\/183667"}],"wp:attachment":[{"href":"https:\/\/www.europesays.com\/pl\/wp-json\/wp\/v2\/media?parent=183666"}],"wp:term":[{"taxonomy":"category","embeddable":true,"href":"https:\/\/www.europesays.com\/pl\/wp-json\/wp\/v2\/categories?post=183666"},{"taxonomy":"post_tag","embeddable":true,"href":"https:\/\/www.europesays.com\/pl\/wp-json\/wp\/v2\/tags?post=183666"}],"curies":[{"name":"wp","href":"https:\/\/api.w.org\/{rel}","templated":true}]}}