{"id":183694,"date":"2026-01-02T15:54:10","date_gmt":"2026-01-02T15:54:10","guid":{"rendered":"https:\/\/www.europesays.com\/pl\/183694\/"},"modified":"2026-01-02T15:54:10","modified_gmt":"2026-01-02T15:54:10","slug":"fajkowska-i-niklinska-o-burzliwej-relacji-bralysmy-sie-za-rogi","status":"publish","type":"post","link":"https:\/\/www.europesays.com\/pl\/183694\/","title":{"rendered":"Fajkowska i Nikli\u0144ska o burzliwej relacji. &#8222;Bra\u0142y\u015bmy si\u0119 za rogi&#8221;"},"content":{"rendered":"<p>Wokalistka, aktorka i&#8230; re\u017cyserka. Nikli\u0144ska staje za kamer\u0105<\/p>\n<p class=\"typography ids-typeset-body ids-typeset-body--preset-large link paragraph ids-paragraph ids-paragraph--default\">Pocz\u0105tek roku to tradycyjnie czas postanowie\u0144 i nowych otwar\u0107 &#8211; nie inaczej jest w przypadku Marii Nikli\u0144skiej. Aktorka i wokalistka zdradzi\u0142a w &#8222;halo tu polsat&#8221;, \u017ce po hucznych urodzinach (28 grudnia sko\u0144czy\u0142a bowiem 42 lata) w sylwestra postawi\u0142a na odpoczynek, by wej\u015b\u0107 w nowy rok z zupe\u0142nie now\u0105 energi\u0105. Szykuje si\u0119 bowiem do wa\u017cnego debiutu w innej roli. Jak wyzna\u0142a, aktorstwo i muzyka przesta\u0142y jej wystarcza\u0107, dlatego postanowi\u0142a spr\u00f3bowa\u0107 swoich si\u0142 po drugiej stronie kamery.<\/p>\n<p class=\"typography ids-typeset-body ids-typeset-body--preset-large link paragraph ids-paragraph ids-paragraph--default\">&#8222;Kr\u0119c\u0119 sw\u00f3j pierwszy film kr\u00f3tkometra\u017cowy. Teraz go montuj\u0119 i to jest taki naturalny krok dla mnie&#8221;, m\u00f3wi\u0142a, dodaj\u0105c, \u017ce czu\u0142a potrzeb\u0119 &#8222;dodania czego\u015b wi\u0119cej&#8221; do swojej artystycznej drogi.<\/p>\n<p class=\"typography ids-typeset-body ids-typeset-body--preset-large link paragraph ids-paragraph ids-paragraph--default\">Artystka nie chcia\u0142a zdradza\u0107 zbyt wielu szczeg\u00f3\u0142\u00f3w projektu, ale ujawni\u0142a, \u017ce scenariusz jest cz\u0119\u015bciowo inspirowany historiami rodzinnymi. To nawi\u0105zanie do relacji z mam\u0105 nie jest przypadkowe, bo jak przyzna\u0142y obie panie, ich wi\u0119\u017a zawsze by\u0142a bliska, cho\u0107 nierzadko bywa\u0142a te\u017c trudna i emocjonalna.<\/p>\n<p>&#8222;Dwa Kozioro\u017cce&#8221;. Fajkowska i Nikli\u0144ska o burzliwej relacji<\/p>\n<p class=\"typography ids-typeset-body ids-typeset-body--preset-large link paragraph ids-paragraph ids-paragraph--default\">Zar\u00f3wno Jolanta, jak i Maria s\u0105 zodiakalnymi Kozioro\u017ccami, co &#8211; jak same przyznaj\u0105 &#8211; generuje sporo iskier.<\/p>\n<p class=\"typography ids-typeset-body ids-typeset-body--preset-large link paragraph ids-paragraph ids-paragraph--default\">&#8222;Tu si\u0119 nie da spokojnie. Bra\u0142y\u015bmy si\u0119 czasami za rogi&#8221;, przyzna\u0142a szczerze Nikli\u0144ska.<\/p>\n<p class=\"typography ids-typeset-body ids-typeset-body--preset-large link paragraph ids-paragraph ids-paragraph--default\">&#8222;Lubimy mie\u0107 swoje zdanie&#8221;, doda\u0142a kr\u00f3tko Fajkowska.<\/p>\n<p class=\"typography ids-typeset-body ids-typeset-body--preset-large link paragraph ids-paragraph ids-paragraph--default\">Jednym z prze\u0142omowych moment\u00f3w w ich relacji by\u0142a decyzja Marii o wyprowadzce z domu chwil\u0119 po uzyskaniu pe\u0142noletno\u015bci. Dla jej matki by\u0142o to pocz\u0105tkowo zupe\u0142nie niezrozumia\u0142e.<\/p>\n<p class=\"typography ids-typeset-body ids-typeset-body--preset-large link paragraph ids-paragraph ids-paragraph--default\">&#8222;Dziwi\u0142am si\u0119. Gdy ma si\u0119 tak dobrze w domu, wszystko zrobione, podane, wyprane, zaopiekowane [&#8230;]. I cz\u0142owiek rezygnuje po to, \u017ceby wszystko robi\u0107 sam?&#8221;, wspomina\u0142a. Po chwili doda\u0142a jednak, \u017ce sama w czasach studenckich wybra\u0142a \u017cycie w akademiku, co nauczy\u0142o j\u0105 radzenia sobie w \u017cyciu.<\/p>\n<p class=\"typography ids-typeset-body ids-typeset-body--preset-large link paragraph ids-paragraph ids-paragraph--default\">Dziennikarka zauwa\u017cy\u0142a przy tym, \u017ce na tym w\u0142a\u015bnie polega m\u0105dre rodzicielstwo: na popychaniu we w\u0142a\u015bciwym kierunku, ale i pozwalaniu na b\u0142\u0119dy, by m\u00f3c czerpa\u0107 z nich w\u0142asn\u0105 nauk\u0119 i satysfakcj\u0119.<\/p>\n<p>Cena sukcesu. &#8222;Zastanawiam si\u0119, czy by\u0142o warto&#8221;<\/p>\n<p class=\"typography ids-typeset-body ids-typeset-body--preset-large link paragraph ids-paragraph ids-paragraph--default\">W rozmowie nie zabrak\u0142o r\u00f3wnie\u017c moment\u00f3w refleksji. Jolanta Fajkowska, kt\u00f3ra przez lata by\u0142a jedn\u0105 z twarzy telewizji i symbolem kobiety sukcesu, zdoby\u0142a si\u0119 na gorzkie wyznanie dotycz\u0105ce \u0142\u0105czenia kariery z \u017cyciem prywatnym.<\/p>\n<p class=\"typography ids-typeset-body ids-typeset-body--preset-large link paragraph ids-paragraph ids-paragraph--default\">&#8222;Bardzo du\u017co pracowa\u0142am. Dzisiaj si\u0119 zastanawiam, czy by\u0142o warto. By\u0142o zapewne z punktu widzenia samej pracy, ale ile rzeczy mnie omin\u0119\u0142o przez to, \u017ce nie by\u0142am razem z c\u00f3rk\u0105&#8221;, przyzna\u0142a z \u017calem.<\/p>\n<p class=\"typography ids-typeset-body ids-typeset-body--preset-large link paragraph ids-paragraph ids-paragraph--default\">Dzi\u015b, jako wyk\u0142adowczyni akademicka, dziennikarka stara si\u0119 przekaza\u0107 to do\u015bwiadczenie m\u0142odszemu pokoleniu.<\/p>\n<p class=\"typography ids-typeset-body ids-typeset-body--preset-large link paragraph ids-paragraph ids-paragraph--default\">&#8222;Powtarzam swoim studentom i studentkom, \u017ceby nie rezygnowali z \u017cycia rodzinnego, bo ono nie wr\u00f3ci. A praca jeszcze si\u0119 mo\u017ce wydarzy\u0107&#8221;, podkre\u015bli\u0142a stanowczo.<\/p>\n<p class=\"typography ids-typeset-body ids-typeset-body--preset-large link paragraph ids-paragraph ids-paragraph--default\">Mimo tych dylemat\u00f3w, Maria Nikli\u0144ska zaznaczy\u0142a, \u017ce mama zawsze by\u0142a dla niej wzorem nowoczesnej kobiety, kt\u00f3ra nie ba\u0142a si\u0119 walczy\u0107 o swoje marzenia. Co wi\u0119cej, to w\u0142a\u015bnie Jolanta Fajkowska pozostaje dla c\u00f3rki najwa\u017cniejsz\u0105 doradczyni\u0105 w sprawach zawodowych, r\u00f3wnie\u017c przy obecnym projekcie teatralnym Marii &#8211; spektaklu &#8222;Apetyt na czere\u015bnie&#8221;. Fajkowska, ogl\u0105daj\u0105c c\u00f3rk\u0119 na scenie, przyzna\u0142a, \u017ce widzi w tym wyst\u0119pie ducha samej Agnieszki Osieckiej, kt\u00f3r\u0105 zna\u0142a osobi\u015bcie. Tekst o kobiecych pragnieniach, t\u0119sknotach i mi\u0142o\u015bci okaza\u0142 si\u0119 dla obu pa\u0144 p\u0142aszczyzn\u0105 do mi\u0119dzypokoleniowego porozumienia.<\/p>\n<p>Masz sugestie, uwagi albo widzisz b\u0142\u0105d? Napisz do nas<\/p>\n","protected":false},"excerpt":{"rendered":"Wokalistka, aktorka i&#8230; re\u017cyserka. Nikli\u0144ska staje za kamer\u0105 Pocz\u0105tek roku to tradycyjnie czas postanowie\u0144 i nowych otwar\u0107 &#8211;&hellip;\n","protected":false},"author":2,"featured_media":183695,"comment_status":"","ping_status":"","sticky":false,"template":"","format":"standard","meta":{"footnotes":""},"categories":[5],"tags":[32,33,36,37,27,34,35,28,31,25,42,38,40,39,41,29,30,26],"class_list":{"0":"post-183694","1":"post","2":"type-post","3":"status-publish","4":"format-standard","5":"has-post-thumbnail","7":"category-naglowki","8":"tag-breaking-news","9":"tag-breakingnews","10":"tag-featured-news","11":"tag-featurednews","12":"tag-headlines","13":"tag-latest-news","14":"tag-latestnews","15":"tag-naglowki","16":"tag-najwazniejsze-artykuly","17":"tag-news","18":"tag-pl","19":"tag-poland","20":"tag-polish","21":"tag-polska","22":"tag-polski","23":"tag-top-stories","24":"tag-topstories","25":"tag-wiadomosci"},"share_on_mastodon":{"url":"https:\/\/pubeurope.com\/@pl\/115826318739898027","error":""},"_links":{"self":[{"href":"https:\/\/www.europesays.com\/pl\/wp-json\/wp\/v2\/posts\/183694","targetHints":{"allow":["GET"]}}],"collection":[{"href":"https:\/\/www.europesays.com\/pl\/wp-json\/wp\/v2\/posts"}],"about":[{"href":"https:\/\/www.europesays.com\/pl\/wp-json\/wp\/v2\/types\/post"}],"author":[{"embeddable":true,"href":"https:\/\/www.europesays.com\/pl\/wp-json\/wp\/v2\/users\/2"}],"replies":[{"embeddable":true,"href":"https:\/\/www.europesays.com\/pl\/wp-json\/wp\/v2\/comments?post=183694"}],"version-history":[{"count":0,"href":"https:\/\/www.europesays.com\/pl\/wp-json\/wp\/v2\/posts\/183694\/revisions"}],"wp:featuredmedia":[{"embeddable":true,"href":"https:\/\/www.europesays.com\/pl\/wp-json\/wp\/v2\/media\/183695"}],"wp:attachment":[{"href":"https:\/\/www.europesays.com\/pl\/wp-json\/wp\/v2\/media?parent=183694"}],"wp:term":[{"taxonomy":"category","embeddable":true,"href":"https:\/\/www.europesays.com\/pl\/wp-json\/wp\/v2\/categories?post=183694"},{"taxonomy":"post_tag","embeddable":true,"href":"https:\/\/www.europesays.com\/pl\/wp-json\/wp\/v2\/tags?post=183694"}],"curies":[{"name":"wp","href":"https:\/\/api.w.org\/{rel}","templated":true}]}}