{"id":183700,"date":"2026-01-02T15:58:10","date_gmt":"2026-01-02T15:58:10","guid":{"rendered":"https:\/\/www.europesays.com\/pl\/183700\/"},"modified":"2026-01-02T15:58:10","modified_gmt":"2026-01-02T15:58:10","slug":"miliony-polakow-oszczedzaja-w-ppk-w-aktywach-ponad-45-mld-zl","status":"publish","type":"post","link":"https:\/\/www.europesays.com\/pl\/183700\/","title":{"rendered":"Miliony Polak\u00f3w oszcz\u0119dzaj\u0105 w PPK. W aktywach ponad 45 mld z\u0142"},"content":{"rendered":"<p>Na koniec 2025 roku w\u00a0PPK oszcz\u0119dza\u0142y ponad 4\u00a0mln os\u00f3b. Dla por\u00f3wnania na koniec 2023 roku w\u00a0PPK by\u0142o 21,76 mld z\u0142 aktyw\u00f3w, a\u00a012 miesi\u0119cy temu nieco ponad 30 mld z\u0142. W\u00a02025 roku liczba uczestnik\u00f3w PPK przekroczy\u0142a 4\u00a0mln os\u00f3b, na koniec listopada 2025 roku by\u0142o ich prawie 4,1 mln os\u00f3b.<\/p>\n<p>Pierwsi pracodawcy zacz\u0119li tworzy\u0107 PPK w\u00a0drugiej po\u0142owie 2019 roku, natomiast dwa lata p\u00f3\u017aniej zako\u0144czy\u0142 si\u0119 proces tworzenia PPK. W\u00a02023 roku przeprowadzono pierwszy automatyczny zapis do PPK, a\u00a0kolejny zaplamowano na pocz\u0105tku 2027 roku. <\/p>\n<p>Zapytali\u015bmy w\u00a0Warszawie o\u00a0euro. Oto co\u00a0us\u0142yszeli\u015bmy <\/p>\n<p>Od pocz\u0105tku funkcjonowania PPK aktywa rosn\u0105, podobnie jak zwi\u0119ksza si\u0119 liczba uczestnik\u00f3w. Nied\u0142ugo dowiemy si\u0119, ile os\u00f3b naby\u0142o prawo do dop\u0142aty rocznej za 2025 rok. Dop\u0142aty trafi\u0105 na rachunki uczestnik\u00f3w PPK na prze\u0142omie marca i\u00a0kwietnia 2026 roku.<\/p>\n<p>Warto\u015b\u0107 aktyw\u00f3w netto PPK na koniec 2025 roku, zwi\u0119kszy\u0142a si\u0119, o\u00a0prawie 15 mld z\u0142 w\u00a0stosunku do ko\u0144ca 2024 roku, do kwoty 45,06 mld z\u0142. W\u00a0kolejnych latach znaczenie PPK powinno rosn\u0105\u0107, zar\u00f3wno to liczone warto\u015bci\u0105 aktyw\u00f3w, jak i\u00a0liczb\u0105 os\u00f3b oszcz\u0119dzaj\u0105cych w\u00a0tej formie. <\/p>\n<p>W\u00a02026 roku warto\u015b\u0107 aktyw\u00f3w PPK mo\u017ce przekroczy\u0107 granic\u0119 55 mld z\u0142 (a nawet zbli\u017cy\u0107 si\u0119 do 60 mld z\u0142), zak\u0142adaj\u0105c, \u017ce sytuacja na gie\u0142dzie b\u0119dzie sprzyjaj\u0105ca. Sukcesem PPK (niekoniecznie wyra\u017conym w\u00a0warto\u015bci aktyw\u00f3w czy liczbie uczestnik\u00f3w) jest r\u00f3wnie\u017c to, \u017ce wiele os\u00f3b, zw\u0142aszcza m\u0142odych, zacz\u0119\u0142o my\u015ble\u0107 o\u00a0emeryturze. W\u00a0zwi\u0105zku z\u00a0tym oszcz\u0119dzaj\u0105, nawet je\u017celi nie robi\u0105 tego w\u00a0tej formie, to zwi\u0119kszy\u0142a si\u0119 \u015bwiadomo\u015b\u0107 w\u00a0tym zakresie.<\/p>\n<p>Oskar Sobolewski, ekspert emerytalny i\u00a0rynku pracy w\u00a0HRK Payroll Consulting<\/p>\n","protected":false},"excerpt":{"rendered":"Na koniec 2025 roku w\u00a0PPK oszcz\u0119dza\u0142y ponad 4\u00a0mln os\u00f3b. Dla por\u00f3wnania na koniec 2023 roku w\u00a0PPK by\u0142o 21,76&hellip;\n","protected":false},"author":2,"featured_media":183701,"comment_status":"","ping_status":"","sticky":false,"template":"","format":"standard","meta":{"footnotes":""},"categories":[16],"tags":[113,112,42,38,40,39,41],"class_list":{"0":"post-183700","1":"post","2":"type-post","3":"status-publish","4":"format-standard","5":"has-post-thumbnail","7":"category-biznes","8":"tag-biznes","9":"tag-business","10":"tag-pl","11":"tag-poland","12":"tag-polish","13":"tag-polska","14":"tag-polski"},"share_on_mastodon":{"url":"https:\/\/pubeurope.com\/@pl\/115826334320806711","error":""},"_links":{"self":[{"href":"https:\/\/www.europesays.com\/pl\/wp-json\/wp\/v2\/posts\/183700","targetHints":{"allow":["GET"]}}],"collection":[{"href":"https:\/\/www.europesays.com\/pl\/wp-json\/wp\/v2\/posts"}],"about":[{"href":"https:\/\/www.europesays.com\/pl\/wp-json\/wp\/v2\/types\/post"}],"author":[{"embeddable":true,"href":"https:\/\/www.europesays.com\/pl\/wp-json\/wp\/v2\/users\/2"}],"replies":[{"embeddable":true,"href":"https:\/\/www.europesays.com\/pl\/wp-json\/wp\/v2\/comments?post=183700"}],"version-history":[{"count":0,"href":"https:\/\/www.europesays.com\/pl\/wp-json\/wp\/v2\/posts\/183700\/revisions"}],"wp:featuredmedia":[{"embeddable":true,"href":"https:\/\/www.europesays.com\/pl\/wp-json\/wp\/v2\/media\/183701"}],"wp:attachment":[{"href":"https:\/\/www.europesays.com\/pl\/wp-json\/wp\/v2\/media?parent=183700"}],"wp:term":[{"taxonomy":"category","embeddable":true,"href":"https:\/\/www.europesays.com\/pl\/wp-json\/wp\/v2\/categories?post=183700"},{"taxonomy":"post_tag","embeddable":true,"href":"https:\/\/www.europesays.com\/pl\/wp-json\/wp\/v2\/tags?post=183700"}],"curies":[{"name":"wp","href":"https:\/\/api.w.org\/{rel}","templated":true}]}}