{"id":183721,"date":"2026-01-02T16:10:10","date_gmt":"2026-01-02T16:10:10","guid":{"rendered":"https:\/\/www.europesays.com\/pl\/183721\/"},"modified":"2026-01-02T16:10:10","modified_gmt":"2026-01-02T16:10:10","slug":"thomas-anders-za-wystep-z-playbackiem-zgarnal-majatek-a-sting-tajemnica","status":"publish","type":"post","link":"https:\/\/www.europesays.com\/pl\/183721\/","title":{"rendered":"Thomas Anders za wyst\u0119p z playbackiem zgarn\u0105\u0142 maj\u0105tek. A Sting? &#8222;Tajemnica&#8221;"},"content":{"rendered":"<p class=\"ods-c-paragraph \">Wed\u0142ug nieoficjalnych informacji, najwy\u017csze wynagrodzenie otrzyma\u0142 <a href=\"https:\/\/plejada.pl\/newsy\/thomas-anders-na-sylwestrze-z-polsatem-w-sieci-fala-hejtu-tragedia-i-wstyd\/3mlphkw\" id=\"5444b0ee-0060-427a-9153-dd21509384b8\" rel=\"nofollow noopener\" target=\"_blank\">Thomas Anders<\/a> z zespo\u0142u Modern Talking. Za sw\u00f3j wyst\u0119p w Toruniu artysta mia\u0142 zarobi\u0107 blisko 100 tys. euro, co przek\u0142ada si\u0119 na ponad 400 tys. z\u0142. Tak wysoka kwota mo\u017ce czyni\u0107 go liderem w\u015br\u00f3d gwiazd zaproszonych na tegoroczne wydarzenia sylwestrowe. W gronie najlepiej op\u0142acanych artyst\u00f3w znalaz\u0142a si\u0119 tak\u017ce Viki Gabor.<\/p>\n<p><img decoding=\"async\" src=\"https:\/\/www.europesays.com\/pl\/wp-content\/uploads\/2026\/01\/no-k9lBaHR0cHM6Ly9vY2RuLmV1L3B1bHNjbXMvTURBXy83NjlkYTlmMDMzNTU4N2YyMzgyMDM0MzIxM2U5YTQ0YS5qcGeRlQLNA.jpeg\" height=\"529\" width=\"940\" alt=\"Viki Gabor\" loading=\"lazy\" class=\"ods-c-image__img ods-c-image__img--vertical\"\/><\/p>\n<p>Viki GaborPiotr Andrzejczak \/ MW Media<\/p>\n<p class=\"ods-c-paragraph \">M\u0142oda piosenkarka mia\u0142a liczy\u0107 na oko\u0142o 40 tys. z\u0142 za sylwestrowy koncert. W ostatnim czasie jej popularno\u015b\u0107 dodatkowo wzros\u0142a po medialnych doniesieniach o jej \u015blubie. Podobn\u0105 stawk\u0119 mieli otrzyma\u0107 S\u0142awomir \u015awierzy\u0144ski wraz z zespo\u0142em Bayer Full, kt\u00f3rzy wyst\u0105pili na koncercie w TV Republika.<\/p>\n<p>Dalszy ci\u0105g artyku\u0142u pod materia\u0142em wideo<\/p>\n<p> Ile Thomas Anders zarobi\u0142 za sw\u00f3j wyst\u0119p? <\/p>\n<p> Jakie wynagrodzenie mia\u0142a Viki Gabor? <\/p>\n<p> Ile pieni\u0119dzy m\u00f3g\u0142 otrzyma\u0107 Sting? <\/p>\n<p> Jakie zarobki mieli S\u0142awomir \u015awierzy\u0144ski i Bayer Full? <\/p>\n<p>  Ile za sylwestrowy koncert otrzyma\u0142 Sting?<\/p>\n<p class=\"ods-c-paragraph \">Du\u017co emocji wzbudza\u0142y r\u00f3wnie\u017c doniesienia o rzekomych zarobkach <a href=\"https:\/\/plejada.pl\/temat\/sting-muzyk-gordon-matthew-thomas-sumner\/pjrfs0m\" id=\"6a82ce45-2eb5-4ca1-8f96-a4066ebefb29\" rel=\"nofollow noopener\" target=\"_blank\">Stinga<\/a>, niekwestionowanie najwi\u0119kszej gwiazdy sylwestrowych koncert\u00f3w. Brytyjski muzyk wyst\u0105pi\u0142 kilkakrotnie podczas &#8222;Sylwestra z Dw\u00f3jk\u0105&#8221;, r\u00f3wnie\u017c tu\u017c po p\u00f3\u0142nocy, gdy stacja odnotowa\u0142a najwy\u017csz\u0105 ogl\u0105dalno\u015b\u0107 (ponad 4 mln widz\u00f3w). Media rozpisywa\u0142y si\u0119 o 1 mln z\u0142, kt\u00f3re za sw\u00f3j wyst\u0119p mia\u0142 zgarn\u0105\u0107 Sting. Plejada skontaktowa\u0142a si\u0119 z biurem prasowym TVP.<\/p>\n<blockquote class=\"ods-o-quota\">\n<p class=\"ods-o-quota__paragraph\">Nie podajemy takich informacji do publicznej wiadomo\u015bci. To jest tajemnica biznesowa<\/p>\n<\/blockquote>\n<p class=\"ods-c-paragraph \">\u2014 s\u0142yszymy w odpowiedzi.<\/p>\n<p class=\"ods-c-paragraph \">W sieci rozpisywano si\u0119 r\u00f3wnie\u017c na temat wynagrodze\u0144 innych gwiazd koncertu w TVP2. Margaret mia\u0142a zgarn\u0105\u0107 ok. 60 tys. z\u0142, Kayah mi\u0119dzy 80 tys. a 100 tys. z\u0142, Doda r\u00f3wnie\u017c 100 tys. z\u0142, a Maryla Rodowicz mi\u0119dzy 100 tys., a 120 tys. z\u0142.<\/p>\n<p class=\"ods-c-paragraph \">Polsat r\u00f3wnie\u017c mia\u0142 nie oszcz\u0119dza\u0107 na swoich gwiazdach. Media informuj\u0105, \u017ce Edyta G\u00f3rniak mog\u0142a liczy\u0107 na 150 tys. z\u0142 wynagrodzenia, a Zenek Martyniuk nawet 100 tys. z\u0142. Liderk\u0105 w\u015br\u00f3d polskich gwiazd mia\u0142a by\u0107 <a href=\"https:\/\/plejada.pl\/temat\/beata-kozidrak\/grrddcz\" id=\"36cd72f2-78dd-49a0-be0c-901e9d121cb9\" rel=\"nofollow noopener\" target=\"_blank\">Beata Kozidrak<\/a>, kt\u00f3ra za wyst\u0119p w Toruniu mia\u0142a dosta\u0107 a\u017c 250 tys. z\u0142.<\/p>\n<p><img decoding=\"async\" src=\"https:\/\/www.europesays.com\/pl\/wp-content\/uploads\/2026\/01\/lJQk9lGaHR0cHM6Ly9vY2RuLmV1L3B1bHNjbXMvTURBXy9iZmE0NmVkOS1jNmNiLTQ2MDQtYmY2ZS02YTIzNzQwYmJiMjIuanBlZ.jpeg\" height=\"644\" width=\"940\" alt=\"Beata Kozidrak\" loading=\"lazy\" class=\"ods-c-image__img ods-c-image__img--viewport-width\"\/><\/p>\n<p>Beata KozidrakPAP\/Agnieszka Bielecka<\/p>\n<p> <img decoding=\"async\" src=\"https:\/\/www.europesays.com\/pl\/wp-content\/uploads\/2026\/01\/gzOk9lBaHR0cHM6Ly9vY2RuLmV1L3B1bHNjbXMvTURBXy8yYTcwYTI2ZmY3MzUzNDczMTlmZmUwYTI4M2Q0YzJjMy5qcGeRlQLNB.jpeg\" height=\"627\" width=\"940\" alt=\"Maryla Rodowicz, Kayah\" loading=\"lazy\" class=\"ods-c-image__img ods-c-image__img--viewport-width\"\/><\/p>\n<p>Maryla Rodowicz, KayahPi\u0119tka Mieszko \/ AKPA<\/p>\n<p class=\"ods-c-paragraph \">Dzi\u0119kujemy, \u017ce przeczyta\u0142a\u015b\/e\u015b nasz artyku\u0142 do ko\u0144ca. W serwisie Plejada.pl ka\u017cdego dnia piszemy o najwa\u017cniejszych wydarzeniach show-biznesowych. B\u0105d\u017a na bie\u017c\u0105co! <a rel=\"nofollow noopener\" href=\"https:\/\/profile.google.com\/cp\/Cg0vZy8xMWJ6X19wdHBx\" id=\"91d3a3f1-67be-4283-89ed-d087c619f662\" target=\"_blank\">Obserwuj<\/a> Plejad\u0119 w Google. Odwied\u017a nas tak\u017ce na <a rel=\"nofollow noopener\" href=\"https:\/\/www.facebook.com\/plejadapl\" id=\"063835dd-697e-4a69-917e-742637c5ee4c\" target=\"_blank\">Facebooku<\/a>, <a rel=\"nofollow noopener\" href=\"https:\/\/www.instagram.com\/plejadapl\/\" id=\"ec73511e-1a5c-40e2-b3c2-b4154dd016c8\" target=\"_blank\">Instagramie<\/a>, <a rel=\"nofollow noopener\" href=\"https:\/\/www.youtube.com\/c\/plejada\" id=\"3149d7f0-e726-4f47-a515-68600294f44f\" target=\"_blank\">YouTubie<\/a> oraz <a rel=\"nofollow noopener\" href=\"https:\/\/www.tiktok.com\/@plejada_pl\" id=\"b24772b5-d518-40f8-8cd6-828dda6e672d\" target=\"_blank\">TikToku<\/a>.<\/p>\n<p class=\"ods-c-paragraph \">Chcesz podzieli\u0107 si\u0119 ciekawym newsem lub zaproponowa\u0107 temat? Skontaktuj si\u0119 z nami, pisz\u0105c maila na adres: <a rel=\"nofollow noopener\" href=\"https:\/\/plejada.pl\/newsy\/thomas-anders-za-wystep-z-playbackiem-zgarnal-majatek-a-sting-tajemnica\/mailto:plejada@redakcjaonet.pl\" id=\"b907afdf-3e9e-4c53-b39d-a9432673ec4d\" target=\"_blank\">plejada@redakcjaon<\/a><a href=\"https:\/\/et.pl\" id=\"82f283e3-2c73-460d-bf43-2844c2ab63a1\" rel=\"nofollow noopener\" target=\"_blank\">et.pl<\/a>.<\/p>\n<p><script async src=\"\/\/www.instagram.com\/embed.js\"><\/script><script async src=\"\/\/www.tiktok.com\/embed.js\"><\/script><\/p>\n","protected":false},"excerpt":{"rendered":"Wed\u0142ug nieoficjalnych informacji, najwy\u017csze wynagrodzenie otrzyma\u0142 Thomas Anders z zespo\u0142u Modern Talking. Za sw\u00f3j wyst\u0119p w Toruniu artysta&hellip;\n","protected":false},"author":2,"featured_media":183722,"comment_status":"","ping_status":"","sticky":false,"template":"","format":"standard","meta":{"footnotes":""},"categories":[22],"tags":[122,48,125,46,42,38,40,39,41,123,47,36065,35249,35477,338,2027],"class_list":{"0":"post-183721","1":"post","2":"type-post","3":"status-publish","4":"format-standard","5":"has-post-thumbnail","7":"category-rozrywka","8":"tag-entertainment","9":"tag-nat_styl","10":"tag-newsy","11":"tag-omp","12":"tag-pl","13":"tag-poland","14":"tag-polish","15":"tag-polska","16":"tag-polski","17":"tag-rozrywka","18":"tag-screening_general","19":"tag-slawomir_swierzynski","20":"tag-sting_muzyk","21":"tag-thomas_anders","22":"tag-tylko_w_plejadzie","23":"tag-viki_gabor"},"share_on_mastodon":{"url":"https:\/\/pubeurope.com\/@pl\/115826381530043406","error":""},"_links":{"self":[{"href":"https:\/\/www.europesays.com\/pl\/wp-json\/wp\/v2\/posts\/183721","targetHints":{"allow":["GET"]}}],"collection":[{"href":"https:\/\/www.europesays.com\/pl\/wp-json\/wp\/v2\/posts"}],"about":[{"href":"https:\/\/www.europesays.com\/pl\/wp-json\/wp\/v2\/types\/post"}],"author":[{"embeddable":true,"href":"https:\/\/www.europesays.com\/pl\/wp-json\/wp\/v2\/users\/2"}],"replies":[{"embeddable":true,"href":"https:\/\/www.europesays.com\/pl\/wp-json\/wp\/v2\/comments?post=183721"}],"version-history":[{"count":0,"href":"https:\/\/www.europesays.com\/pl\/wp-json\/wp\/v2\/posts\/183721\/revisions"}],"wp:featuredmedia":[{"embeddable":true,"href":"https:\/\/www.europesays.com\/pl\/wp-json\/wp\/v2\/media\/183722"}],"wp:attachment":[{"href":"https:\/\/www.europesays.com\/pl\/wp-json\/wp\/v2\/media?parent=183721"}],"wp:term":[{"taxonomy":"category","embeddable":true,"href":"https:\/\/www.europesays.com\/pl\/wp-json\/wp\/v2\/categories?post=183721"},{"taxonomy":"post_tag","embeddable":true,"href":"https:\/\/www.europesays.com\/pl\/wp-json\/wp\/v2\/tags?post=183721"}],"curies":[{"name":"wp","href":"https:\/\/api.w.org\/{rel}","templated":true}]}}