{"id":183737,"date":"2026-01-02T16:20:10","date_gmt":"2026-01-02T16:20:10","guid":{"rendered":"https:\/\/www.europesays.com\/pl\/183737\/"},"modified":"2026-01-02T16:20:10","modified_gmt":"2026-01-02T16:20:10","slug":"prawie-20c-w-wigilie-rekord-ciepla-na-biegunie-zimna","status":"publish","type":"post","link":"https:\/\/www.europesays.com\/pl\/183737\/","title":{"rendered":"Prawie 20\u00b0C w Wigili\u0119. Rekord ciep\u0142a na biegunie zimna"},"content":{"rendered":"<p class=\"typography ids-typeset-body ids-typeset-body--preset-large link paragraph ids-paragraph ids-paragraph--default\">W Wigili\u0119 Bo\u017cego Narodzenia termometry w Islandii pokaza\u0142y warto\u015bci bli\u017csze wiosennemu popo\u0142udniu ni\u017c zimowej nocy polarnej. W miejscowo\u015bci Sey\u00f0isfj\u00f6r\u00f0ur, po\u0142o\u017conej we wschodniej cz\u0119\u015bci kraju, zanotowano 19,8\u00b0C, co stanowi najwy\u017csz\u0105 temperatur\u0119 odnotowan\u0105 kiedykolwiek 24 grudnia. Dla por\u00f3wnania, \u015brednie temperatury grudniowe na Islandii mieszcz\u0105 si\u0119 zwykle w przedziale od minus 1 do 4\u00b0C.<\/p>\n<p>Rekord ciep\u0142a w \u015bwi\u0119ta na Islandii<\/p>\n<p class=\"typography ids-typeset-body ids-typeset-body--preset-large link paragraph ids-paragraph ids-paragraph--default\">To nie by\u0142 odosobniony epizod. Tego samego dnia w Bakkager\u00f0i, w regionie Borgarfj\u00f6r\u00f0ur Eystri, termometry wskaza\u0142y 19,7\u00b0C. Poprzedni rekord dla grudnia pad\u0142 2 grudnia 2019 r., kiedy w Kv\u00edskerjar w po\u0142udniowo-wschodniej Islandii zmierzono identyczn\u0105 warto\u015b\u0107.<\/p>\n<p class=\"typography ids-typeset-body ids-typeset-body--preset-large link paragraph ids-paragraph ids-paragraph--default\">Wed\u0142ug Icelandic Meteorological Office rekordowe temperatury by\u0142y efektem szczeg\u00f3lnej konfiguracji atmosferycznej. Nad krajem znalaz\u0142o si\u0119 ciep\u0142e i wilgotne powietrze o pochodzeniu tropikalnym, nap\u0142ywaj\u0105ce z po\u0142udnia. Silny uk\u0142ad wysokiego ci\u015bnienia dzia\u0142a\u0142 jak blokada, uniemo\u017cliwiaj\u0105c nap\u0142yw ch\u0142odniejszych mas powietrza z p\u00f3\u0142nocy.<\/p>\n<p class=\"typography ids-typeset-body ids-typeset-body--preset-large link paragraph ids-paragraph ids-paragraph--default\">Islandzcy meteorolodzy podkre\u015blaj\u0105 jednak, \u017ce cho\u0107 bezpo\u015bredni\u0105 przyczyn\u0105 by\u0142 uk\u0142ad baryczny, to coraz cz\u0119stsze i silniejsze epizody ciep\u0142a wpisuj\u0105 si\u0119 w szerszy kontekst zmian klimatu. Wyspa od lat do\u015bwiadcza trendu wzrostowego temperatur, zgodnego z obserwacjami dla ca\u0142ego regionu arktycznego.<\/p>\n<p>Rekordowo ciep\u0142y rok i nietypowe zjawiska<\/p>\n<p class=\"typography ids-typeset-body ids-typeset-body--preset-large link paragraph ids-paragraph ids-paragraph--default\">W 2025 r. Islandia ju\u017c wcze\u015bniej znalaz\u0142a si\u0119 w centrum uwagi klimatolog\u00f3w. W maju fale upa\u0142\u00f3w obj\u0119\u0142y niemal ca\u0142y kraj, a temperatury by\u0142y o 3-4\u00b0C wy\u017csze od wieloletnich norm. Rekordy pad\u0142y na 94 proc. automatycznych stacji meteorologicznych, kt\u00f3re dzia\u0142aj\u0105 co najmniej od 20 lat. Najwy\u017csz\u0105 temperatur\u0119 zanotowano 15 maja na lotnisku w Egilssta\u00f0ir we wschodniej Islandii, gdzie termometry pokaza\u0142y 26,6\u00b0C.<\/p>\n<p class=\"typography ids-typeset-body ids-typeset-body--preset-large link paragraph ids-paragraph ids-paragraph--default\">Zmiany klimatyczne zaczynaj\u0105 by\u0107 widoczne tak\u017ce w ekosystemach. W 2025 r. po raz pierwszy potwierdzono obecno\u015b\u0107 komar\u00f3w na Islandii.\u00a0Do tej pory by\u0142a ona jednym z dw\u00f3ch miejsc na \u015bwiecie, obok Antarktydy, gdzie te owady nie wyst\u0119powa\u0142y naturalnie. Ocieplenie sprawia, \u017ce warunki staj\u0105 si\u0119 dla nich coraz bardziej sprzyjaj\u0105ce.<\/p>\n<p>Arktyka ociepla si\u0119 najszybciej<\/p>\n<p class=\"typography ids-typeset-body ids-typeset-body--preset-large link paragraph ids-paragraph ids-paragraph--default\">Badania pokazuj\u0105, \u017ce Arktyka, z kt\u00f3r\u0105 graniczy Islandia, nagrzewa si\u0119 oko\u0142o cztery razy szybciej ni\u017c reszta planety. Islandia, le\u017c\u0105ca na styku wp\u0142yw\u00f3w arktycznych i atlantyckich, jest szczeg\u00f3lnie wra\u017cliwa na te zmiany. W ostatnich latach obserwuje si\u0119 tam przyspieszone topnienie lodowc\u00f3w, ich cz\u0119\u015bciowe zapadanie si\u0119 oraz zmiany w faunie morskiej. W islandzkich wodach coraz cz\u0119\u015bciej pojawiaj\u0105 si\u0119 gatunki ryb typowe dla cieplejszych, po\u0142udniowych akwen\u00f3w, takie jak makrela.<\/p>\n<p class=\"typography ids-typeset-body ids-typeset-body--preset-large link paragraph ids-paragraph ids-paragraph--default\">Rekordowa temperatura w Wigili\u0119 nie jest wi\u0119c jedynie meteorologiczn\u0105 ciekawostk\u0105. To kolejny sygna\u0142, \u017ce zmiany klimatu coraz wyra\u017aniej wp\u0142ywaj\u0105 tak\u017ce na regiony, kt\u00f3re jeszcze niedawno kojarzy\u0142y si\u0119 z trwa\u0142ym ch\u0142odem i stabilno\u015bci\u0105 zimowego klimatu. Islandzka anomalia wpisuje si\u0119 w globalny obraz ocieplaj\u0105cej si\u0119 planety, w kt\u00f3rym granice mi\u0119dzy porami roku staj\u0105 si\u0119 coraz mniej wyra\u017ane.<\/p>\n<p>Wiosna w styczniu. Pogoda w Polsce zwariowa\u0142aPolsat News<\/p>\n<p><a class=\"ids-undecorated-link source ids-page-info--source__link\" href=\"https:\/\/www.interia.pl\" rel=\"nofollow noopener\" target=\"_blank\"><img decoding=\"async\" class=\"ids-image-holder__img\" loading=\"lazy\" alt=\"\" title=\"\" height=\"24px\" src=\"https:\/\/www.europesays.com\/pl\/wp-content\/uploads\/2026\/01\/1767307150_118_0009A60QQ5I2TYF7-C202-F4.webp.webp\"\/><\/a><\/p>\n<p>Masz sugestie, uwagi albo widzisz b\u0142\u0105d? Napisz do nas<\/p>\n","protected":false},"excerpt":{"rendered":"W Wigili\u0119 Bo\u017cego Narodzenia termometry w Islandii pokaza\u0142y warto\u015bci bli\u017csze wiosennemu popo\u0142udniu ni\u017c zimowej nocy polarnej. W miejscowo\u015bci&hellip;\n","protected":false},"author":2,"featured_media":183738,"comment_status":"","ping_status":"","sticky":false,"template":"","format":"standard","meta":{"footnotes":""},"categories":[14],"tags":[32,33,27,34,35,28,31,25,40,41,80,29,30,26,82,83,84],"class_list":{"0":"post-183737","1":"post","2":"type-post","3":"status-publish","4":"format-standard","5":"has-post-thumbnail","7":"category-swiat","8":"tag-breaking-news","9":"tag-breakingnews","10":"tag-headlines","11":"tag-latest-news","12":"tag-latestnews","13":"tag-naglowki","14":"tag-najwazniejsze-artykuly","15":"tag-news","16":"tag-polish","17":"tag-polski","18":"tag-swiat","19":"tag-top-stories","20":"tag-topstories","21":"tag-wiadomosci","22":"tag-world","23":"tag-world-news","24":"tag-worldnews"},"share_on_mastodon":{"url":"https:\/\/pubeurope.com\/@pl\/115826421040596612","error":""},"_links":{"self":[{"href":"https:\/\/www.europesays.com\/pl\/wp-json\/wp\/v2\/posts\/183737","targetHints":{"allow":["GET"]}}],"collection":[{"href":"https:\/\/www.europesays.com\/pl\/wp-json\/wp\/v2\/posts"}],"about":[{"href":"https:\/\/www.europesays.com\/pl\/wp-json\/wp\/v2\/types\/post"}],"author":[{"embeddable":true,"href":"https:\/\/www.europesays.com\/pl\/wp-json\/wp\/v2\/users\/2"}],"replies":[{"embeddable":true,"href":"https:\/\/www.europesays.com\/pl\/wp-json\/wp\/v2\/comments?post=183737"}],"version-history":[{"count":0,"href":"https:\/\/www.europesays.com\/pl\/wp-json\/wp\/v2\/posts\/183737\/revisions"}],"wp:featuredmedia":[{"embeddable":true,"href":"https:\/\/www.europesays.com\/pl\/wp-json\/wp\/v2\/media\/183738"}],"wp:attachment":[{"href":"https:\/\/www.europesays.com\/pl\/wp-json\/wp\/v2\/media?parent=183737"}],"wp:term":[{"taxonomy":"category","embeddable":true,"href":"https:\/\/www.europesays.com\/pl\/wp-json\/wp\/v2\/categories?post=183737"},{"taxonomy":"post_tag","embeddable":true,"href":"https:\/\/www.europesays.com\/pl\/wp-json\/wp\/v2\/tags?post=183737"}],"curies":[{"name":"wp","href":"https:\/\/api.w.org\/{rel}","templated":true}]}}