{"id":183747,"date":"2026-01-02T16:26:10","date_gmt":"2026-01-02T16:26:10","guid":{"rendered":"https:\/\/www.europesays.com\/pl\/183747\/"},"modified":"2026-01-02T16:26:10","modified_gmt":"2026-01-02T16:26:10","slug":"europa-daleko-w-tyle-za-chinami-prognoza-na-2026-rok","status":"publish","type":"post","link":"https:\/\/www.europesays.com\/pl\/183747\/","title":{"rendered":"Europa daleko w tyle za Chinami. Prognoza na 2026 rok"},"content":{"rendered":"<p class=\"typography ids-typeset-body ids-typeset-body--preset-large link paragraph ids-paragraph ids-paragraph--default\">&#8222;Spodziewamy si\u0119\u00a0solidnego globalnego wzrostu w wysoko\u015bci 2,8 proc. w 2026 r., w por\u00f3wnaniu do konsensusu prognoz na poziomie 2,5 proc. USA osi\u0105gn\u0105 prawdopodobnie istotnie lepszy wynik (2,6 proc. vs. 2,0 proc.), ze wzgl\u0119du na redukcj\u0119 obci\u0105\u017ce\u0144 celnych, obni\u017cki podatk\u00f3w i \u0142atwiejszym warunkom finansowym&#8221; &#8211; wskaza\u0142 Goldman Sachs.<\/p>\n<p class=\"typography ids-typeset-body ids-typeset-body--preset-large link paragraph ids-paragraph ids-paragraph--default\">Jak dodano w raporcie, ekonomi\u015bci banku spodziewaj\u0105 si\u0119 te\u017c, \u017ce chi\u0144ska gospodarka uro\u015bnie w br. o 4,8 proc. (w por\u00f3wnaniu z konsensusem na poziomie 4,5 proc.) z powodu przewagi silnego eksportu nad s\u0142abym popytem w Chinach.<\/p>\n<p>Europa w tyle za Chinami<\/p>\n<p class=\"typography ids-typeset-body ids-typeset-body--preset-large link paragraph ids-paragraph ids-paragraph--default\">Zdaniem ekonomist\u00f3w Goldman Sachsa s\u0142abiej poradzi sobie jednak europejska gospodarka, kt\u00f3rej wzrost bank prognozuje obecnie na 1,3 proc. (w por\u00f3wnaniu do 1,1, proc. konsensusu). Prognoza ta jest &#8222;do\u015b\u0107 optymistyczna&#8221; ze wzgl\u0119du na\u00a0bod\u017ace fiskalne w Niemczech i silny wzrost w Hiszpanii &#8211; przekazano w raporcie.<\/p>\n<p class=\"typography ids-typeset-body ids-typeset-body--preset-large link paragraph ids-paragraph ids-paragraph--default\">Goldman Sachs zwr\u00f3ci\u0142 te\u017c uwag\u0119, \u017ce w 2025 r. globalny wzrost gospodarczy r\u00f3wnie\u017c si\u0119gn\u0105\u0142 2,8 proc., ale &#8222;jego struktura by\u0142a zupe\u0142nie inna&#8221;. Doda\u0142, \u017ce <a href=\"https:\/\/biznes.interia.pl\/gospodarka\/news-pekin-uderza-w-bruksele-odwet-za-cla-na-chinskie-elektryki,nId,22502198\" target=\"_self\" rel=\"nofollow noopener\">Chiny\u00a0<\/a>odnotowa\u0142y wzrost o szacunkowo 5 proc., bo ich &#8211; oparta na eksporcie &#8211; gospodarka &#8222;okaza\u0142a si\u0119 wystarczaj\u0105co odporna, aby przetrwa\u0107 wojn\u0119 handlow\u0105&#8221;, USA o 2,1 proc, a Europa o 1,5 proc.<\/p>\n<p class=\"typography ids-typeset-body ids-typeset-body--preset-large link paragraph ids-paragraph ids-paragraph--default\">Zgodnie z prognozami ameryka\u0144skiego banku, w wi\u0119kszo\u015bci gospodarek \u015bwiata pod koniec 2026 r. inflacja powinna oscylowa\u0107 wok\u00f3\u0142 wyznaczonych cel\u00f3w inflacyjnych.\u00a0W USA oraz Wielkiej Brytanii Goldman Sachs spodziewa si\u0119 spadku inflacji bazowej z ok. 3 proc. obecnie do nieca\u0142ych 2 proc.\u00a0Wynika to m.in. ze zmniejszenia wp\u0142ywu ce\u0142 i cen regulowanych.<\/p>\n<p>Co ze stopami procentowymi w USA?<\/p>\n<p class=\"typography ids-typeset-body ids-typeset-body--preset-large link paragraph ids-paragraph ids-paragraph--default\">Goldman Sachs oczekuje te\u017c, \u017ce Fed (ameryka\u0144ski bank centralny &#8211; red.) obni\u017cy stopy procentowe w 2026 r.\u00a0o prawdopodobnie 50 punkt\u00f3w bazowych do poziomu 3-3,25 proc. Ekonomi\u015bci prognozuj\u0105 te\u017c obni\u017cki st\u00f3p w Wielkiej Brytanii (o 75 pb) oraz na wielu rynkach wschodz\u0105cych &#8211; zw\u0142aszcza w Brazylii, Europie \u015arodkowo-Wschodniej, na Bliskim Wschodzie i w Afryce.<\/p>\n<p class=\"typography ids-typeset-body ids-typeset-body--preset-large link paragraph ids-paragraph ids-paragraph--default\">S\u0142absze s\u0105 jednak prognozy banku dla rynku pracy. &#8222;Trwaj\u0105cy wzrost produktywno\u015bci podnosi poprzeczk\u0119 dla wzrostu PKB niezb\u0119dnego do tworzenia miejsc pracy. Ta rozbie\u017cno\u015b\u0107 jest szczeg\u00f3lnie widoczna w Stanach Zjednoczonych, gdzie\u00a0stopa bezrobocia utrzymuje si\u0119 na wysokim poziomie pomimo solidnego wzrostu PKB&#8221; &#8211; napisa\u0142 bank.<\/p>\n<p>Zmiany podatkowe &#8211; co nas czeka w nowym roku?Polsat News<\/p>\n","protected":false},"excerpt":{"rendered":"&#8222;Spodziewamy si\u0119\u00a0solidnego globalnego wzrostu w wysoko\u015bci 2,8 proc. w 2026 r., w por\u00f3wnaniu do konsensusu prognoz na poziomie&hellip;\n","protected":false},"author":2,"featured_media":183748,"comment_status":"","ping_status":"","sticky":false,"template":"","format":"standard","meta":{"footnotes":""},"categories":[16],"tags":[113,112,42,38,40,39,41],"class_list":{"0":"post-183747","1":"post","2":"type-post","3":"status-publish","4":"format-standard","5":"has-post-thumbnail","7":"category-biznes","8":"tag-biznes","9":"tag-business","10":"tag-pl","11":"tag-poland","12":"tag-polish","13":"tag-polska","14":"tag-polski"},"share_on_mastodon":{"url":"https:\/\/pubeurope.com\/@pl\/115826444467382800","error":""},"_links":{"self":[{"href":"https:\/\/www.europesays.com\/pl\/wp-json\/wp\/v2\/posts\/183747","targetHints":{"allow":["GET"]}}],"collection":[{"href":"https:\/\/www.europesays.com\/pl\/wp-json\/wp\/v2\/posts"}],"about":[{"href":"https:\/\/www.europesays.com\/pl\/wp-json\/wp\/v2\/types\/post"}],"author":[{"embeddable":true,"href":"https:\/\/www.europesays.com\/pl\/wp-json\/wp\/v2\/users\/2"}],"replies":[{"embeddable":true,"href":"https:\/\/www.europesays.com\/pl\/wp-json\/wp\/v2\/comments?post=183747"}],"version-history":[{"count":0,"href":"https:\/\/www.europesays.com\/pl\/wp-json\/wp\/v2\/posts\/183747\/revisions"}],"wp:featuredmedia":[{"embeddable":true,"href":"https:\/\/www.europesays.com\/pl\/wp-json\/wp\/v2\/media\/183748"}],"wp:attachment":[{"href":"https:\/\/www.europesays.com\/pl\/wp-json\/wp\/v2\/media?parent=183747"}],"wp:term":[{"taxonomy":"category","embeddable":true,"href":"https:\/\/www.europesays.com\/pl\/wp-json\/wp\/v2\/categories?post=183747"},{"taxonomy":"post_tag","embeddable":true,"href":"https:\/\/www.europesays.com\/pl\/wp-json\/wp\/v2\/tags?post=183747"}],"curies":[{"name":"wp","href":"https:\/\/api.w.org\/{rel}","templated":true}]}}