{"id":183762,"date":"2026-01-02T16:35:12","date_gmt":"2026-01-02T16:35:12","guid":{"rendered":"https:\/\/www.europesays.com\/pl\/183762\/"},"modified":"2026-01-02T16:35:12","modified_gmt":"2026-01-02T16:35:12","slug":"mlawa-polskim-biegunem-zimna-51-cm-sniegu-a-bedzie-jeszcze-wiecej","status":"publish","type":"post","link":"https:\/\/www.europesays.com\/pl\/183762\/","title":{"rendered":"M\u0142awa polskim biegunem zimna. 51 cm \u015bniegu, a b\u0119dzie jeszcze wi\u0119cej"},"content":{"rendered":"<p>Rekordy na\u00a0nizinach <\/p>\n<p>Najnowsze dost\u0119pne dane ze stacji synoptycznych (z godziny 7.00\u00a0rano w\u00a0pi\u0105tek, 2\u00a0stycznia) pokazuj\u0105 niesamowit\u0105 anomali\u0119. &#8222;Liderem \u015bnie\u017cnego rankingu&#8221; nie s\u0105 g\u00f3ry, lecz p\u00f3\u0142nocne Mazowsze.<\/p>\n<p>W M\u0142awie stacja zanotowa\u0142a absolutny rekord tego ataku zimy &#8211;\u00a0le\u017cy tam 51 cm \u015bniegu.<\/p>\n<p>Sylwester w\u00a0Che\u0142mie. Tak wygl\u0105da scena. Kosztowa\u0142a podatnik\u00f3w 2\u00a0mln <\/p>\n<p>Olsztyn, stolica Warmii i\u00a0Mazur, r\u00f3wnie\u017c jest zasypana &#8211;\u00a0pokrywa wynosi 43 cm. W\u00a0Warszawie zmierzono 22 cm, a w\u00a0Jeleniej G\u00f3rze &#8222;zaledwie&#8221; 28 cm.<\/p>\n<p> <img role=\"presentation\" class=\"absolute left-1\/2 top-1\/2 max-h-[80%] max-w-[100px] -translate-x-1\/2 -translate-y-1\/2\" src=\"https:\/\/v.wpimg.pl\/ZXJfd3AudTkrBBIAbg54LGhcRlAxHQUrPgJGH2MAeGJoSQ1eIBI_K2UHAEVuBTY5KQMMXC0RPyoVERQdMgM9ejc\" loading=\"lazy\" decoding=\"async\"\/> <\/p>\n<p>Dla por\u00f3wnania, w\u00a0Zakopanem le\u017cy 45 cm \u015bniegu (mniej ni\u017c w\u00a0M\u0142awie).<\/p>\n<p>Sprawd\u017a prognoz\u0119 pogody dla swojego regionu na <a href=\"https:\/\/pogoda.wp.pl\/\" rel=\"noopener noreferrer nofollow\" target=\"_blank\">POGODA.WP.PL<\/a><\/p>\n<p>     <img decoding=\"async\" src=\"https:\/\/www.europesays.com\/pl\/wp-content\/uploads\/2026\/01\/MzRmNjExYhszDzhZagNvDnBXbAMsWmFYJ090SGobYkJiXTZSdUhiHDsBKxggCCJUNR87GiQPPVQiAWELNRFiDGNCKgM2CCEbK0Ir.jpeg\" width=\"800\" height=\"800\" loading=\"lazy\" class=\"wp-media-image\" alt=\"Grubo\u015b\u0107 pokrywy \u015bnie\u017cnej.\" data-lightbox=\"true\"\/> Grubo\u015b\u0107 pokrywy \u015bnie\u017cnej \u00a9 IMGW | IMGW <img role=\"presentation\" class=\"absolute left-1\/2 top-1\/2 max-h-[80%] max-w-[100px] -translate-x-1\/2 -translate-y-1\/2\" src=\"https:\/\/v.wpimg.pl\/ZXJfd3AudTkrBBIAbg54LGhcRlAxHQUrPgJGH2MAeGJoSQ1eIBI_K2UHAEVuBTY5KQMMXC0RPyoVERQdMgM9ejc\" loading=\"lazy\" decoding=\"async\"\/><\/p>\n<p>&#8222;\u015anie\u017cna autostrada&#8221; wieczorem  <\/p>\n<p>Polska jest wyra\u017anie podzielona. Podczas gdy wsch\u00f3d <a href=\"https:\/\/wiadomosci.wp.pl\/zawieje-i-zamiecie-sniezne-imgw-wydalo-ostrzezenia-7239074480876032a\" rel=\"noopener noreferrer nofollow\" target=\"_blank\">walczy z\u00a0zaspami<\/a>, zach\u00f3d (Szczecin, Zielona G\u00f3ra, Wroc\u0142aw) o\u00a0poranku notowa\u0142 jedynie \u015bladowe ilo\u015bci \u015bniegu lub go\u0142y grunt.<\/p>\n<p>Jednak spok\u00f3j na zachodzie jest pozorny. Analiza map opadowych wskazuje, \u017ce najtrudniejsza sytuacja czeka nas pi\u0105tkowego wieczora. Front u\u0142o\u017cy si\u0119 w\u00a0szeroki, zwarty pas biegn\u0105cy przez sam \u015brodek kraju.<\/p>\n<p>Intensywne opady rozci\u0105gn\u0105 si\u0119 od Gorzowa i\u00a0Poznania, przez Bydgoszcz i\u00a0Konin, a\u017c po \u0141\u00f3d\u017a i\u00a0Warszaw\u0119. Mapa pokazuje w\u00a0tym pasie ciemniejszy odcie\u0144 b\u0142\u0119kitu, co oznacza opad rz\u0119du 1.0 &#8211;\u00a02.0 mm\/h. W\u00a0praktyce przek\u0142ada si\u0119 to na przyrost pokrywy o\u00a0ok. 2\u00a0cm na godzin\u0119. <\/p>\n<p> <img role=\"presentation\" class=\"absolute left-1\/2 top-1\/2 max-h-[80%] max-w-[100px] -translate-x-1\/2 -translate-y-1\/2\" src=\"https:\/\/v.wpimg.pl\/ZXJfd3AudTkrBBIAbg54LGhcRlAxHQUrPgJGH2MAeGJoSQ1eIBI_K2UHAEVuBTY5KQMMXC0RPyoVERQdMgM9ejc\" loading=\"lazy\" decoding=\"async\"\/> <\/p>\n<p>Drogi w\u00a0tym pasie (w tym autostrada A2) b\u0119d\u0105 b\u0142yskawicznie zasypywane. Miejscowo\u015bci takie jak M\u0142awa, kt\u00f3re ju\u017c maj\u0105 50 cm \u015bniegu, <a href=\"https:\/\/wiadomosci.wp.pl\/sniezyca-uderzyla-ponownie-paraliz-na-polnocy-7238853599562720a\" rel=\"noopener noreferrer nofollow\" target=\"_blank\">przyjm\u0105 kolejn\u0105 porcj\u0119 opad\u00f3w<\/a>. Po\u0142udnie Polski (Krak\u00f3w, Katowice) wieczorem powinno by\u0107 wolne od intensywnych zjawisk.<\/p>\n<p> <a href=\"https:\/\/wiadomosci.wp.pl\/tysiace-osob-bez-pradu-na-warmii-i-mazurach-7239025433058272a\" class=\"teaser-inline\" rel=\"nofollow noopener\" target=\"_blank\">  <img decoding=\"async\" src=\"https:\/\/www.europesays.com\/pl\/wp-content\/uploads\/2026\/01\/MjE1NjBhYgskUzhZbRNvHmcLbAMrSmFIMBN0SG1Zf1J1SWEMKwQoGCBBIUQlGjgaJEY-RDIEYgs1WGEcc0cpAzZBIgs7RygHJ1Qq.jpeg\" width=\"0\" height=\"0\" loading=\"lazy\" class=\"wp-media-image cropped\" alt=\"2,5 tys. odbiorc\u00f3w bez pr\u0105du. Trudne warunki na Warmii i Mazurach\"\/><\/p>\n<p>2,5 tys. odbiorc\u00f3w bez pr\u0105du. Trudne warunki na Warmii i Mazurach<\/p>\n<p><\/a><\/p>\n<p>Bia\u0142y krajobraz w\u00a0ca\u0142ym kraju <\/p>\n<p>W nocy z\u00a0pi\u0105tku na sobot\u0119 strefa opad\u00f3w &#8222;rozleje&#8221; si\u0119 na jeszcze wi\u0119kszy obszar, docieraj\u0105c tam, gdzie dot\u0105d \u015bniegu brakowa\u0142o. Pr\u00f3szy\u0107 b\u0119dzie niemal w\u00a0ca\u0142ej Polsce &#8211;\u00a0od Gda\u0144ska po Krak\u00f3w i\u00a0od granicy niemieckiej po wschodni\u0105.<\/p>\n<p> <img role=\"presentation\" class=\"absolute left-1\/2 top-1\/2 max-h-[80%] max-w-[100px] -translate-x-1\/2 -translate-y-1\/2\" src=\"https:\/\/v.wpimg.pl\/ZXJfd3AudTkrBBIAbg54LGhcRlAxHQUrPgJGH2MAeGJoSQ1eIBI_K2UHAEVuBTY5KQMMXC0RPyoVERQdMgM9ejc\" loading=\"lazy\" decoding=\"async\"\/> <\/p>\n<p>B\u0119dzie to opad o\u00a0mniejszym nat\u0119\u017ceniu ni\u017c w\u00a0pi\u0105tek wieczorem (poni\u017cej 1\u00a0cm\/h), ale o\u00a0charakterze powszechnym. Kierowcy wyruszaj\u0105cy w\u00a0sobot\u0119 rano w\u00a0tras\u0119 musz\u0105 liczy\u0107 si\u0119 z\u00a0tym, \u017ce drogi w\u00a0ca\u0142ym kraju mog\u0105 by\u0107 zabielone i\u00a0\u015bliskie.<\/p>\n<p> <a href=\"https:\/\/wiadomosci.wp.pl\/zabojcze-warunki-w-gorach-ostrzezenia-plyna-z-tatr-i-beskidow-7238352563341824a\" class=\"teaser-inline\" rel=\"nofollow noopener\" target=\"_blank\">  <img decoding=\"async\" src=\"https:\/\/www.europesays.com\/pl\/wp-content\/uploads\/2026\/01\/MWQ3NjBlYjYwUThZbRdvI3MJbAMrTmF1JBF0SG1df29hS2EMKwAoJTRDIUQlHjgnMEQ-RDIAYjYhWmEcc0MpPiJDIgs7Qyg6M1Yq.jpeg\" width=\"0\" height=\"0\" loading=\"lazy\" class=\"wp-media-image cropped\" alt=\"Zab\u00f3jcze warunki w g\u00f3rach. Ostrze\u017cenia p\u0142yn\u0105 z Tatr i Beskid\u00f3w\"\/><\/p>\n<p>Zab\u00f3jcze warunki w g\u00f3rach. Ostrze\u017cenia p\u0142yn\u0105 z Tatr i Beskid\u00f3w<\/p>\n<p><\/a> <\/p>\n<p>Mieszka\u0144cy pasa od Wielkopolski po Mazowsze musz\u0105 przygotowa\u0107 si\u0119 na bardzo trudne popo\u0142udnie i\u00a0wiecz\u00f3r. Tam, gdzie rano zmierzono ju\u017c p\u00f3\u0142 metra \u015bniegu, do soboty ta warstwa jeszcze wzro\u015bnie.<\/p>\n<p> <img role=\"presentation\" class=\"absolute left-1\/2 top-1\/2 max-h-[80%] max-w-[100px] -translate-x-1\/2 -translate-y-1\/2\" src=\"https:\/\/v.wpimg.pl\/ZXJfd3AudTkrBBIAbg54LGhcRlAxHQUrPgJGH2MAeGJoSQ1eIBI_K2UHAEVuBTY5KQMMXC0RPyoVERQdMgM9ejc\" loading=\"lazy\" decoding=\"async\"\/> <\/p>\n","protected":false},"excerpt":{"rendered":"Rekordy na\u00a0nizinach Najnowsze dost\u0119pne dane ze stacji synoptycznych (z godziny 7.00\u00a0rano w\u00a0pi\u0105tek, 2\u00a0stycznia) pokazuj\u0105 niesamowit\u0105 anomali\u0119. &#8222;Liderem \u015bnie\u017cnego&hellip;\n","protected":false},"author":2,"featured_media":183763,"comment_status":"","ping_status":"","sticky":false,"template":"","format":"standard","meta":{"footnotes":""},"categories":[12],"tags":[32,33,36,37,27,34,35,28,31,25,42,38,40,39,41,29,30,26],"class_list":{"0":"post-183762","1":"post","2":"type-post","3":"status-publish","4":"format-standard","5":"has-post-thumbnail","7":"category-polska","8":"tag-breaking-news","9":"tag-breakingnews","10":"tag-featured-news","11":"tag-featurednews","12":"tag-headlines","13":"tag-latest-news","14":"tag-latestnews","15":"tag-naglowki","16":"tag-najwazniejsze-artykuly","17":"tag-news","18":"tag-pl","19":"tag-poland","20":"tag-polish","21":"tag-polska","22":"tag-polski","23":"tag-top-stories","24":"tag-topstories","25":"tag-wiadomosci"},"share_on_mastodon":{"url":"https:\/\/pubeurope.com\/@pl\/115826480031225078","error":""},"_links":{"self":[{"href":"https:\/\/www.europesays.com\/pl\/wp-json\/wp\/v2\/posts\/183762","targetHints":{"allow":["GET"]}}],"collection":[{"href":"https:\/\/www.europesays.com\/pl\/wp-json\/wp\/v2\/posts"}],"about":[{"href":"https:\/\/www.europesays.com\/pl\/wp-json\/wp\/v2\/types\/post"}],"author":[{"embeddable":true,"href":"https:\/\/www.europesays.com\/pl\/wp-json\/wp\/v2\/users\/2"}],"replies":[{"embeddable":true,"href":"https:\/\/www.europesays.com\/pl\/wp-json\/wp\/v2\/comments?post=183762"}],"version-history":[{"count":0,"href":"https:\/\/www.europesays.com\/pl\/wp-json\/wp\/v2\/posts\/183762\/revisions"}],"wp:featuredmedia":[{"embeddable":true,"href":"https:\/\/www.europesays.com\/pl\/wp-json\/wp\/v2\/media\/183763"}],"wp:attachment":[{"href":"https:\/\/www.europesays.com\/pl\/wp-json\/wp\/v2\/media?parent=183762"}],"wp:term":[{"taxonomy":"category","embeddable":true,"href":"https:\/\/www.europesays.com\/pl\/wp-json\/wp\/v2\/categories?post=183762"},{"taxonomy":"post_tag","embeddable":true,"href":"https:\/\/www.europesays.com\/pl\/wp-json\/wp\/v2\/tags?post=183762"}],"curies":[{"name":"wp","href":"https:\/\/api.w.org\/{rel}","templated":true}]}}