{"id":183782,"date":"2026-01-02T16:49:10","date_gmt":"2026-01-02T16:49:10","guid":{"rendered":"https:\/\/www.europesays.com\/pl\/183782\/"},"modified":"2026-01-02T16:49:10","modified_gmt":"2026-01-02T16:49:10","slug":"tiktoki-ai-o-polexicie-zalaly-siec-ke-reaguje-prosba-do-polskich-wladz","status":"publish","type":"post","link":"https:\/\/www.europesays.com\/pl\/183782\/","title":{"rendered":"Tiktoki AI o polexicie zala\u0142y sie\u0107. KE reaguje, pro\u015bba do polskich w\u0142adz"},"content":{"rendered":"<p>W skr\u00f3cie<\/p>\n<ul class=\"typography ids-typeset-body ids-typeset-body--preset-large list ids-list ids-list--unordered ids-list--size-large \" datatype=\"disc\">\n<li class=\"ids-list-item\">\n<p>Komisja Europejska poprosi\u0142a Ministerstwo Cyfryzacji o udost\u0119pnienie materia\u0142\u00f3w dotycz\u0105cych tiktok\u00f3w wygenerowanych przez AI, kt\u00f3re nawo\u0142ywa\u0142y do polexitu.<\/p>\n<\/li>\n<li class=\"ids-list-item\">\n<p>Jak wskaza\u0142 wiceminister cyfryzacji masowe publikacje tego rodzaju tre\u015bci w ostatnim tygodniu wskazuj\u0105 na zorganizowan\u0105 akcj\u0119.<\/p>\n<\/li>\n<li class=\"ids-list-item\"><\/li>\n<\/ul>\n<p class=\"typography ids-typeset-body ids-typeset-body--preset-large link paragraph ids-paragraph ids-paragraph--default\">Wiceminister cyfryzacji Dariusz Standerski\u00a0potwierdzi\u0142, \u017ce <a href=\"https:\/\/wydarzenia.interia.pl\/tematy-komisja-europejska,gsbi,34\" rel=\"nofollow noopener\" target=\"_blank\">Komisja Europejska<\/a> zwr\u00f3ci\u0142a si\u0119 do resortu z pro\u015bb\u0105 o &#8222;przekazanie materia\u0142\u00f3w w sprawie masowego zamieszczania tre\u015bci generowanych przez AI, niezgodnych z regulaminem TikToka&#8221;. Jak doda\u0142, jest to &#8222;element przygotowania do podj\u0119cia post\u0119powania&#8221;.<\/p>\n<p class=\"typography ids-typeset-body ids-typeset-body--preset-large link paragraph ids-paragraph ids-paragraph--default\">Sprawa dotyczy tiktok\u00f3w, w kt\u00f3rych m\u0142ode kobiety, ubrane w koszulki z polskimi symbolami narodowymi, krytycznie wypowiada\u0142y si\u0119 m.in. na temat polskiego rz\u0105du i postulowa\u0142y konieczno\u015b\u0107 polexitu, czyli wyst\u0105pienia <a href=\"https:\/\/wydarzenia.interia.pl\/tematy-polska,gsbi,2628\" target=\"_blank\" rel=\"nofollow noopener\">Polski<\/a> z UE.<\/p>\n<p class=\"typography ids-typeset-body ids-typeset-body--preset-large link paragraph ids-paragraph ids-paragraph--default\">We wtorkowym pi\u015bmie zaadresowanym do wiceprzewodnicz\u0105cej Komisji Europejskiej, Henny Virkkunen, Standerski zwr\u00f3ci\u0142 si\u0119 &#8222;z wnioskiem o podj\u0119cie dzia\u0142a\u0144 nadzorczych oraz wszcz\u0119cie post\u0119powania w sprawie TikToka na gruncie przepis\u00f3w Aktu o us\u0142ugach cyfrowych&#8221;.<\/p>\n<p>Tiktoki AI o polexicie. Wiceminister cyfryzacji interweniuje<\/p>\n<p class=\"typography ids-typeset-body ids-typeset-body--preset-large link paragraph ids-paragraph ids-paragraph--default\">&#8222;W ostatnich dniach na TikToku nast\u0105pi\u0142 prawdziwy wysyp filmik\u00f3w generowanych za pomoc\u0105 AI, siej\u0105cych dezinformacj\u0119 ws. cz\u0142onkostwa Polski w <a href=\"https:\/\/wydarzenia.interia.pl\/tematy-unia-europejska,gsbi,46\" rel=\"nofollow noopener\" target=\"_blank\">Unii Europejskiej<\/a>. Skala tego procederu mo\u017ce sugerowa\u0107, \u017ce mamy do czynienia ze zorganizowan\u0105 akcj\u0105&#8221; &#8211; napisa\u0142 we wtorek na X Dariusz Standerski.<\/p>\n<p class=\"typography ids-typeset-body ids-typeset-body--preset-large link paragraph ids-paragraph ids-paragraph--default\">W za\u0142\u0105czonym do wpisu pi\u015bmie do wiceprzewodnicz\u0105cej KE wiceminister podkre\u015bla, \u017ce &#8222;tre\u015bci te stanowi\u0105 zagro\u017cenie dla porz\u0105dku publicznego, bezpiecze\u0144stwa informacyjnego oraz integralno\u015bci proces\u00f3w demokratycznych w Polsce i ca\u0142ej Unii Europejskiej&#8221;.<\/p>\n<p class=\"typography ids-typeset-body ids-typeset-body--preset-large link paragraph ids-paragraph ids-paragraph--default\">Jak wskaza\u0142 wiceminister, platforma TikTok &#8222;podwa\u017cy\u0142a cele Aktu o us\u0142ugach cyfrowych (DSA) dotycz\u0105ce zapobiegania dezinformacji i ochrony u\u017cytkownik\u00f3w&#8221; poprzez &#8222;niewdro\u017cenie odpowiednich mechanizm\u00f3w moderowania tre\u015bci generowanych przez sztuczn\u0105 inteligencj\u0119&#8221; oraz &#8222;niezapewnieniu skutecznych rozwi\u0105za\u0144 w zakresie transparentno\u015bci w odniesieniu do pochodzenia takich materia\u0142\u00f3w&#8221;.<\/p>\n<p class=\"typography ids-typeset-body ids-typeset-body--preset-large link paragraph ids-paragraph ids-paragraph--default\">Standerski zaapelowa\u0142 r\u00f3wnie\u017c do zobowi\u0105zania platformy TikTok do przed\u0142o\u017cenia &#8222;szczeg\u00f3\u0142owego sprawozdania na temat skali i charakteru wskazanych tre\u015bci, ich zasi\u0119gu oraz dzia\u0142a\u0144 podj\u0119tych w celu ich usuni\u0119cia i zapobie\u017cenia dalszemu rozpowszechnianiu&#8221;.<\/p>\n<p class=\"typography ids-typeset-body ids-typeset-body--preset-large link paragraph ids-paragraph ids-paragraph--default\">Rzecznik rz\u0105du <a href=\"https:\/\/wydarzenia.interia.pl\/tematy-adam-szlapka,gsbi,1647\" rel=\"nofollow noopener\" target=\"_blank\">Adam Sz\u0142apka<\/a> podkre\u015bli\u0142 we wtorek, \u017ce w sprawie &#8222;nie ma \u017cadnych w\u0105tpliwo\u015bci co do tego, \u017ce to jest dezinformacja rosyjska&#8221;.<\/p>\n<p class=\"typography ids-typeset-body ids-typeset-body--preset-large link paragraph ids-paragraph ids-paragraph--default\">Jak zapewni\u0142 Sz\u0142apka, odpowiednie s\u0142u\u017cby, a tak\u017ce <a href=\"https:\/\/wydarzenia.interia.pl\/tematy-nask,gsbi,7231\" rel=\"nofollow noopener\" target=\"_blank\">NASK<\/a>, podejm\u0105 w tej sprawie dzia\u0142ania. Zaapelowa\u0142 tak\u017ce do Polak\u00f3w, kt\u00f3rzy napotkaj\u0105 w sieci tego typu informacje, by takie przypadki zg\u0142aszali.<\/p>\n<p>Starcie na or\u0119dzia. Prezydent atakuje rz\u0105d. Premier odpowiada i&#8230; przyspieszaPolsat News<\/p>\n<p><a class=\"ids-undecorated-link source ids-page-info--source__link\" href=\"https:\/\/p.iplsc.com\/-\/000L0SCEGA4O3ESS.pdf\" rel=\"nofollow noopener\" target=\"_blank\"><img decoding=\"async\" class=\"ids-image-holder__img\" loading=\"lazy\" alt=\"\" title=\"\" height=\"24px\" src=\"https:\/\/www.europesays.com\/pl\/wp-content\/uploads\/2026\/01\/0009A6098CYXTC6T-C202-F4.webp.webp\"\/><\/a><a class=\"ids-undecorated-link source ids-page-info--source__link\" href=\"https:\/\/www.interia.pl\" rel=\"nofollow noopener\" target=\"_blank\"><img decoding=\"async\" class=\"ids-image-holder__img\" loading=\"lazy\" alt=\"\" title=\"\" height=\"24px\" src=\"https:\/\/www.europesays.com\/pl\/wp-content\/uploads\/2026\/01\/1767307150_118_0009A60QQ5I2TYF7-C202-F4.webp.webp\"\/><\/a><\/p>\n<p>Masz sugestie, uwagi albo widzisz b\u0142\u0105d? Napisz do nas<\/p>\n","protected":false},"excerpt":{"rendered":"W skr\u00f3cie Komisja Europejska poprosi\u0142a Ministerstwo Cyfryzacji o udost\u0119pnienie materia\u0142\u00f3w dotycz\u0105cych tiktok\u00f3w wygenerowanych przez AI, kt\u00f3re nawo\u0142ywa\u0142y do&hellip;\n","protected":false},"author":2,"featured_media":183783,"comment_status":"","ping_status":"","sticky":false,"template":"","format":"standard","meta":{"footnotes":""},"categories":[12],"tags":[32,33,36,37,27,34,35,28,31,25,42,38,40,39,41,29,30,26],"class_list":{"0":"post-183782","1":"post","2":"type-post","3":"status-publish","4":"format-standard","5":"has-post-thumbnail","7":"category-polska","8":"tag-breaking-news","9":"tag-breakingnews","10":"tag-featured-news","11":"tag-featurednews","12":"tag-headlines","13":"tag-latest-news","14":"tag-latestnews","15":"tag-naglowki","16":"tag-najwazniejsze-artykuly","17":"tag-news","18":"tag-pl","19":"tag-poland","20":"tag-polish","21":"tag-polska","22":"tag-polski","23":"tag-top-stories","24":"tag-topstories","25":"tag-wiadomosci"},"share_on_mastodon":{"url":"https:\/\/pubeurope.com\/@pl\/115826534988558531","error":""},"_links":{"self":[{"href":"https:\/\/www.europesays.com\/pl\/wp-json\/wp\/v2\/posts\/183782","targetHints":{"allow":["GET"]}}],"collection":[{"href":"https:\/\/www.europesays.com\/pl\/wp-json\/wp\/v2\/posts"}],"about":[{"href":"https:\/\/www.europesays.com\/pl\/wp-json\/wp\/v2\/types\/post"}],"author":[{"embeddable":true,"href":"https:\/\/www.europesays.com\/pl\/wp-json\/wp\/v2\/users\/2"}],"replies":[{"embeddable":true,"href":"https:\/\/www.europesays.com\/pl\/wp-json\/wp\/v2\/comments?post=183782"}],"version-history":[{"count":0,"href":"https:\/\/www.europesays.com\/pl\/wp-json\/wp\/v2\/posts\/183782\/revisions"}],"wp:featuredmedia":[{"embeddable":true,"href":"https:\/\/www.europesays.com\/pl\/wp-json\/wp\/v2\/media\/183783"}],"wp:attachment":[{"href":"https:\/\/www.europesays.com\/pl\/wp-json\/wp\/v2\/media?parent=183782"}],"wp:term":[{"taxonomy":"category","embeddable":true,"href":"https:\/\/www.europesays.com\/pl\/wp-json\/wp\/v2\/categories?post=183782"},{"taxonomy":"post_tag","embeddable":true,"href":"https:\/\/www.europesays.com\/pl\/wp-json\/wp\/v2\/tags?post=183782"}],"curies":[{"name":"wp","href":"https:\/\/api.w.org\/{rel}","templated":true}]}}