{"id":183790,"date":"2026-01-02T16:56:10","date_gmt":"2026-01-02T16:56:10","guid":{"rendered":"https:\/\/www.europesays.com\/pl\/183790\/"},"modified":"2026-01-02T16:56:10","modified_gmt":"2026-01-02T16:56:10","slug":"nowe-odcinkowe-pomiary-predkosci-juz-dzialaja-i-to-gdzie-na-s7-i-a4","status":"publish","type":"post","link":"https:\/\/www.europesays.com\/pl\/183790\/","title":{"rendered":"Nowe odcinkowe pomiary pr\u0119dko\u015bci ju\u017c dzia\u0142aj\u0105. I to gdzie! Na S7 i A4"},"content":{"rendered":"<ul class=\"ods-m-bullet-list\">\n<li class=\"ods-a-bullet ods-a-bullet--bold\"> W 2026 r. liczba nowych odcinkowych pomiar\u00f3w pr\u0119dko\u015bci znacznie si\u0119 zwi\u0119kszy. Na li\u015bcie konkretnych lokalizacji znajdziemy ich oko\u0142o 40 <\/li>\n<li class=\"ods-a-bullet ods-a-bullet--bold\"> Mowa tu o najwa\u017cniejszych drogach w kraju \u2014 m.in. autostradach A1, A2, A4 czy drogach ekspresowych S1, S6, S7 i S17 <\/li>\n<li class=\"ods-a-bullet ods-a-bullet--bold\"> W pi\u0105tek 2 stycznia uruchomiono dwa nowe na A4 i S7. Ju\u017c dzia\u0142aj\u0105 i sprawdzaj\u0105 kierowc\u00f3w. Tych mo\u017cemy pocieszy\u0107, bo w obu miejscach obowi\u0105zuje standardowe ograniczenie pr\u0119dko\u015bci <\/li>\n<li class=\"ods-a-bullet ods-a-bullet--bold\"> Zach\u0119camy do oddawania g\u0142os\u00f3w w ankiecie, kt\u00f3ra znajduje si\u0119 na ko\u0144cu artyku\u0142u <\/li>\n<li id=\"ods-a-bullet-czat-ai-summary\" data-section=\"ochat-summary-link\" class=\"ods-a-bullet ods-a-bullet--czatai\"> <a href=\"#\"><br \/>\n    Du\u017co czytania, a ma\u0142o czasu? Sprawd\u017a skr\u00f3t artyku\u0142u<br \/>\n<\/a> <\/li>\n<\/ul>\n<p>SPIS TRE\u015aCI<\/p>\n<ol class=\"ods-a-table-of-content__items\">\n<li class=\"ods-a-table-of-content__item\"><a href=\"#toc-czy-w-2026-r-przybedzie-nowych-odcinkowych-pomiarow-predkosci-tak-i-to-duzo\" class=\"ods-a-table-of-content__link\">Czy w 2026 r. przyb\u0119dzie nowych odcinkowych pomiar\u00f3w pr\u0119dko\u015bci? Tak i to du\u017co<\/a><\/li>\n<li class=\"ods-a-table-of-content__item\"><a href=\"#toc-czy-nowy-odcinkowy-pomiar-predkosci-na-s7-juz-dziala-wlaczyli-kolejny\" class=\"ods-a-table-of-content__link\">Czy nowy odcinkowy pomiar pr\u0119dko\u015bci na S7 ju\u017c dzia\u0142a? W\u0142\u0105czyli kolejny<\/a><\/li>\n<li class=\"ods-a-table-of-content__item\"><a href=\"#toc-czy-odcinkowy-pomiar-predkosci-na-autostradzie-a4-juz-dziala\" class=\"ods-a-table-of-content__link\">Czy odcinkowy pomiar pr\u0119dko\u015bci na autostradzie A4 ju\u017c dzia\u0142a?<\/a><\/li>\n<li class=\"ods-a-table-of-content__item\"><a href=\"#toc-jakie-sa-mandaty-na-odcinkowym-pomiarze-predkosci-w-2026-r\" class=\"ods-a-table-of-content__link\">Jakie s\u0105 mandaty na odcinkowym pomiarze pr\u0119dko\u015bci w 2026 r.?<\/a><\/li>\n<\/ol>\n<p>Czy w 2026 r. przyb\u0119dzie nowych odcinkowych pomiar\u00f3w pr\u0119dko\u015bci? Tak i to du\u017co<\/p>\n<p class=\"ods-c-paragraph \">A\u017c dwa nowe odcinkowe pomiary pr\u0119dko\u015bci w\u0142\u0105czone jednego dnia daj\u0105 nam przedsmak tego, co czeka kierowc\u00f3w w 2026 r. OPP okaza\u0142y si\u0119 tak skuteczne w dyscyplinowaniu kierowc\u00f3w, \u017ce b\u0119dzie ich tylko przybywa\u0107. Na ten rok zapowiedziano w\u0142\u0105czenie oko\u0142o&#8230; 40 nowych odcinkowych pomiar\u00f3w pr\u0119dko\u015bci. Niekt\u00f3re z nich zaczn\u0105 dzia\u0142a\u0107 na najwa\u017cniejszych drogach w kraju \u2014 ekspres\u00f3wkach i autostradach.<\/p>\n<p> Gdzie zosta\u0142y w\u0142\u0105czone nowe odcinkowe pomiary pr\u0119dko\u015bci? <\/p>\n<p> Jakie s\u0105 ograniczenia pr\u0119dko\u015bci na S7? <\/p>\n<p> Jakie s\u0105 ograniczenia pr\u0119dko\u015bci na A4? <\/p>\n<p> Jakie mandaty obowi\u0105zuj\u0105 za przekroczenie pr\u0119dko\u015bci w 2026 roku? <\/p>\n<p class=\"ods-c-paragraph \">Pe\u0142n\u0105 list\u0119 OPP, kt\u00f3re maj\u0105 zacz\u0105\u0107 dzia\u0142a\u0107 w 2026 r., wraz z dok\u0142adnymi lokalizacjami znajdziecie tutaj: <a href=\"https:\/\/www.auto-swiat.pl\/wiadomosci\/aktualnosci\/nowe-odcinkowe-pomiary-predkosci-w-2026-r-mamy-pelna-liste-az-43-lokalizacje\/1tn4n4s\" id=\"f326503e-7452-43c3-a839-ce7728bf9602\" rel=\"nofollow noopener\" target=\"_blank\">To ju\u017c pewne. W 2026 r. w\u0142\u0105cz\u0105 43 nowe odcinkowe pomiary pr\u0119dko\u015bci. Mam list\u0119 wszystkich lokalizacji<\/a>. A teraz przechodzimy do dw\u00f3ch najnowszych.<\/p>\n<p>Czy nowy odcinkowy pomiar pr\u0119dko\u015bci na S7 ju\u017c dzia\u0142a? W\u0142\u0105czyli kolejny   <\/p>\n<p class=\"ods-c-paragraph \">We wtorek 2 stycznia 2026 r. poinformowano wszystkich, \u017ce zacz\u0105\u0142 dzia\u0142a\u0107 odcinkowy pomiar pr\u0119dko\u015bci na drodze ekspresowej S7. Chodzi o 7,4-kilometrowy fragment Kopana \u2014 Gr\u00f3jec. Kierowc\u00f3w mo\u017cemy pocieszy\u0107, nie zapowiada si\u0119, by mia\u0142 to by\u0107 jeden z potencjalnych rekordzist\u00f3w. Mo\u017cna tam jecha\u0107:<\/p>\n<ul class=\"ods-m-bullet-list\">\n<li class=\"ods-a-bullet ods-a-bullet--normal\"> 120 km na godz. samochodem osobowym. <\/li>\n<li class=\"ods-a-bullet ods-a-bullet--normal\"> i 80 km na godz. samochodem ci\u0119\u017carowym. <\/li>\n<\/ul>\n<p class=\"ods-c-paragraph \">To wi\u0119c standardowe polskie ograniczenia pr\u0119dko\u015bci na drogach ekspresowych. Mandaty z OPP sypi\u0105 si\u0119 w miejscach, gdzie z jakiego\u015b powodu (g\u0142\u00f3wnie bezpiecze\u0144stwa i nat\u0119\u017cenia ruchu) ograniczenie jest obni\u017cane. Wiele kierowc\u00f3w \u0142amie przepisy nieumy\u015blnie, jad\u0105c &#8222;tak jak zawsze&#8221;.<\/p>\n<p> Czy odcinkowy pomiar pr\u0119dko\u015bci na autostradzie A4 ju\u017c dzia\u0142a?<\/p>\n<p class=\"ods-c-paragraph \">Drugi nowy odcinkowy pomiar pr\u0119dko\u015bci sprawdza ju\u017c kierowc\u00f3w na autostradzie A4. Tu odcinek jest d\u0142u\u017cszy (13,6 km), a \u017c\u00f3\u0142te kamery dzia\u0142aj\u0105 na odcinku Pr\u0105dy \u2014 Pr\u00f3szk\u00f3w. W przypadku A4 r\u00f3wnie\u017c nie ma mowy o obni\u017conym ograniczeniu pr\u0119dko\u015bci. Mo\u017cna jecha\u0107:<\/p>\n<ul class=\"ods-m-bullet-list\">\n<li class=\"ods-a-bullet ods-a-bullet--normal\"> 140 km na godz. samochodem osobowym. <\/li>\n<li class=\"ods-a-bullet ods-a-bullet--normal\"> i 80 km na godz. samochodem ci\u0119\u017carowym. <\/li>\n<\/ul>\n<p> Jakie s\u0105 mandaty na odcinkowym pomiarze pr\u0119dko\u015bci w 2026 r.?<\/p>\n<p class=\"ods-c-paragraph \">Nowy rok nie zmieni\u0142 taryfikatora mandat\u00f3w. To oznacza, \u017ce za przekroczenie pr\u0119dko\u015bci mo\u017cna dosta\u0107 nast\u0119puj\u0105cy mandat:<\/p>\n<ul class=\"ods-m-bullet-list\">\n<li class=\"ods-a-bullet ods-a-bullet--normal\"> Przekroczenie dopuszczalnej pr\u0119dko\u015bci do 10 km na godz. \u2014 mandat 50 z\u0142 i jeden punkt karny, <\/li>\n<li class=\"ods-a-bullet ods-a-bullet--normal\"> o 11\u201315 km na godz. \u2014 mandat 100 z\u0142 i dwa punkty karne, <\/li>\n<li class=\"ods-a-bullet ods-a-bullet--normal\"> o 16\u201320 km na godz. \u2014 mandat 200 z\u0142 i trzy punkty karne, <\/li>\n<li class=\"ods-a-bullet ods-a-bullet--normal\"> o 21\u201325 km na godz. \u2014 mandat 300 z\u0142 i pi\u0119\u0107 punkt\u00f3w karnych, <\/li>\n<li class=\"ods-a-bullet ods-a-bullet--normal\"> o 26\u201330 km na godz. \u2014 mandat 400 z\u0142 i siedem punkt\u00f3w karnych, <\/li>\n<li class=\"ods-a-bullet ods-a-bullet--normal\"> o 31\u201340 km na godz. \u2014 mandat 800 z\u0142\/1600 z\u0142 i dziewi\u0119\u0107 punkt\u00f3w karnych, <\/li>\n<li class=\"ods-a-bullet ods-a-bullet--normal\"> o 41\u201350 km na godz. \u2014 mandat 1000 z\u0142\/2000 z\u0142 i 11 punkt\u00f3w karnych, <\/li>\n<li class=\"ods-a-bullet ods-a-bullet--normal\"> o 51\u201360 km na godz. \u2014 mandat 1500 z\u0142\/3000 z\u0142 i 13 punkt\u00f3w karnych, <\/li>\n<li class=\"ods-a-bullet ods-a-bullet--normal\"> o 61\u201370 km na godz.\u2014 mandat 2000 z\u0142\/4000 z\u0142 i 14 punkt\u00f3w karnych, <\/li>\n<li class=\"ods-a-bullet ods-a-bullet--normal\"> o 71 km na godz. i wi\u0119cej \u2014 mandat 2500 z\u0142\/5000 z\u0142 i 15 punkt\u00f3w karnych <\/li>\n<\/ul>\n<p class=\"ods-c-paragraph \">Drugie, wy\u017csze stawki s\u0105 oczywi\u015bcie zarezerwowane dla kierowc\u00f3w-recydywist\u00f3w.<\/p>\n<p><img decoding=\"async\" src=\"https:\/\/www.europesays.com\/pl\/wp-content\/uploads\/2025\/11\/718k9lBaHR0cHM6Ly9vY2RuLmV1L3B1bHNjbXMvTURBXy9jZDE2NmYzNjIwYzUxZjcyNWZmOWQ4NGYxYTIwNDQ0NS5qcGeRlQLNB.jpeg\" height=\"263\" width=\"731\" alt=\"Tak dzia\u0142a odcinkowy pomiar pr\u0119dko\u015bci\" loading=\"lazy\" class=\"ods-c-image__img ods-c-image__img--viewport-width\"\/><\/p>\n<p>Tak dzia\u0142a odcinkowy pomiar pr\u0119dko\u015bciCANARD<\/p>\n","protected":false},"excerpt":{"rendered":"W 2026 r. liczba nowych odcinkowych pomiar\u00f3w pr\u0119dko\u015bci znacznie si\u0119 zwi\u0119kszy. Na li\u015bcie konkretnych lokalizacji znajdziemy ich oko\u0142o&hellip;\n","protected":false},"author":2,"featured_media":183791,"comment_status":"","ping_status":"","sticky":false,"template":"","format":"standard","meta":{"footnotes":""},"categories":[12],"tags":[8270,210,32,33,36,37,27,496,34,35,3777,28,31,48,25,2638,46,42,38,40,39,41,13286,3620,47,29,30,26],"class_list":{"0":"post-183790","1":"post","2":"type-post","3":"status-publish","4":"format-standard","5":"has-post-thumbnail","7":"category-polska","8":"tag-a4","9":"tag-aktualnosci","10":"tag-breaking-news","11":"tag-breakingnews","12":"tag-featured-news","13":"tag-featurednews","14":"tag-headlines","15":"tag-kierowcy","16":"tag-latest-news","17":"tag-latestnews","18":"tag-mandaty","19":"tag-naglowki","20":"tag-najwazniejsze-artykuly","21":"tag-nat_styl","22":"tag-news","23":"tag-odcinkowy_pomiar_predkosci","24":"tag-omp","25":"tag-pl","26":"tag-poland","27":"tag-polish","28":"tag-polska","29":"tag-polski","30":"tag-przekroczenie_predkosci","31":"tag-s7","32":"tag-screening_general","33":"tag-top-stories","34":"tag-topstories","35":"tag-wiadomosci"},"share_on_mastodon":{"url":"https:\/\/pubeurope.com\/@pl\/115826562431309363","error":""},"_links":{"self":[{"href":"https:\/\/www.europesays.com\/pl\/wp-json\/wp\/v2\/posts\/183790","targetHints":{"allow":["GET"]}}],"collection":[{"href":"https:\/\/www.europesays.com\/pl\/wp-json\/wp\/v2\/posts"}],"about":[{"href":"https:\/\/www.europesays.com\/pl\/wp-json\/wp\/v2\/types\/post"}],"author":[{"embeddable":true,"href":"https:\/\/www.europesays.com\/pl\/wp-json\/wp\/v2\/users\/2"}],"replies":[{"embeddable":true,"href":"https:\/\/www.europesays.com\/pl\/wp-json\/wp\/v2\/comments?post=183790"}],"version-history":[{"count":0,"href":"https:\/\/www.europesays.com\/pl\/wp-json\/wp\/v2\/posts\/183790\/revisions"}],"wp:featuredmedia":[{"embeddable":true,"href":"https:\/\/www.europesays.com\/pl\/wp-json\/wp\/v2\/media\/183791"}],"wp:attachment":[{"href":"https:\/\/www.europesays.com\/pl\/wp-json\/wp\/v2\/media?parent=183790"}],"wp:term":[{"taxonomy":"category","embeddable":true,"href":"https:\/\/www.europesays.com\/pl\/wp-json\/wp\/v2\/categories?post=183790"},{"taxonomy":"post_tag","embeddable":true,"href":"https:\/\/www.europesays.com\/pl\/wp-json\/wp\/v2\/tags?post=183790"}],"curies":[{"name":"wp","href":"https:\/\/api.w.org\/{rel}","templated":true}]}}