{"id":183796,"date":"2026-01-02T17:02:09","date_gmt":"2026-01-02T17:02:09","guid":{"rendered":"https:\/\/www.europesays.com\/pl\/183796\/"},"modified":"2026-01-02T17:02:09","modified_gmt":"2026-01-02T17:02:09","slug":"kijow-alarmuje-o-mozliwej-rosyjskiej-prowokacji-rosja-oskarza-ukraine-o-atak-na-cywilow","status":"publish","type":"post","link":"https:\/\/www.europesays.com\/pl\/183796\/","title":{"rendered":"Kij\u00f3w alarmuje o mo\u017cliwej rosyjskiej prowokacji. Rosja oskar\u017ca Ukrain\u0119 o atak na cywil\u00f3w"},"content":{"rendered":"<p><img alt=\"\"   src=\"https:\/\/www.europesays.com\/pl\/wp-content\/uploads\/2026\/01\/AFP__20251229__898C2PH__v1__HighRes__RussiaUkraineConflict.jpg\" decoding=\"async\" data-nimg=\"fill\" class=\"image\" style=\"position:absolute;top:0;left:0;bottom:0;right:0;box-sizing:border-box;padding:0;border:none;margin:auto;display:block;width:0;height:0;min-width:100%;max-width:100%;min-height:100%;max-height:100%;object-fit:cover\"\/><\/p>\n<p>Prawa autorskie: In this pool photograph distributed by the Russian state agency Sputnik, Russia&#8217;s President Vladimir Putin chairs a meeting on situation in the zone of the &#8222;special military operation&#8221;, the Kremlin&#8217;s term for the nearly four-year-long Ukraine offensive, in Moscow on December 29, 2025. (Photo by Mikhail METZEL \/ POOL \/ AFP)In this pool photogr&#8230;<\/p>\n<p>Kij\u00f3w alarmuje o mo\u017cliwej rosyjskiej prowokacji. Rosja oskar\u017ca Ukrain\u0119 o atak na cywil\u00f3w Zaloguj si\u0119, aby zapisa\u0107 na p\u00f3\u017aniej<\/p>\n<p class=\"mt-3 font-serif font-semibold text-lg text-gray-900 lg:mt-5 lg:text-xl lg:leading-8 dark:text-gray-50 print:dark:text-black\">Ukrai\u0144ski wywiad alarmuje, \u017ce \u200b\u200bRosja przygotowuje na 7 stycznia prowokacj\u0119 na du\u017c\u0105 skal\u0119, kt\u00f3ra poci\u0105gnie za sob\u0105 ofiary \u015bmiertelne. Kreml d\u0105\u017cy do zak\u0142\u00f3cenia rozm\u00f3w pokojowych z udzia\u0142em Stan\u00f3w Zjednoczonych.<\/p>\n<p class=\"typography__paragraph my-5 font-serif font-normal text-xl leading-8 text-gray-900 dark:text-gray-50 print:dark:text-black break-words\"><a rel=\"noindex nofollow noopener\" target=\"_blank\" href=\"https:\/\/www.pravda.com.ua\/news\/2026\/01\/02\/8014336\/\" class=\"typography__anchor underline text-gray-900 decoration-red-700 cursor-pointer hover:text-red-700 dark:text-gray-50 dark:decoration-red-400 dark:hover:text-red-400 print:dark:text-black break-words\">Wed\u0142ug strony ukrai\u0144skiej<\/a>, Kreml aktualnie prowadzi kampani\u0119 dezinformacyjn\u0105, kt\u00f3ra ma przygotowa\u0107 grunt pod dalsz\u0105 eskalacj\u0119 konfliktu i narzuci\u0107 w\u0142asn\u0105 wersj\u0119 wydarze\u0144, zanim do tego dojdzie. <\/p>\n<p class=\"typography__paragraph my-5 font-serif font-normal text-xl leading-8 text-gray-900 dark:text-gray-50 print:dark:text-black break-words\">Wed\u0142ug informacji ukrai\u0144skiego wywiadu atak terrorystyczny mo\u017ce zosta\u0107 przeprowadzony tu\u017c przed lub w trakcie obchod\u00f3w Bo\u017cego Narodzenia wed\u0142ug kalendarza julia\u0144skiego. Jako potencjalne miejsce prowokacji wskazuje si\u0119 obiekt religijny lub inny obiekt o du\u017cym znaczeniu symbolicznym, zar\u00f3wno na terytorium Rosji, jak i na tymczasowo okupowanych obszarach Ukrainy. <\/p>\n<p class=\"typography__paragraph my-5 font-serif font-normal text-xl leading-8 text-gray-900 dark:text-gray-50 print:dark:text-black break-words\">Kij\u00f3w ostrzega, \u017ce Rosja mo\u017ce przej\u015b\u0107 od dezinformacji do zbrojnej prowokacji, przygotowanej przez rosyjskie s\u0142u\u017cby specjalne, kt\u00f3ra mo\u017ce doprowadzi\u0107 do ofiar w\u015br\u00f3d ludzi. W ten spos\u00f3b Rosja tworzy narracj\u0119, \u017ce winnym b\u0119dzie Ukraina. <\/p>\n<p class=\"typography__paragraph my-5 font-serif font-normal text-xl leading-8 text-gray-900 dark:text-gray-50 print:dark:text-black break-words\">W czwartek 1 stycznia, <a rel=\"noindex nofollow noopener\" target=\"_blank\" href=\"https:\/\/macaubusiness.com\/ukraine-denies-targeting-civilians-after-moscow-says-hotel-hit\" class=\"typography__anchor underline text-gray-900 decoration-red-700 cursor-pointer hover:text-red-700 dark:text-gray-50 dark:decoration-red-400 dark:hover:text-red-400 print:dark:text-black break-words\">jak podaje AFP<\/a>, Rosja oskar\u017cy\u0142a Ukrain\u0119 o \u015bmier\u0107 co najmniej 27 os\u00f3b. W\u015br\u00f3d ofiar ma by\u0107 dw\u00f3jka dzieci. Chodzi o atak trzech dron\u00f3w na hotel i kawiarni\u0119 nad Morzem Czarnym w kurorcie Chor\u0142y, gdzie \u015bwi\u0119towano Nowy Rok. Obiekty te znajduj\u0105 si\u0119 na kontrolowanym przez Rosj\u0119 obszarze obwodu cherso\u0144skiego na po\u0142udniu Ukrainy.<\/p>\n<p><img alt=\"\" src=\"data:image\/gif;base64,R0lGODlhAQABAIAAAAAAAP\/\/\/yH5BAEAAAAALAAAAAABAAEAAAIBRAA7\" decoding=\"async\" data-nimg=\"fill\" style=\"position:absolute;top:0;left:0;bottom:0;right:0;box-sizing:border-box;padding:0;border:none;margin:auto;display:block;width:0;height:0;min-width:100%;max-width:100%;min-height:100%;max-height:100%\"\/>Chor\u0142y w obwodzie cherso\u0144skim, zrzut ekranu Google Maps 2 stycznia 2026 roku <\/p>\n<p class=\"typography__paragraph my-5 font-serif font-normal text-xl leading-8 text-gray-900 dark:text-gray-50 print:dark:text-black break-words\">Oskar\u017cenie jako pierwszy przedstawi\u0142 <a rel=\"noindex nofollow\" target=\"_blank\" href=\"https:\/\/t.me\/SALDO_VGA\/12648\" class=\"typography__anchor underline text-gray-900 decoration-red-700 cursor-pointer hover:text-red-700 dark:text-gray-50 dark:decoration-red-400 dark:hover:text-red-400 print:dark:text-black break-words\">W\u0142adimir Saldo<\/a>, mianowany przez Moskw\u0119 gubernator regionu, kt\u00f3ry napisa\u0142 o ataku na Telegramie i opublikowa\u0142 zdj\u0119cia spalonego hotelu. Na zdj\u0119ciach wida\u0107 cia\u0142o jednej osoby ukryte pod bia\u0142ym prze\u015bcierad\u0142em. Na budynku widoczne s\u0105 \u015blady po\u017caru, a na ziemi wida\u0107 plamy przypominaj\u0105ce krew. <\/p>\n<p class=\"typography__paragraph my-5 font-serif font-normal text-xl leading-8 text-gray-900 dark:text-gray-50 print:dark:text-black break-words\">Wed\u0142ug gubernatora celem by\u0142a ludno\u015b\u0107 cywilna i doda\u0142, \u017ce wiele os\u00f3b zosta\u0142o spalonych \u017cywcem. Spraw\u0119 podchwycili rosyjscy politycy, m\u00f3wi\u0105c, \u017ce by\u0142 to \u201eatak terrorystyczny\u201d. <\/p>\n<p class=\"typography__paragraph my-5 font-serif font-normal text-xl leading-8 text-gray-900 dark:text-gray-50 print:dark:text-black break-words\"><a rel=\"noindex nofollow noopener\" target=\"_blank\" href=\"https:\/\/tass.ru\/proisshestviya\/26071701\" class=\"typography__anchor underline text-gray-900 decoration-red-700 cursor-pointer hover:text-red-700 dark:text-gray-50 dark:decoration-red-400 dark:hover:text-red-400 print:dark:text-black break-words\">Rosyjska agencja TASS<\/a> podaje, \u017ce do wieczora 1 stycznia opublikowano nazwiska siedmiu os\u00f3b zabitych w kurorcie nad Morzem Czarnym, kt\u00f3re zosta\u0142y zidentyfikowane przez regionalne biuro medycyny s\u0105dowej. Identyfikacja wszystkich ofiar b\u0119dzie mo\u017cliwa dopiero po przeprowadzeniu specjalistycznej analizy genetycznej. TASS poda\u0142 r\u00f3wnie\u017c, \u017ce strona z list\u0105 nazwisk zosta\u0142a \u201ezhakowana\u201d. <\/p>\n<p class=\"typography__paragraph my-5 font-serif font-normal text-xl leading-8 text-gray-900 dark:text-gray-50 print:dark:text-black break-words\">Je\u015bli wydarzenie mia\u0142o charakter lokalnej imprezy, mo\u017cna by si\u0119 spodziewa\u0107 obecno\u015bci rodzin i cywil\u00f3w, a tak\u017ce informacji o uczestnikach. Tych element\u00f3w jednak w rosyjskim przekazie brakuje. To rodzi pytania o charakter spotkania: albo by\u0142 to atak na zamkni\u0119te wydarzenie z udzia\u0142em wojskowych lub urz\u0119dnik\u00f3w, albo mamy do czynienia z kolejn\u0105 pr\u00f3b\u0105 kremlowskiej dezinformacji. <\/p>\n<p class=\"typography__paragraph my-5 font-serif font-normal text-xl leading-8 text-gray-900 dark:text-gray-50 print:dark:text-black break-words\"><a rel=\"noindex nofollow noopener\" target=\"_blank\" href=\"https:\/\/suspilne.media\/kherson\/1203456-sili-oboroni-zavdaut-udariv-viklucno-po-vijskovih-cilah-rf-recnik-genstabu-pro-udar-po-horlam-na-tot-hersonsini\/\" class=\"typography__anchor underline text-gray-900 decoration-red-700 cursor-pointer hover:text-red-700 dark:text-gray-50 dark:decoration-red-400 dark:hover:text-red-400 print:dark:text-black break-words\">Strona ukrai\u0144ska<\/a> utrzymuje, \u017ce atakuje wy\u0142\u0105cznie cele wojskowe, zak\u0142ady paliwowe i energetyczne oraz \u201einne legalne cele\u201d. W komentarzu dla AFP rzecznik ukrai\u0144skiej armii Dmytro \u0141ychowy oskar\u017cy\u0142 Rosj\u0119 o wielokrotne uciekanie si\u0119 do \u201edezinformacji i fa\u0142szywych o\u015bwiadcze\u0144\u201d. <\/p>\n<p class=\"typography__paragraph my-5 font-serif font-normal text-xl leading-8 text-gray-900 dark:text-gray-50 print:dark:text-black break-words\">\u201eSi\u0142y Obronne Ukrainy przestrzegaj\u0105 norm mi\u0119dzynarodowego prawa humanitarnego i atakuj\u0105 wy\u0142\u0105cznie wrogie cele wojskowe\u201d \u2013 powiedzia\u0142. <a rel=\"noindex nofollow noopener\" target=\"_blank\" href=\"https:\/\/hromadske.ua\/viyna\/257242-rosiiany-zaiavyly-pro-nibyto-udar-po-okupovanomu-seli-khorly-u-sylakh-oborony-naholosyly-shcho-biut-lyshe-po-viyskovykh-tsiliakh-rf?_gl=1*k4ci6c*_up*MQ..*_ga*OTQzNTMyNTI0LjE3NjczNDc2ODU.*_ga_47KVPEYFJ4*czE3NjczNDc2ODQkbzEkZzAkdDE3NjczNDc2ODQkajYwJGwwJGgw*_ga_5QMSRNVKWQ*czE3NjczNDc2ODQkbzEkZzAkdDE3NjczNDc2ODQkajYwJGwwJGgw*_ga_V3WYTMZ64J*czE3NjczNDc2ODQkbzEkZzAkdDE3NjczNDc2ODQkajYwJGwwJGgw*_ga_FFQQ6F8PRK*czE3NjczNDc2ODQkbzEkZzAkdDE3NjczNDc2ODQkajYwJGwwJGgw*_ga_QRXBZKG0YN*czE3NjczNDc2ODQkbzEkZzAkdDE3NjczNDc2ODQkajYwJGwwJGgw\" class=\"typography__anchor underline text-gray-900 decoration-red-700 cursor-pointer hover:text-red-700 dark:text-gray-50 dark:decoration-red-400 dark:hover:text-red-400 print:dark:text-black break-words\">Doda\u0142, \u017ce rosyjska propaganda<\/a> zrobi wszystko, by wp\u0142yn\u0105\u0107 na mi\u0119dzynarodowych partner\u00f3w Ukrainy i przebieg negocjacji pokojowych. <\/p>\n<p class=\"typography__paragraph my-5 font-serif font-normal text-xl leading-8 text-gray-900 dark:text-gray-50 print:dark:text-black break-words\">Atak skomentowa\u0142 przyjaciel W\u0142adimira Putina, by\u0142y ukrai\u0144ski deputowany Wiktor Medwedczuk. Jego zdaniem otoczenie bliskie Wo\u0142odymyrowi Ze\u0142enskiemu rzekomo \u201euzurpowa\u0142o sobie w\u0142adz\u0119 w Ukrainie\u201d i dopuszcza si\u0119 &#8222;akt\u00f3w terrorystycznych na terytorium Federacji Rosyjskiej\u201d. <\/p>\n<p class=\"typography__paragraph my-5 font-serif font-normal text-xl leading-8 text-gray-900 dark:text-gray-50 print:dark:text-black break-words\">Doda\u0142 r\u00f3wnie\u017c, \u017ce \u2013 wed\u0142ug niego \u2013 \u201etakie pa\u0144stwo nie ma prawa istnie\u0107\u201d i \u017ce \u201emusi zosta\u0107 zniszczone\u201d, twierdz\u0105c jednocze\u015bnie, \u017ce przysz\u0142o\u015b\u0107 Ukrainy powinien okre\u015bli\u0107 sam nar\u00f3d ukrai\u0144ski. <\/p>\n<p class=\"typography__paragraph my-5 font-serif font-normal text-xl leading-8 text-gray-900 dark:text-gray-50 print:dark:text-black break-words\">Cherso\u0144 jest jednym z czterech region\u00f3w Ukrainy, kt\u00f3re Rosja og\u0142osi\u0142a swoj\u0105 w\u0142asno\u015bci\u0105 w 2022 roku. Kij\u00f3w oraz wi\u0119kszo\u015b\u0107 pa\u0144stw Zachodu uzna\u0142y ten krok za nielegaln\u0105 aneksj\u0119. <\/p>\n<p class=\"typography__paragraph my-5 font-serif font-normal text-xl leading-8 text-gray-900 dark:text-gray-50 print:dark:text-black break-words\">Tymczasem w\u0142adze w Kijowie oskar\u017cy\u0142y Rosj\u0119 o przeprowadzenie zakrojonego na szerok\u0105 skal\u0119 ataku na ukrai\u0144sk\u0105 infrastruktur\u0119 energetyczn\u0105. <\/p>\n<p class=\"typography__paragraph my-5 font-serif font-normal text-xl leading-8 text-gray-900 dark:text-gray-50 print:dark:text-black break-words\">\u201eW Nowy Rok Rosja celowo eskaluje wojn\u0119. W nocy na Ukrain\u0119 wystrzelono ponad 200 dron\u00f3w szturmowych\u201d \u2013 napisa\u0142 na Telegramie Wo\u0142odymyr Ze\u0142enski. Jak doda\u0142, celem atak\u00f3w by\u0142a infrastruktura energetyczna w siedmiu regionach kraju. <\/p>\n<p class=\"typography__paragraph my-5 font-serif font-normal text-xl leading-8 text-gray-900 dark:text-gray-50 print:dark:text-black break-words\">Ze\u0142enski podkre\u015bli\u0142, \u017ce rosyjskie uderzenia w okresie \u015bwi\u0105tecznym pokazuj\u0105, i\u017c Ukraina nie mo\u017ce pozwoli\u0107 sobie na op\u00f3\u017anienia w dostawach system\u00f3w obrony powietrznej. <\/p>\n<p class=\"typography__paragraph my-5 font-serif font-normal text-xl leading-8 text-gray-900 dark:text-gray-50 print:dark:text-black break-words\">\u201eNasi sojusznicy wiedz\u0105, jakiego sprz\u0119tu nam brakuje. Oczekujemy, \u017ce wszystko, co uzgodnili\u015bmy ze Stanami Zjednoczonymi pod koniec grudnia w sprawie obrony, dotrze na czas\u201d \u2013 zaznaczy\u0142. <\/p>\n<p class=\"typography__paragraph my-5 font-serif font-normal text-xl leading-8 text-gray-900 dark:text-gray-50 print:dark:text-black break-words\">Wicepremier Ukrainy Oleksij Kuleba poinformowa\u0142 tak\u017ce o atakach na infrastruktur\u0119 kolejow\u0105 w trzech regionach kraju. <\/p>\n<p class=\"typography__paragraph my-5 font-serif font-normal text-xl leading-8 text-gray-900 dark:text-gray-50 print:dark:text-black break-words\">We wtorek Moskwa przekaza\u0142a, \u017ce \u200b\u200bUkraina przeprowadzi\u0142a atak dron\u00f3w dalekiego zasi\u0119gu na jedn\u0105 z rezydencji prezydenta W\u0142adimira Putina w p\u00f3\u0142nocno-zachodniej Rosji. Kij\u00f3w te oskar\u017cenia nazwa\u0142 \u201ek\u0142amstwem\u201d. <\/p>\n<p class=\"typography__paragraph my-5 font-serif font-normal text-xl leading-8 text-gray-900 dark:text-gray-50 print:dark:text-black break-words\">Rosyjskie ministerstwo obrony opublikowa\u0142o w \u015brod\u0119 nagranie przedstawiaj\u0105ce zestrzelonego drona, kt\u00f3ry wed\u0142ug Kremla bra\u0142 udzia\u0142 w ataku. <\/p>\n<p class=\"typography__paragraph my-5 font-serif font-normal text-xl leading-8 text-gray-900 dark:text-gray-50 print:dark:text-black break-words\">Jednak analitycy OSINT zwracaj\u0105 uwag\u0119, \u017ce dron wygl\u0105da na rosyjski model Gerbera, pomalowany na czarno. Zauwa\u017cono r\u00f3wnie\u017c, \u017ce posiada on akumulator oraz modu\u0142 modemu kom\u00f3rkowego od producenta znanego z dostarczania komponent\u00f3w zar\u00f3wno do rosyjskich dron\u00f3w uderzeniowych, jak i rozpoznawczych.<\/p>\n<p><img alt=\"\" src=\"data:image\/gif;base64,R0lGODlhAQABAIAAAAAAAP\/\/\/yH5BAEAAAAALAAAAAABAAEAAAIBRAA7\" decoding=\"async\" data-nimg=\"fill\" style=\"position:absolute;top:0;left:0;bottom:0;right:0;box-sizing:border-box;padding:0;border:none;margin:auto;display:block;width:0;height:0;min-width:100%;max-width:100%;min-height:100%;max-height:100%\"\/>Zrzut ekranu z portalu X wykonany 2 stycznia 2026 roku <\/p>\n<p class=\"typography__paragraph my-5 font-serif font-normal text-xl leading-8 text-gray-900 dark:text-gray-50 print:dark:text-black break-words\">Kij\u00f3w o\u015bwiadczy\u0142, \u017ce oskar\u017cenia o atak na rezydencj\u0119 Putina maj\u0105 utrudni\u0107 trwaj\u0105ce rozmowy pokojowe. Jak podkre\u015blaj\u0105 ukrai\u0144skie w\u0142adze, tempo tych negocjacji w ostatnich tygodniach wyra\u017anie przyspieszy\u0142o. <\/p>\n<p class=\"typography__paragraph my-5 font-serif font-normal text-xl leading-8 text-gray-900 dark:text-gray-50 print:dark:text-black break-words\">W noworocznym or\u0119dziu prezydent Wo\u0142odymyr Ze\u0142enski stwierdzi\u0142, \u017ce porozumienie pokojowe jest \u201egotowe w 90 procentach\u201d. Doda\u0142, \u017ce pozosta\u0142e 10 proc. obejmuj\u0105ce najtrudniejsze kwestie sporne, w tym sprawy terytorialne \u2013 \u201ezadecyduje o losie pokoju, losie Ukrainy i Europy oraz o tym, jak b\u0119d\u0105 \u017cy\u0107 ludzie\u201d. <\/p>\n<p class=\"typography__paragraph my-5 font-serif font-normal text-xl leading-8 text-gray-900 dark:text-gray-50 print:dark:text-black break-words\">G\u0142\u00f3wny ukrai\u0144ski negocjator, Rustem Umerow, powiedzia\u0142, \u017ce europejscy i ukrai\u0144scy urz\u0119dnicy planuj\u0105 kolejne spotkanie w sobot\u0119. Z kolei w przysz\u0142ym tygodniu prezydent Ze\u0142enski ma odby\u0107 rozmowy z europejskimi przyw\u00f3dcami. <\/p>\n","protected":false},"excerpt":{"rendered":"Prawa autorskie: In this pool photograph distributed by the Russian state agency Sputnik, Russia&#8217;s President Vladimir Putin chairs&hellip;\n","protected":false},"author":2,"featured_media":183797,"comment_status":"","ping_status":"","sticky":false,"template":"","format":"standard","meta":{"footnotes":""},"categories":[14],"tags":[32,33,27,34,35,28,31,25,40,41,80,29,30,26,82,83,84],"class_list":{"0":"post-183796","1":"post","2":"type-post","3":"status-publish","4":"format-standard","5":"has-post-thumbnail","7":"category-swiat","8":"tag-breaking-news","9":"tag-breakingnews","10":"tag-headlines","11":"tag-latest-news","12":"tag-latestnews","13":"tag-naglowki","14":"tag-najwazniejsze-artykuly","15":"tag-news","16":"tag-polish","17":"tag-polski","18":"tag-swiat","19":"tag-top-stories","20":"tag-topstories","21":"tag-wiadomosci","22":"tag-world","23":"tag-world-news","24":"tag-worldnews"},"share_on_mastodon":{"url":"https:\/\/pubeurope.com\/@pl\/115826586232685629","error":""},"_links":{"self":[{"href":"https:\/\/www.europesays.com\/pl\/wp-json\/wp\/v2\/posts\/183796","targetHints":{"allow":["GET"]}}],"collection":[{"href":"https:\/\/www.europesays.com\/pl\/wp-json\/wp\/v2\/posts"}],"about":[{"href":"https:\/\/www.europesays.com\/pl\/wp-json\/wp\/v2\/types\/post"}],"author":[{"embeddable":true,"href":"https:\/\/www.europesays.com\/pl\/wp-json\/wp\/v2\/users\/2"}],"replies":[{"embeddable":true,"href":"https:\/\/www.europesays.com\/pl\/wp-json\/wp\/v2\/comments?post=183796"}],"version-history":[{"count":0,"href":"https:\/\/www.europesays.com\/pl\/wp-json\/wp\/v2\/posts\/183796\/revisions"}],"wp:featuredmedia":[{"embeddable":true,"href":"https:\/\/www.europesays.com\/pl\/wp-json\/wp\/v2\/media\/183797"}],"wp:attachment":[{"href":"https:\/\/www.europesays.com\/pl\/wp-json\/wp\/v2\/media?parent=183796"}],"wp:term":[{"taxonomy":"category","embeddable":true,"href":"https:\/\/www.europesays.com\/pl\/wp-json\/wp\/v2\/categories?post=183796"},{"taxonomy":"post_tag","embeddable":true,"href":"https:\/\/www.europesays.com\/pl\/wp-json\/wp\/v2\/tags?post=183796"}],"curies":[{"name":"wp","href":"https:\/\/api.w.org\/{rel}","templated":true}]}}